{"id":235848,"date":"2025-07-08T19:19:10","date_gmt":"2025-07-08T19:19:10","guid":{"rendered":"https:\/\/www.europesays.com\/fr\/235848\/"},"modified":"2025-07-08T19:19:10","modified_gmt":"2025-07-08T19:19:10","slug":"rugby-top-14-pourquoi-la-section-paloise-reprend-des-ce-mercredi","status":"publish","type":"post","link":"https:\/\/www.europesays.com\/fr\/235848\/","title":{"rendered":"Rugby &#8211; Top 14\u00a0: pourquoi la Section Paloise reprend d\u00e8s ce mercredi"},"content":{"rendered":"<p>D\u00e8s ce lundi 7\u00a0juillet, une partie du staff effectuait sa rentr\u00e9e dans le complexe d\u2019Ousse-des-Bois. Soit un mois tout&#8230;<\/p>\n<p>D\u00e8s ce lundi 7\u00a0juillet, une partie du staff effectuait sa rentr\u00e9e dans le complexe d\u2019Ousse-des-Bois. Soit un mois tout pile apr\u00e8s l\u2019ultime succ\u00e8s obtenu en championnat, avec une 8e place accroch\u00e9e gr\u00e2ce \u00e0 une s\u00e9rie finale de quatre victoires d\u2019affil\u00e9e. \u00abBien terminer comme \u00e7a, c\u2019est un boost d\u2019\u00e9nergie certain. On a red\u00e9marr\u00e9 t\u00f4t car je voulais qu\u2019on capitalise dessus. Il me tarde\u00bb, confiait S\u00e9bastien Piqueronies courant juin.<\/p>\n<p>    La r\u00e9daction vous conseille<\/p>\n<p>Une vraie coupure en ao\u00fbt<\/p>\n<p>Un vrai changement de philosophie pour le manager de la Section, qui privil\u00e9giait plut\u00f4t jusqu\u2019ici de longues plages de repos estivales afin de permettre \u00e0 ses hommes de se r\u00e9g\u00e9n\u00e9rer. L\u2019\u00e9t\u00e9 dernier, ils avaient eu droit \u00e0 5 semaines et demie de coupure, avec trois jours de d\u00e9briefing \u00e0 l\u2019issue de la derni\u00e8re journ\u00e9e. Cette fois, tout le monde est parti en vacances au soir de la 26e journ\u00e9e. Et les bilans seront tir\u00e9s ces prochains jours, avant d\u2019\u00e9tablir des perspectives.<\/p>\n<p>Avec une obsession en t\u00eate\u00a0: pr\u00e9server l\u2019\u00e9nergie des joueurs comme on prot\u00e8ge un tr\u00e9sor. \u00ab\u00a0On va commencer le job afin de cr\u00e9er les conditions pour en perdre le moins possible durant la saison \u00e0 venir\u00a0\u00bb, assure Piqueronies, traumatis\u00e9 comme le staff palois par la litanie de blessures subies ces derniers mois. \u00ab\u00a0En reprenant avant les autres, on souhaite optimiser individuellement chaque joueur. Puis couper la pr\u00e9paration avec une semaine de repos en ao\u00fbt apr\u00e8s un petit mois de travail, afin de mieux \u00e9taler la charge de l\u2019intersaison\u00a0\u00bb.<\/p>\n<p>Si les retours tardifs \u00e0 l\u2019entra\u00eenement en \u00e9t\u00e9 \u00e9taient soumis \u00e0 un contrat de confiance qui engageait les Palois \u00e0 rechausser les crampons en bonne forme apr\u00e8s avoir suivi un programme individualis\u00e9, les semaines suivantes \u00e9taient n\u00e9cessairement men\u00e9es \u00e0 marche forc\u00e9e, entre petits r\u00e9ajustements physiques et obligation d\u2019ingurgiter beaucoup d\u2019informations en peu de temps. \u00ab\u00a0Il y a la charge physique mais aussi mentale, d\u00e9taille le manager vert et blanc. L\u00e0, je veux qu\u2019on travaille fonci\u00e8rement, en quantit\u00e9, pour bien d\u00e9velopper les mecs. Et ensuite les reposer pour \u00eatre bien pr\u00e9cis sur les matchs amicaux (pr\u00e9vus les 22 et 28\u00a0ao\u00fbt, NDLR)\u00a0\u00bb.<\/p>\n<p>    La r\u00e9daction vous conseille<\/p>\n<p>52 joueurs plut\u00f4t que 48<\/p>\n<p>Autre nouveaut\u00e9 de l\u2019intersaison, 52 \u00e9l\u00e9ments plut\u00f4t que 48 seront int\u00e9gr\u00e9s au groupe pro en juillet-ao\u00fbt. \u00ab\u00a0Cette jauge \u00e9largie nous permettra d\u2019effectuer plus de rotations, de mieux g\u00e9rer les \u00e9tats de fatigue, de forme, de mettre certains joueurs au repos si besoin, explique le Cantalou. On a souffert d\u2019avoir trop peu de marges de man\u0153uvre \u00e0 ce niveau-l\u00e0. Je veux plus de joueurs sur la ligne de d\u00e9part, plus de challenge de mes jeunes d\u2019\u00e9lite du centre de formation\u00a0\u00bb.<\/p>\n<p>Une augmentation de la quantit\u00e9 sans alt\u00e9rer la qualit\u00e9, au contraire. \u00ab\u00a0On travaille d\u2019arrache-pied sur la rel\u00e8ve depuis trois ans donc les fondations sont solides. J\u2019esp\u00e8re emmener plus d\u2019\u00e9mulation dans l\u2019effectif, avoir un niveau d\u2019entra\u00eenement sup\u00e9rieur, juge S\u00e9bastien Piqueronies. Ce bain concurrentiel \u00e9lev\u00e9 sera b\u00e9n\u00e9fique si on trouve le moyen de ne pas avoir 20 bless\u00e9s\u2026\u00a0\u00bb Apr\u00e8s l\u2019embauche d\u2019un jardinier (Hugo Vinay-Thomas), la Section Paloise a refait le terrain du centre Macron.<\/p>\n<p>Un \u00e9l\u00e9ment de plus pour s\u2019\u00e9viter des m\u00e9saventures et des s\u00e9jours trop r\u00e9guliers \u00e0 l\u2019infirmerie. \u00ab\u00a0On a essay\u00e9 de jouer sur tous les param\u00e8tres. On aura une gestion des plannings et de l\u2019organisation encore plus millim\u00e9tr\u00e9s pour faire la meilleure intersaison possible, insiste le manager palois. Parce qu\u2019on a besoin d\u2019attaquer la premi\u00e8re journ\u00e9e avec beaucoup d\u2019\u00e9nergie\u00a0\u00bb. La Section Paloise a quasiment deux mois pour atteindre ce premier objectif.<\/p>\n<p>    Une reprise en douceur et en petits groupes<br \/>\nCe mercredi, ce sera reprise en douceur pour les Palois. Ils se plieront \u00e0 des tests physiques et avec les kin\u00e9s, puis auront des rendez-vous et des r\u00e9unions, avant de r\u00e9enclencher la machine par petits groupes. Le premier temps collectif attendra samedi, avec l\u2019organisation de \u00ab\u00a0Fitness Games\u00a0\u00bb. \u00c0 partir de lundi prochain, les entra\u00eenements reprendront une forme plus classique. Apr\u00e8s la Section, Montauban et La\u00a0Rochelle seront les deux clubs qui reprendront le plus vite, ce lundi 14\u00a0juillet.<\/p>\n<p>    Deux matches amicaux au menu<br \/>\nAfin de conclure sa pr\u00e9paration estivale avant la 1re journ\u00e9e de Top 14 pr\u00e9vue les 6 et 7\u00a0septembre, la Section Paloise effectuera deux matchs amicaux. Le premier contre Montpellier le vendredi 22\u00a0ao\u00fbt \u00e0 Auch, le second face \u00e0 La\u00a0Rochelle le jeudi 28\u00a0ao\u00fbt (19h), au stade Andr\u00e9 et Guy Boniface de Mont-de-Marsan.<\/p>\n","protected":false},"excerpt":{"rendered":"D\u00e8s ce lundi 7\u00a0juillet, une partie du staff effectuait sa rentr\u00e9e dans le complexe d\u2019Ousse-des-Bois. Soit un mois&hellip;\n","protected":false},"author":2,"featured_media":235849,"comment_status":"","ping_status":"","sticky":false,"template":"","format":"standard","meta":{"footnotes":""},"categories":[1416],"tags":[1011,27,479,1468,60],"class_list":{"0":"post-235848","1":"post","2":"type-post","3":"status-publish","4":"format-standard","5":"has-post-thumbnail","7":"category-rugby","8":"tag-fr","9":"tag-france","10":"tag-rugby","11":"tag-rugby-football","12":"tag-sports"},"share_on_mastodon":{"url":"https:\/\/pubeurope.com\/@fr\/114819233624607623","error":""},"_links":{"self":[{"href":"https:\/\/www.europesays.com\/fr\/wp-json\/wp\/v2\/posts\/235848","targetHints":{"allow":["GET"]}}],"collection":[{"href":"https:\/\/www.europesays.com\/fr\/wp-json\/wp\/v2\/posts"}],"about":[{"href":"https:\/\/www.europesays.com\/fr\/wp-json\/wp\/v2\/types\/post"}],"author":[{"embeddable":true,"href":"https:\/\/www.europesays.com\/fr\/wp-json\/wp\/v2\/users\/2"}],"replies":[{"embeddable":true,"href":"https:\/\/www.europesays.com\/fr\/wp-json\/wp\/v2\/comments?post=235848"}],"version-history":[{"count":0,"href":"https:\/\/www.europesays.com\/fr\/wp-json\/wp\/v2\/posts\/235848\/revisions"}],"wp:featuredmedia":[{"embeddable":true,"href":"https:\/\/www.europesays.com\/fr\/wp-json\/wp\/v2\/media\/235849"}],"wp:attachment":[{"href":"https:\/\/www.europesays.com\/fr\/wp-json\/wp\/v2\/media?parent=235848"}],"wp:term":[{"taxonomy":"category","embeddable":true,"href":"https:\/\/www.europesays.com\/fr\/wp-json\/wp\/v2\/categories?post=235848"},{"taxonomy":"post_tag","embeddable":true,"href":"https:\/\/www.europesays.com\/fr\/wp-json\/wp\/v2\/tags?post=235848"}],"curies":[{"name":"wp","href":"https:\/\/api.w.org\/{rel}","templated":true}]}}