{"id":235850,"date":"2025-07-08T19:20:15","date_gmt":"2025-07-08T19:20:15","guid":{"rendered":"https:\/\/www.europesays.com\/fr\/235850\/"},"modified":"2025-07-08T19:20:15","modified_gmt":"2025-07-08T19:20:15","slug":"amanda-anisimova-vient-a-bout-danastasia-pavlyuchenkova-et-rejoint-aryna-sabalenka-en-demi-finales-lequipe","status":"publish","type":"post","link":"https:\/\/www.europesays.com\/fr\/235850\/","title":{"rendered":"Amanda Anisimova vient \u00e0 bout d&#039;Anastasia Pavlyuchenkova et rejoint Aryna Sabalenka en demi-finales &#8211; L&#039;\u00c9quipe"},"content":{"rendered":"<ol>\n<li><a href=\"https:\/\/news.google.com\/rss\/articles\/CBMi4gFBVV95cUxPUXRUbWhfM1VfbUN3WDIzMXBreHUtYWdQRDBUbUR4S1UxTnRtTDFnam5QVXhlQ2tqVTFZSnF5NldXWHRxTW5kSXp1VkFfMzc2MDNDLXBXSjlzbmE1Y3Rmc1lnenFfcWozQlk5eUIySXZ4WjB2Y25kcmpjWWh2dGFZNml0eUYtbnVIV3U5MXFKT0JKUDlCbXFnWmtPb3VMNWtUalFWak51Mkk4R2VwSHhsUGlEXzBLdHRNTlVVTFd2d1dPdVFfYWUxZUxlSmsyVUI5SUZVYXg5X05fSGI4b0xzdHdR?oc=5\" target=\"_blank\" rel=\"nofollow noopener\">Amanda Anisimova vient \u00e0 bout d&rsquo;Anastasia Pavlyuchenkova et rejoint Aryna Sabalenka en demi-finales<\/a>&nbsp;&nbsp;L&rsquo;\u00c9quipe<\/li>\n<li><a href=\"https:\/\/news.google.com\/rss\/articles\/CBMi8wFBVV95cUxPTDNKaGFYZlNXMGtzSmhjMVhINGhnZEkzRG9pYTZQSVkzVHhTYkdoV1FTS3Y1TC02Wkd2YWQwX2RGR0lqWTRwc19hczFLb0l0N3EwdlR5dDIzekY4Mk8xZVhVQnZzZldTVllpQ3RjYWRzZUhBZUZCTmROTnQ5X1hWU1Y5SS1vcHRjQTg4OGlVNmJ2NmViRU5aU1VZR3RwWUlUZ0dkQ3U2b1ZKektfMVc5a1dKZTdwMThkVHY4c2dRU3puZG9HT3haeDY0bW5tYnJFSGNxNG1NTzNnMzBwMkVQR3VvQVZ6d0U2dXlrQUp1T3d3bXc?oc=5\" target=\"_blank\" rel=\"nofollow noopener\">Quand Amanda Anisimova c\u00e9l\u00e8bre sa qualification en demi-finales de Wimbledon avec Jaxon, son neveu de trois ans<\/a>&nbsp;&nbsp;L&rsquo;\u00c9quipe<\/li>\n<li><a href=\"https:\/\/news.google.com\/rss\/articles\/CBMikgJBVV95cUxQNmxSUkZXblk1UXhtb1YtVHdfMnNxZUVQSnNUYkl3eUtjZEdNaGJSVWRRYnJ3UU9vdG1idEIyX3pPd0M0dDFIMjdmSEoxQmR6c3Q5UC1HSklTaTNkdGRQcTZ4Z2ktd3BkZVVrX1hPVWh0T2dZaHV3eDIzN1pnMi00RTItRzFsYWlyMjNnN2J0clNiSUctc3BqanI5N2ZFNzlRMEhzOVg5TENNSUJvMDY2SW14LWZFVVdxdV9wQzZmS3lFUmZISnQxT00tMnBueDdRY1ctTV94REFUTy1SaDVkaDF0RHlMQXJZanU0SENIYTNMX3NDajNxd290aEQ4T2ZkSDJOSDZpTmg3T05jMlNOMXJR?oc=5\" target=\"_blank\" rel=\"nofollow noopener\">Wimbledon : Anisimova s\u2019offre sa premi\u00e8re demi-finale sur le gazon londonien apr\u00e8s sa victoire en deux sets face \u00e0 Pavlyuchenkova<\/a>&nbsp;&nbsp;Le Figaro<\/li>\n<li><a href=\"https:\/\/news.google.com\/rss\/articles\/CBMihgJBVV95cUxOUXdTMGlOenNOckF2YmpWQjRjSkdLN2g1TzY3ckMwMmQ0eGl1a3pnNnRaRVp3ZzF1NnhzYWxHNGVTNzNMWnlEc0dabkI0d21laFVVZGw1elh0U0hZUVZhTXpsbGpkQUo5VlBJYlA2Z3QxRG0xRjkxb2RfN0F0U3FNZk1iSHlGZncyZFpDM0o5bnRfck92eDJUMERqVU42bm9WYjhlSjlYWmVXb2NaOGp4MG1ESDU2VEhvbktRYXZJVzRPN3AweWZlaG1qeGhvdmlWdGw0cmttYzBuSEYyV3JjekNZZ1VsYTQ2N0JqMlVNeDlNVks4TTFiaURoVkJBczU2cUtMcWdB?oc=5\" target=\"_blank\" rel=\"nofollow noopener\">Wimbledon. Malgr\u00e9 une fin de match compliqu\u00e9e, Anisimova rejoint Sabalenka en demi-finale<\/a>&nbsp;&nbsp;Ouest-France<\/li>\n<li><a href=\"https:\/\/news.google.com\/rss\/articles\/CBMirgFBVV95cUxOLXdKSkItZ29ETEo2N3NoVEtmVFRwcVRvMllFUW1KVGlkVWhlS3VULUV4YlVVX1V2ck9Lb0FCN2p3b1ZfLW9TUXl2SEl2TmNJY3ZNUFVheE5QTEZjeXR3VzRqWF9vM2djaUR2WHM2b3czX0k2cVZkRFM2Mnd2bWwtZDhfZzRYTXRZTlhsdjNHeV9IdVdPb0dwTmhGcXNtR0NtS2NhMDFPVDZSNi1tbkE?oc=5\" target=\"_blank\" rel=\"nofollow noopener\">Wimbledon : quand des spectateurs d\u00e9bouchent le champagne et d\u00e9rangent les joueuses<\/a>&nbsp;&nbsp;Yahoo<\/li>\n<\/ol>\n","protected":false},"excerpt":{"rendered":"Amanda Anisimova vient \u00e0 bout d&rsquo;Anastasia Pavlyuchenkova et rejoint Aryna Sabalenka en demi-finales&nbsp;&nbsp;L&rsquo;\u00c9quipe Quand Amanda Anisimova c\u00e9l\u00e8bre sa&hellip;\n","protected":false},"author":2,"featured_media":235851,"comment_status":"","ping_status":"","sticky":false,"template":"","format":"standard","meta":{"footnotes":""},"categories":[1415],"tags":[1011,27,60,1467],"class_list":{"0":"post-235850","1":"post","2":"type-post","3":"status-publish","4":"format-standard","5":"has-post-thumbnail","7":"category-tennis","8":"tag-fr","9":"tag-france","10":"tag-sports","11":"tag-tennis"},"share_on_mastodon":{"url":"https:\/\/pubeurope.com\/@fr\/114819237616689749","error":""},"_links":{"self":[{"href":"https:\/\/www.europesays.com\/fr\/wp-json\/wp\/v2\/posts\/235850","targetHints":{"allow":["GET"]}}],"collection":[{"href":"https:\/\/www.europesays.com\/fr\/wp-json\/wp\/v2\/posts"}],"about":[{"href":"https:\/\/www.europesays.com\/fr\/wp-json\/wp\/v2\/types\/post"}],"author":[{"embeddable":true,"href":"https:\/\/www.europesays.com\/fr\/wp-json\/wp\/v2\/users\/2"}],"replies":[{"embeddable":true,"href":"https:\/\/www.europesays.com\/fr\/wp-json\/wp\/v2\/comments?post=235850"}],"version-history":[{"count":0,"href":"https:\/\/www.europesays.com\/fr\/wp-json\/wp\/v2\/posts\/235850\/revisions"}],"wp:featuredmedia":[{"embeddable":true,"href":"https:\/\/www.europesays.com\/fr\/wp-json\/wp\/v2\/media\/235851"}],"wp:attachment":[{"href":"https:\/\/www.europesays.com\/fr\/wp-json\/wp\/v2\/media?parent=235850"}],"wp:term":[{"taxonomy":"category","embeddable":true,"href":"https:\/\/www.europesays.com\/fr\/wp-json\/wp\/v2\/categories?post=235850"},{"taxonomy":"post_tag","embeddable":true,"href":"https:\/\/www.europesays.com\/fr\/wp-json\/wp\/v2\/tags?post=235850"}],"curies":[{"name":"wp","href":"https:\/\/api.w.org\/{rel}","templated":true}]}}