{"id":235856,"date":"2025-07-08T19:23:19","date_gmt":"2025-07-08T19:23:19","guid":{"rendered":"https:\/\/www.europesays.com\/fr\/235856\/"},"modified":"2025-07-08T19:23:19","modified_gmt":"2025-07-08T19:23:19","slug":"ferrari-prolonge-le-reserviste-antonio-giovinazzi","status":"publish","type":"post","link":"https:\/\/www.europesays.com\/fr\/235856\/","title":{"rendered":"Ferrari prolonge le r\u00e9serviste Antonio Giovinazzi"},"content":{"rendered":"<p>Troisi\u00e8me pilote en Formule 1 et leader du Championnat de WEC, Antonio Giovinazzi prolonge son aventure chez Ferrari. La dur\u00e9e du contrat n\u2019a pas \u00e9t\u00e9 pr\u00e9cis\u00e9e.<\/p>\n<p class=\"fig-paragraph\">R\u00e9serviste de Ferrari, Antonio Giovinazzi prolonge son contrat sur \u00abplusieurs saisons\u00bb, comme le rapporte l\u2019\u00e9curie italienne. \u00c0 31 ans, l\u2019Italien entame sa troisi\u00e8me saison dans le programme Hypercar avec la 499P n\u00b0 51 aux c\u00f4t\u00e9s d\u2019Alessandro Pier Guidi et James Calado. Le trio, actuellement en t\u00eate du Championnat, a marqu\u00e9 l\u2019histoire en remportant les 24 Heures du Mans 2023, pour le retour de Ferrari au sommet de l\u2019endurance. Il \u00e9volue en tant que troisi\u00e8me pilote en F1, derri\u00e8re Lewis Hamilton et Charles Leclerc.<\/p>\n<p class=\"fig-paragraph\">\u00abIl y a huit ans, j\u2019ai d\u00e9but\u00e9 mon aventure avec Ferrari, qui pour moi est bien plus qu\u2019une \u00e9quipe, c\u2019est une famille, savoure l\u2019int\u00e9ress\u00e9, dans une d\u00e9claration transmise par l\u2019\u00e9curie. Renouveler aujourd\u2019hui signifie poursuivre un d\u00e9fi qui me motive chaque jour, dans un environnement o\u00f9 l\u2019humain, le travail d\u2019\u00e9quipe et l\u2019ambition comptent. \u00catre pilote officiel en WEC et troisi\u00e8me pilote en Formule 1 est un engagement que je suis honor\u00e9 et enthousiaste de prendre. Je tiens \u00e0 remercier Ferrari pour sa confiance ind\u00e9fectible\u00a0: \u00e9voluer sous les couleurs de cette \u00e9quipe est vraiment sp\u00e9cial. Je suis impatient avant les prochains chapitres de cette histoire, que je vais aborder avec l\u2019engagement, la passion et la soif de r\u00e9sultats qui m\u2019ont toujours habit\u00e9\u00bb.<\/p>\n","protected":false},"excerpt":{"rendered":"Troisi\u00e8me pilote en Formule 1 et leader du Championnat de WEC, Antonio Giovinazzi prolonge son aventure chez Ferrari.&hellip;\n","protected":false},"author":2,"featured_media":235857,"comment_status":"","ping_status":"","sticky":false,"template":"","format":"standard","meta":{"footnotes":""},"categories":[1412],"tags":[1451,2251,1452,1453,1454,1455,1011,27,60],"class_list":{"0":"post-235856","1":"post","2":"type-post","3":"status-publish","4":"format-standard","5":"has-post-thumbnail","7":"category-f1","8":"tag-f1","9":"tag-ferrari","10":"tag-formula-1","11":"tag-formula1","12":"tag-formule-1","13":"tag-formule1","14":"tag-fr","15":"tag-france","16":"tag-sports"},"share_on_mastodon":{"url":"https:\/\/pubeurope.com\/@fr\/114819249509836796","error":""},"_links":{"self":[{"href":"https:\/\/www.europesays.com\/fr\/wp-json\/wp\/v2\/posts\/235856","targetHints":{"allow":["GET"]}}],"collection":[{"href":"https:\/\/www.europesays.com\/fr\/wp-json\/wp\/v2\/posts"}],"about":[{"href":"https:\/\/www.europesays.com\/fr\/wp-json\/wp\/v2\/types\/post"}],"author":[{"embeddable":true,"href":"https:\/\/www.europesays.com\/fr\/wp-json\/wp\/v2\/users\/2"}],"replies":[{"embeddable":true,"href":"https:\/\/www.europesays.com\/fr\/wp-json\/wp\/v2\/comments?post=235856"}],"version-history":[{"count":0,"href":"https:\/\/www.europesays.com\/fr\/wp-json\/wp\/v2\/posts\/235856\/revisions"}],"wp:featuredmedia":[{"embeddable":true,"href":"https:\/\/www.europesays.com\/fr\/wp-json\/wp\/v2\/media\/235857"}],"wp:attachment":[{"href":"https:\/\/www.europesays.com\/fr\/wp-json\/wp\/v2\/media?parent=235856"}],"wp:term":[{"taxonomy":"category","embeddable":true,"href":"https:\/\/www.europesays.com\/fr\/wp-json\/wp\/v2\/categories?post=235856"},{"taxonomy":"post_tag","embeddable":true,"href":"https:\/\/www.europesays.com\/fr\/wp-json\/wp\/v2\/tags?post=235856"}],"curies":[{"name":"wp","href":"https:\/\/api.w.org\/{rel}","templated":true}]}}