{"id":235858,"date":"2025-07-08T19:24:11","date_gmt":"2025-07-08T19:24:11","guid":{"rendered":"https:\/\/www.europesays.com\/fr\/235858\/"},"modified":"2025-07-08T19:24:11","modified_gmt":"2025-07-08T19:24:11","slug":"tdf-tour-de-france-jonas-vingegaard-un-de-mes-meilleurs-efforts-dune-minute","status":"publish","type":"post","link":"https:\/\/www.europesays.com\/fr\/235858\/","title":{"rendered":"TDF. Tour de France &#8211; Jonas Vingegaard : \u00abUn de mes meilleurs efforts d\u2019une minute\u00bb"},"content":{"rendered":"<p><strong>Jonas Vingegaard <\/strong>ne va pas s&rsquo;avouer vaincu sur ce <a href=\"https:\/\/www.cyclismactu.net\/..\/news-tdf-route-tour-de-france-tadej-pogacar-4e-etape-sa-100e-van-der-poel-sauve-jaune-88796.html\" target=\"_blank\" rel=\"nofollow noopener\"><strong>Tour de France<\/strong><\/a> ! En effet, malgr\u00e9 une 4e \u00e9tape qui ne lui correspondait sur le papier pas aussi bien qu&rsquo;\u00e0 son rival<strong> Tadej Pogacar <\/strong>(UAE Team Emirates XRG), le Danois de la <strong>Visma | Lease a Bike<\/strong> a r\u00e9ussi \u00e0 s&rsquo;accrocher. Lorsque le Champion du Monde est pass\u00e9 \u00e0 l&rsquo;offensive dans la derni\u00e8re ascension du jour, <strong>Vingegaard <\/strong>est le seul qui est parvenu \u00e0 s&rsquo;accrocher. S&rsquo;il a \u00e0 un moment perdu quelques m\u00e8tres, il a r\u00e9ussi \u00e0 revenir au mental. Au sprint, le double vainqueur de la Grande Boucle a du s&rsquo;incliner face \u00e0 <strong>Pogacar <\/strong>et <strong>Mathieu van der Poel<\/strong> (Alpecin-Deceuninck), mais a d\u00e9croch\u00e9 une nouvelle 3e place&#8230; avec les 4 secondes de bonifications qui vont avec. A la veille du contre-la-montre de la 5e \u00e9tape, <strong>Vingegaard <\/strong>se retrouve donc \u00e0 8 petites secondes de son grand rival au classement g\u00e9n\u00e9ral, mais loin devant tous ses autres concurrents.<\/p>\n<p>Vid\u00e9o &#8211; Jonas Vingegaard \u00e0 l&rsquo;arriv\u00e9e de cette 4e \u00e9tape Lire la suite de l&rsquo;article&#13;<\/p>\n<p>\u00a0<\/p>\n<p>&#13;<br \/>\n\u00ab\u00a0Nous sommes satisfaits de la fa\u00e7on dont les choses se passent\u00a0\u00bb&#13;<\/p>\n<p>\u00ab\u00a0Je me suis senti vraiment fort aujourd\u2019hui. Je suis tr\u00e8s heureux d\u2019avoir pu rester avec lui dans la mont\u00e9e. Nous sommes satisfaits de la fa\u00e7on dont les choses se passent\u00a0\u00bb, a d\u00e9clar\u00e9 <strong>Vingegaard <\/strong>\u00e0 l&rsquo;arriv\u00e9e.\u00a0\u00ab\u00a0Je pense que j\u2019ai r\u00e9alis\u00e9 l\u2019un des meilleurs efforts d\u2019une minute de toute ma carri\u00e8re, donc je suis vraiment content de ma performance. Cela montre une fois de plus que je suis devenu plus explosif\u00a0\u00bb, explique-t-il.\u00a0\u00ab\u00a0Tadej roule incroyablement bien. Il avait l\u2019air vraiment fort et il a m\u00e9rit\u00e9 la victoire d\u2019\u00e9tape aujourd\u2019hui. C\u2019est UAE qui a pris les commandes. Tu peux avoir tes propres plans, mais quand ils attaquent comme \u00e7a, tout ce que tu peux vraiment faire, c\u2019est essayer de suivre.\u00a0\u00bb<\/p>\n<p>&#13;<\/p>\n<p>D\u00e9sormais, le Danois se proj\u00e8te vers le contre-la-montre de ce mercredi. \u00ab\u00a0Ce n\u2019est \u00e9videmment pas le contre-la-montre le plus favorable pour moi. Je pense qu\u2019il convient mieux \u00e0 Remco et peut-\u00eatre aussi \u00e0 Pogacar. Mais bien s\u00fbr, je vais tout donner. J\u2019ai r\u00e9alis\u00e9 de bons chronos cette ann\u00e9e, donc j\u2019esp\u00e8re pouvoir sortir une autre grosse performance demain.\u00a0\u00bb<\/p>\n<p>Tour de France &#8211; Classement de la 4\u00e8 \u00e9tape Tour de France &#8211; Classement g\u00e9n\u00e9ral provisoire apr\u00e8s la 4\u00e8 \u00e9tape<\/p>\n","protected":false},"excerpt":{"rendered":"Jonas Vingegaard ne va pas s&rsquo;avouer vaincu sur ce Tour de France ! En effet, malgr\u00e9 une 4e&hellip;\n","protected":false},"author":2,"featured_media":235859,"comment_status":"","ping_status":"","sticky":false,"template":"","format":"standard","meta":{"footnotes":""},"categories":[1411],"tags":[1154,207,211,1011,27,209,60,210,212,208,213],"class_list":{"0":"post-235858","1":"post","2":"type-post","3":"status-publish","4":"format-standard","5":"has-post-thumbnail","7":"category-cyclisme","8":"tag-cycling","9":"tag-cyclisme","10":"tag-ffc","11":"tag-fr","12":"tag-france","13":"tag-route","14":"tag-sports","15":"tag-tour-de-france","16":"tag-uci","17":"tag-velo","18":"tag-world-tour"},"share_on_mastodon":{"url":"https:\/\/pubeurope.com\/@fr\/114819253123534452","error":""},"_links":{"self":[{"href":"https:\/\/www.europesays.com\/fr\/wp-json\/wp\/v2\/posts\/235858","targetHints":{"allow":["GET"]}}],"collection":[{"href":"https:\/\/www.europesays.com\/fr\/wp-json\/wp\/v2\/posts"}],"about":[{"href":"https:\/\/www.europesays.com\/fr\/wp-json\/wp\/v2\/types\/post"}],"author":[{"embeddable":true,"href":"https:\/\/www.europesays.com\/fr\/wp-json\/wp\/v2\/users\/2"}],"replies":[{"embeddable":true,"href":"https:\/\/www.europesays.com\/fr\/wp-json\/wp\/v2\/comments?post=235858"}],"version-history":[{"count":0,"href":"https:\/\/www.europesays.com\/fr\/wp-json\/wp\/v2\/posts\/235858\/revisions"}],"wp:featuredmedia":[{"embeddable":true,"href":"https:\/\/www.europesays.com\/fr\/wp-json\/wp\/v2\/media\/235859"}],"wp:attachment":[{"href":"https:\/\/www.europesays.com\/fr\/wp-json\/wp\/v2\/media?parent=235858"}],"wp:term":[{"taxonomy":"category","embeddable":true,"href":"https:\/\/www.europesays.com\/fr\/wp-json\/wp\/v2\/categories?post=235858"},{"taxonomy":"post_tag","embeddable":true,"href":"https:\/\/www.europesays.com\/fr\/wp-json\/wp\/v2\/tags?post=235858"}],"curies":[{"name":"wp","href":"https:\/\/api.w.org\/{rel}","templated":true}]}}