{"id":235864,"date":"2025-07-08T19:27:11","date_gmt":"2025-07-08T19:27:11","guid":{"rendered":"https:\/\/www.europesays.com\/fr\/235864\/"},"modified":"2025-07-08T19:27:11","modified_gmt":"2025-07-08T19:27:11","slug":"voici-les-finalistes-de-lastronomy-photographer-of-the-year","status":"publish","type":"post","link":"https:\/\/www.europesays.com\/fr\/235864\/","title":{"rendered":"voici les finalistes de l\u2019Astronomy Photographer of the Year"},"content":{"rendered":"<p>Chaque ann\u00e9e, le concours ZWO Astronomy Photographer of the Year, organis\u00e9 par le Royal Observatory de Greenwich, r\u00e9v\u00e8le les plus beaux clich\u00e9s c\u00e9lestes pris \u00e0 travers le monde. Pour cette 17e \u00e9dition, les organisateurs ont d\u00e9voil\u00e9 une s\u00e9lection exceptionnelle d\u2019images finalistes, issues de 12 cat\u00e9gories allant des aurores bor\u00e9ales aux galaxies lointaines, en passant par la Lune, le Soleil, <a href=\"https:\/\/www.parismatch.com\/Actu\/International\/La-beaute-nebuleuse-de-l-univers-597562\" rel=\"nofollow noopener\" target=\"_blank\">les n\u00e9buleuses<\/a> et les paysages \u00e9toil\u00e9s.<\/p>\n<p>Des photographes venus de Chine, des \u00c9tats-Unis, de France, du Chili, d\u2019Inde, de Namibie ou encore d\u2019Australie ont capt\u00e9 des instants astronomiques rares ou spectaculaires\u00a0: une com\u00e8te traversant le ciel de Waikiki, la <a href=\"https:\/\/www.parismatch.com\/Actu\/Sciences\/La-Nasa-vous-emmene-a-bord-de-la-Station-spatiale-internationale-1108346\" rel=\"nofollow noopener\" target=\"_blank\">Station spatiale internationale<\/a> passant devant le Soleil en une fraction de seconde, la Lune \u00e9clipsant Saturne ou encore une gigantesque \u00e9ruption solaire de 500\u00a0000\u00a0kilom\u00e8tres. Certaines images sont le fruit de mois de pr\u00e9paration, d\u2019autres n\u00e9cessitent des centaines d\u2019heures d\u2019exposition, voire des nuits enti\u00e8res pass\u00e9es dans des r\u00e9gions recul\u00e9es.<\/p>\n<p>    La suite apr\u00e8s cette publicit\u00e9<\/p>\n<p>Une exposition \u00e0 Londres<\/p>\n<p>Tous ces clich\u00e9s seront expos\u00e9s \u00e0 partir de septembre\u00a02025 au Royal Observatory de Greenwich. L\u2019exposition propose une immersion dans la beaut\u00e9 de l\u2019Univers, tout en soulignant l\u2019expertise technique et la sensibilit\u00e9 artistique de leurs auteurs. Ce rendez-vous annuel s\u2019impose comme une r\u00e9f\u00e9rence mondiale dans le domaine de la photographie astronomique.<\/p>\n","protected":false},"excerpt":{"rendered":"Chaque ann\u00e9e, le concours ZWO Astronomy Photographer of the Year, organis\u00e9 par le Royal Observatory de Greenwich, r\u00e9v\u00e8le&hellip;\n","protected":false},"author":2,"featured_media":235865,"comment_status":"","ping_status":"","sticky":false,"template":"","format":"standard","meta":{"footnotes":""},"categories":[1358],"tags":[1348,1384,1385,1386,58,59,1011,27],"class_list":{"0":"post-235864","1":"post","2":"type-post","3":"status-publish","4":"format-standard","5":"has-post-thumbnail","7":"category-arts-et-design","8":"tag-arts","9":"tag-arts-and-design","10":"tag-arts-et-design","11":"tag-design","12":"tag-divertissement","13":"tag-entertainment","14":"tag-fr","15":"tag-france"},"share_on_mastodon":{"url":"https:\/\/pubeurope.com\/@fr\/114819265104681306","error":""},"_links":{"self":[{"href":"https:\/\/www.europesays.com\/fr\/wp-json\/wp\/v2\/posts\/235864","targetHints":{"allow":["GET"]}}],"collection":[{"href":"https:\/\/www.europesays.com\/fr\/wp-json\/wp\/v2\/posts"}],"about":[{"href":"https:\/\/www.europesays.com\/fr\/wp-json\/wp\/v2\/types\/post"}],"author":[{"embeddable":true,"href":"https:\/\/www.europesays.com\/fr\/wp-json\/wp\/v2\/users\/2"}],"replies":[{"embeddable":true,"href":"https:\/\/www.europesays.com\/fr\/wp-json\/wp\/v2\/comments?post=235864"}],"version-history":[{"count":0,"href":"https:\/\/www.europesays.com\/fr\/wp-json\/wp\/v2\/posts\/235864\/revisions"}],"wp:featuredmedia":[{"embeddable":true,"href":"https:\/\/www.europesays.com\/fr\/wp-json\/wp\/v2\/media\/235865"}],"wp:attachment":[{"href":"https:\/\/www.europesays.com\/fr\/wp-json\/wp\/v2\/media?parent=235864"}],"wp:term":[{"taxonomy":"category","embeddable":true,"href":"https:\/\/www.europesays.com\/fr\/wp-json\/wp\/v2\/categories?post=235864"},{"taxonomy":"post_tag","embeddable":true,"href":"https:\/\/www.europesays.com\/fr\/wp-json\/wp\/v2\/tags?post=235864"}],"curies":[{"name":"wp","href":"https:\/\/api.w.org\/{rel}","templated":true}]}}