{"id":235866,"date":"2025-07-08T19:28:22","date_gmt":"2025-07-08T19:28:22","guid":{"rendered":"https:\/\/www.europesays.com\/fr\/235866\/"},"modified":"2025-07-08T19:28:22","modified_gmt":"2025-07-08T19:28:22","slug":"mornas-des-livres-pour-les-grands-de-la-maternelle","status":"publish","type":"post","link":"https:\/\/www.europesays.com\/fr\/235866\/","title":{"rendered":"Mornas. Des livres pour les grands de la maternelle"},"content":{"rendered":"<p>C\u2019est autour de la directrice de la maternelle, Caroline Magni, de C\u00e9line Miquel, ainsi que Nathan Leclere, professeur des \u00e9coles que les enfants de la grande section de maternelle ont re\u00e7u mardi 1er \u00a0juillet, de la mairie, un joli livre. \u00ab\u00a0Ce jour, il y a un peu moins de pr\u00e9sents, canicule oblige, certains parents ayant gard\u00e9 leurs enfants \u00e0 la maison\u00a0\u00bb, a t\u00e9moign\u00e9 Nathan Leclere. Un moment \u00e9mouvant ces enfants feuilleter le livre re\u00e7u.<\/p>\n","protected":false},"excerpt":{"rendered":"C\u2019est autour de la directrice de la maternelle, Caroline Magni, de C\u00e9line Miquel, ainsi que Nathan Leclere, professeur&hellip;\n","protected":false},"author":2,"featured_media":235867,"comment_status":"","ping_status":"","sticky":false,"template":"","format":"standard","meta":{"footnotes":""},"categories":[1357],"tags":[1379,58,3859,1057,59,1011,27,1380,10425,33857,33858],"class_list":{"0":"post-235866","1":"post","2":"type-post","3":"status-publish","4":"format-standard","5":"has-post-thumbnail","7":"category-livres","8":"tag-books","9":"tag-divertissement","10":"tag-edition-provencale","11":"tag-education","12":"tag-entertainment","13":"tag-fr","14":"tag-france","15":"tag-livres","16":"tag-maternelle-elementaire","17":"tag-mornas","18":"tag-pays-dorange"},"share_on_mastodon":{"url":"https:\/\/pubeurope.com\/@fr\/114819268823763464","error":""},"_links":{"self":[{"href":"https:\/\/www.europesays.com\/fr\/wp-json\/wp\/v2\/posts\/235866","targetHints":{"allow":["GET"]}}],"collection":[{"href":"https:\/\/www.europesays.com\/fr\/wp-json\/wp\/v2\/posts"}],"about":[{"href":"https:\/\/www.europesays.com\/fr\/wp-json\/wp\/v2\/types\/post"}],"author":[{"embeddable":true,"href":"https:\/\/www.europesays.com\/fr\/wp-json\/wp\/v2\/users\/2"}],"replies":[{"embeddable":true,"href":"https:\/\/www.europesays.com\/fr\/wp-json\/wp\/v2\/comments?post=235866"}],"version-history":[{"count":0,"href":"https:\/\/www.europesays.com\/fr\/wp-json\/wp\/v2\/posts\/235866\/revisions"}],"wp:featuredmedia":[{"embeddable":true,"href":"https:\/\/www.europesays.com\/fr\/wp-json\/wp\/v2\/media\/235867"}],"wp:attachment":[{"href":"https:\/\/www.europesays.com\/fr\/wp-json\/wp\/v2\/media?parent=235866"}],"wp:term":[{"taxonomy":"category","embeddable":true,"href":"https:\/\/www.europesays.com\/fr\/wp-json\/wp\/v2\/categories?post=235866"},{"taxonomy":"post_tag","embeddable":true,"href":"https:\/\/www.europesays.com\/fr\/wp-json\/wp\/v2\/tags?post=235866"}],"curies":[{"name":"wp","href":"https:\/\/api.w.org\/{rel}","templated":true}]}}