{"id":235868,"date":"2025-07-08T19:29:55","date_gmt":"2025-07-08T19:29:55","guid":{"rendered":"https:\/\/www.europesays.com\/fr\/235868\/"},"modified":"2025-07-08T19:29:55","modified_gmt":"2025-07-08T19:29:55","slug":"elle-tire-la-gueule-tous-les-jours","status":"publish","type":"post","link":"https:\/\/www.europesays.com\/fr\/235868\/","title":{"rendered":"Elle tire la gueule tous les jours"},"content":{"rendered":"<p>Dans le live de Secret Story diffus\u00e9 ce mardi 8 juillet sur TF1+, Adrien a annonc\u00e9 sa rupture avec Pimprenelle. Une s\u00e9paration dont il a d\u00e9voil\u00e9 les raisons.<\/p>\n<p>Si pour certains la chasse aux secrets passe avant tout dans Secret Story, Pimprenelle et Adrien ont pr\u00e9f\u00e9r\u00e9 faire passer leurs sentiments avant le jeu. D\u00e8s leur entr\u00e9e dans la Maison des Secrets, <a href=\"https:\/\/www.programme-tv.net\/news\/tele-realite\/381132-le-crush-physique-est-mutuel-pimprenelle-secret-story-2025-craque-pour-adrien-gros-rapprochement-entre-les-deux-habitants-de-la-maison\/\" data-api-deeplink=\"teleloisirs:\/\/news\/381132\" rel=\"nofollow noopener\" target=\"_blank\">les deux candidats ont eu un v\u00e9ritable coup de foudre<\/a>. Tr\u00e8s proches, <a href=\"https:\/\/www.programme-tv.net\/news\/tele-realite\/382336-un-debut-d-idylle-plutot-agreable-pimprenelle-et-adrien-secret-story-echangent-leur-premier-baiser\/\" data-api-deeplink=\"teleloisirs:\/\/news\/382336\" rel=\"nofollow noopener\" target=\"_blank\">ils ont finalement officialis\u00e9 leur couple<\/a> et ont d\u00e9cid\u00e9 de poursuivre l&rsquo;aventure \u00e0 deux. Mais ce mardi 8 juillet, <b>Pimprenelle et Adrien ont rompu ! <\/b>Un bouleversement qui risque d&rsquo;affaiblir le clan Carnax&#8230; Dans<a href=\"https:\/\/www.programme-tv.net\/news\/tele-realite\/379203-date-de-lancement-retour-des-primes-decouvrez-toutes-les-infos-sur-la-nouvelle-saison-de-secret-story-2025-sur-tf1-et-tfx\/\" data-api-deeplink=\"teleloisirs:\/\/news\/379203\" rel=\"nofollow noopener\" target=\"_blank\"> le live de Secret Story sur TF1+<\/a>, Adrien a d\u00e9voil\u00e9 les raisons de cette rupture inattendue.<\/p>\n<p>Adrien et Pimprenelle (Secret Story 2025) c&rsquo;est (d\u00e9j\u00e0) termin\u00e9 !<\/p>\n<p>Lors d&rsquo;une conversation \u00e0 l&rsquo;abri des regards avec Ethan et Mayer, Adrien s&rsquo;est confi\u00e9 sur sa s\u00e9paration avec Pimprenelle. \u00ab\u00a0\u00c7a s&rsquo;est estomp\u00e9 petit \u00e0 petit, c&rsquo;est tout.<b> Elle tire la gueule tous les jours, je m&#8217;embrouille avec elle le soir, je m&#8217;embrouille avec elle le matin.<\/b> Je suis dans Secret Story une fois dans ma vie, j&rsquo;ai fait trop des mauvais choix, j&rsquo;ai pens\u00e9 trop \u00e0 \u00e7a tout le temps, je suis pass\u00e9 \u00e0 c\u00f4t\u00e9 de plein de trucs\u00a0\u00bb, a-t-il confess\u00e9. \u00ab\u00a0<b>Au fond de moi, je ne suis pas amoureux d&rsquo;elle et je m&rsquo;en rends compte aujourd&rsquo;hui. <\/b>Je m&rsquo;en veux de ouf parce que je lui ai dit des dingueries que je n&rsquo;aurais jamais d\u00fb lui dire. J&rsquo;ai dit des trucs qu&rsquo;au moment o\u00f9 je lui ai dit, je le pensais. C&rsquo;est \u00e7a mon plus grand regret, d&rsquo;avoir trop ouvert ma bouche\u00a0\u00bb, a-t-il regrett\u00e9 avant d&rsquo;ajouter : \u00ab\u00a0<b>Je me rends compte de jour en jour qu&rsquo;on n&rsquo;est pas faits l&rsquo;un pour l&rsquo;autre.<\/b> En quatre jours je me suis mis dans la t\u00eate que c&rsquo;\u00e9tait la femme de ma vie et petit \u00e0 petit, je vis avec elle, je me l\u00e8ve avec elle, je dors avec elle&#8230; Je me rends compte qu&rsquo;elle ne me correspond pas forc\u00e9ment.\u00a0\u00bb<\/p>\n<p>                        Adrien (Secret Story 2025) se confie sur sa rupture avec Pimprenelle<\/p>\n<p>Adrien a ensuite avou\u00e9 qu&rsquo;il avait eu du mal \u00e0 \u00ab\u00a0trouver les bons mots\u00a0\u00bb aupr\u00e8s de Pimprenelle. \u00ab\u00a0Je lui ai dit ce que je pensais, je lui ai dit que la Pimprenelle que j&rsquo;avais rencontr\u00e9e et que je kiffais de ouf c&rsquo;\u00e9tait plus elle. C&rsquo;est pas grave mais elle a un peu chang\u00e9&#8230;\u00a0\u00bb, a-t-il racont\u00e9. De son c\u00f4t\u00e9, Pimprenelle aurait reproch\u00e9 au candidat de \u00ab\u00a0ne pas avoir \u00e9t\u00e9 impliqu\u00e9e dans le fait qu&rsquo;elle n&rsquo;aille pas bien\u00a0\u00bb.<\/p>\n","protected":false},"excerpt":{"rendered":"Dans le live de Secret Story diffus\u00e9 ce mardi 8 juillet sur TF1+, Adrien a annonc\u00e9 sa rupture&hellip;\n","protected":false},"author":2,"featured_media":235869,"comment_status":"","ping_status":"","sticky":false,"template":"","format":"standard","meta":{"footnotes":""},"categories":[1356],"tags":[37467,244,58,59,1011,27,37473,37469,37470,37471,37472,32725,29901,37474,37468,252,30052,2175,1364],"class_list":{"0":"post-235868","1":"post","2":"type-post","3":"status-publish","4":"format-standard","5":"has-post-thumbnail","7":"category-television","8":"tag-adrien-secret-story-13","9":"tag-commentaire","10":"tag-divertissement","11":"tag-entertainment","12":"tag-fr","13":"tag-france","14":"tag-la-quotidienne-1099514145","15":"tag-la-quotidienne-1099539196","16":"tag-la-quotidienne-1099553915","17":"tag-la-quotidienne-1099565530","18":"tag-la-quotidienne-1099565538","19":"tag-pimprenelle-secret-story-13","20":"tag-secret-story","21":"tag-secret-story-1099553929","22":"tag-secret-story-40318845","23":"tag-television","24":"tag-tfx","25":"tag-tl-story","26":"tag-tv"},"share_on_mastodon":{"url":"https:\/\/pubeurope.com\/@fr\/114819276745592224","error":""},"_links":{"self":[{"href":"https:\/\/www.europesays.com\/fr\/wp-json\/wp\/v2\/posts\/235868","targetHints":{"allow":["GET"]}}],"collection":[{"href":"https:\/\/www.europesays.com\/fr\/wp-json\/wp\/v2\/posts"}],"about":[{"href":"https:\/\/www.europesays.com\/fr\/wp-json\/wp\/v2\/types\/post"}],"author":[{"embeddable":true,"href":"https:\/\/www.europesays.com\/fr\/wp-json\/wp\/v2\/users\/2"}],"replies":[{"embeddable":true,"href":"https:\/\/www.europesays.com\/fr\/wp-json\/wp\/v2\/comments?post=235868"}],"version-history":[{"count":0,"href":"https:\/\/www.europesays.com\/fr\/wp-json\/wp\/v2\/posts\/235868\/revisions"}],"wp:featuredmedia":[{"embeddable":true,"href":"https:\/\/www.europesays.com\/fr\/wp-json\/wp\/v2\/media\/235869"}],"wp:attachment":[{"href":"https:\/\/www.europesays.com\/fr\/wp-json\/wp\/v2\/media?parent=235868"}],"wp:term":[{"taxonomy":"category","embeddable":true,"href":"https:\/\/www.europesays.com\/fr\/wp-json\/wp\/v2\/categories?post=235868"},{"taxonomy":"post_tag","embeddable":true,"href":"https:\/\/www.europesays.com\/fr\/wp-json\/wp\/v2\/tags?post=235868"}],"curies":[{"name":"wp","href":"https:\/\/api.w.org\/{rel}","templated":true}]}}