{"id":235874,"date":"2025-07-08T19:32:15","date_gmt":"2025-07-08T19:32:15","guid":{"rendered":"https:\/\/www.europesays.com\/fr\/235874\/"},"modified":"2025-07-08T19:32:15","modified_gmt":"2025-07-08T19:32:15","slug":"maladie-de-parkinson-le-cote-touche-predit-levolution","status":"publish","type":"post","link":"https:\/\/www.europesays.com\/fr\/235874\/","title":{"rendered":"Maladie de Parkinson: le c\u00f4t\u00e9 touch\u00e9 pr\u00e9dit l&rsquo;\u00e9volution"},"content":{"rendered":"<p>Publi\u00e97. juillet 2025, 13:54<\/p>\n<p>Gen\u00e8ve: Le c\u00f4t\u00e9 touch\u00e9 pr\u00e9dit l\u2019\u00e9volution de la maladie de Parkinson<\/p>\n<p>Une recherche men\u00e9e par l\u2019Universit\u00e9 et les HUG montre que le c\u00f4t\u00e9 d\u2019apparition des premiers sympt\u00f4mes de Parkinson annonce la nature des futurs troubles.<\/p>\n<p><a href=\"https:\/\/www.20min.ch\/fr\/auteurs\/79735053\/leonard-boissonnas\" class=\"sc-b1f21c84-2 egfiIF\" rel=\"nofollow noopener\" target=\"_blank\"><img decoding=\"async\" alt=\"L\u00e9onard Boissonnas\" src=\"https:\/\/www.europesays.com\/fr\/wp-content\/uploads\/2025\/07\/3621841b-066c-4f01-824a-59272bf6f3e8.jpeg\" class=\"sc-b1f21c84-1 iTOvpR\"\/><\/a><img loading=\"lazy\" decoding=\"async\" src=\"https:\/\/www.europesays.com\/fr\/wp-content\/uploads\/2025\/07\/261f5363-bc56-4f49-a8f4-546f4bdb5522.jpg\" alt=\"La maladie appara\u00eet d'abord d'un seul c\u00f4t\u00e9 du corps.\" title=\"La maladie appara\u00eet d'abord d'un seul c\u00f4t\u00e9 du corps.\"  width=\"1200\" height=\"800\"\/><\/p>\n<p>La maladie appara\u00eet d&rsquo;abord d&rsquo;un seul c\u00f4t\u00e9 du corps.<\/p>\n<p>Getty Images<\/p>\n<p>\u00abAvanc\u00e9e cruciale\u00bb dans la connaissance de la maladie de Parkinson. Une \u00e9quipe de l\u2019Universit\u00e9 de Gen\u00e8ve (UNIGE) et des H\u00f4pitaux universitaires de Gen\u00e8ve (HUG) a \u00e9tudi\u00e9 les sympt\u00f4mes non moteurs de la maladie, \u00ablongtemps m\u00e9sestim\u00e9s par les recherches\u00bb, indique un communiqu\u00e9. Les scientifiques ont d\u00e9couvert pour la premi\u00e8re fois que le c\u00f4t\u00e9 d\u2019apparition sur le corps des premiers sympt\u00f4mes \u00abinfluence non seulement les troubles moteurs, mais aussi les manifestations cognitives et \u00e9motionnelles de la maladie\u00bb.<\/p>\n<p>Ainsi, les patients atteints de sympt\u00f4mes moteurs du c\u00f4t\u00e9 droit (signes d\u2019un dysfonctionnement de l\u2019h\u00e9misph\u00e8re gauche du cerveau) \u00abpr\u00e9sentent un d\u00e9clin cognitif plus global et un risque de d\u00e9mence plus \u00e9lev\u00e9\u00bb. Ceux touch\u00e9s du c\u00f4t\u00e9 gauche (dysfonctionnement de l\u2019h\u00e9misph\u00e8re droit) \u00absont plus souvent confront\u00e9s \u00e0 des probl\u00e8mes psychiatriques tels que la d\u00e9pression, l\u2019anxi\u00e9t\u00e9 et l\u2019alt\u00e9ration de la reconnaissance des \u00e9motions\u00bb.<\/p>\n<p>Pour une prise en charge personnalis\u00e9e<\/p>\n<p>Les chercheurs pr\u00e9conisent donc d\u2019int\u00e9grer syst\u00e9matiquement cette variable symptomatique lors du diagnostic, afin d\u2019assurer une prise en charge personnalis\u00e9e de la personne touch\u00e9e. \u00abCette prise en compte permettrait une vraie anticipation et une orientation de la personne vers des th\u00e9rapies cibl\u00e9es en fonction de son pattern parkinsonien\u00bb, rapporte le premier auteur de l\u2019\u00e9tude, Philippe Voruz, chercheur post-doctorant \u00e0 l\u2019UNIGE, aux HUG et \u00e0 l\u2019EPFL.<\/p>\n<p>Pr\u00e8s de 10 millions de malades<\/p>\n<p>La maladie de Parkinson touche environ 10 millions de personnes \u00e0 travers le monde. Elle d\u00e9bute g\u00e9n\u00e9ralement de fa\u00e7on asym\u00e9trique, affectant d\u2019abord un seul c\u00f4t\u00e9 du corps. La maladie se manifeste d\u2019abord par des sympt\u00f4mes moteurs comme des tremblements, une lenteur des mouvements ou une rigidit\u00e9 musculaire. Elle entra\u00eene aussi des troubles cognitifs, anxieux ou d\u00e9pressifs. Les r\u00e9sultats de la recherche ont \u00e9t\u00e9 publi\u00e9s dans le journal \u00abnpj Parkinson\u2019s Disease\u00bb.<\/p>\n","protected":false},"excerpt":{"rendered":"Publi\u00e97. juillet 2025, 13:54 Gen\u00e8ve: Le c\u00f4t\u00e9 touch\u00e9 pr\u00e9dit l\u2019\u00e9volution de la maladie de Parkinson Une recherche men\u00e9e&hellip;\n","protected":false},"author":2,"featured_media":235875,"comment_status":"","ping_status":"","sticky":false,"template":"","format":"standard","meta":{"footnotes":""},"categories":[10],"tags":[1011,27,72,71],"class_list":{"0":"post-235874","1":"post","2":"type-post","3":"status-publish","4":"format-standard","5":"has-post-thumbnail","7":"category-sante","8":"tag-fr","9":"tag-france","10":"tag-health","11":"tag-sante"},"share_on_mastodon":{"url":"https:\/\/pubeurope.com\/@fr\/114819284839782162","error":""},"_links":{"self":[{"href":"https:\/\/www.europesays.com\/fr\/wp-json\/wp\/v2\/posts\/235874","targetHints":{"allow":["GET"]}}],"collection":[{"href":"https:\/\/www.europesays.com\/fr\/wp-json\/wp\/v2\/posts"}],"about":[{"href":"https:\/\/www.europesays.com\/fr\/wp-json\/wp\/v2\/types\/post"}],"author":[{"embeddable":true,"href":"https:\/\/www.europesays.com\/fr\/wp-json\/wp\/v2\/users\/2"}],"replies":[{"embeddable":true,"href":"https:\/\/www.europesays.com\/fr\/wp-json\/wp\/v2\/comments?post=235874"}],"version-history":[{"count":0,"href":"https:\/\/www.europesays.com\/fr\/wp-json\/wp\/v2\/posts\/235874\/revisions"}],"wp:featuredmedia":[{"embeddable":true,"href":"https:\/\/www.europesays.com\/fr\/wp-json\/wp\/v2\/media\/235875"}],"wp:attachment":[{"href":"https:\/\/www.europesays.com\/fr\/wp-json\/wp\/v2\/media?parent=235874"}],"wp:term":[{"taxonomy":"category","embeddable":true,"href":"https:\/\/www.europesays.com\/fr\/wp-json\/wp\/v2\/categories?post=235874"},{"taxonomy":"post_tag","embeddable":true,"href":"https:\/\/www.europesays.com\/fr\/wp-json\/wp\/v2\/tags?post=235874"}],"curies":[{"name":"wp","href":"https:\/\/api.w.org\/{rel}","templated":true}]}}