{"id":235876,"date":"2025-07-08T19:33:10","date_gmt":"2025-07-08T19:33:10","guid":{"rendered":"https:\/\/www.europesays.com\/fr\/235876\/"},"modified":"2025-07-08T19:33:10","modified_gmt":"2025-07-08T19:33:10","slug":"revivez-la-4e-etape-de-la-grande-boucle","status":"publish","type":"post","link":"https:\/\/www.europesays.com\/fr\/235876\/","title":{"rendered":"revivez la 4e \u00e9tape de la Grande Boucle"},"content":{"rendered":"<p><a href=\"https:\/\/www.ledauphine.com\/p\/tadej-pogacar\" target=\"_blank\" rel=\"noopener\">Tadej Pogacar<\/a> a remport\u00e9 la 100e victoire de sa carri\u00e8re, sa 18e au Tour de France, en remportant la quatri\u00e8me \u00e9tape, mardi \u00e0 Rouen, devant <a href=\"https:\/\/www.ledauphine.com\/p\/mathieu-van-der-poel\" target=\"_blank\" rel=\"noopener\">Mathieu van der Poel<\/a> qui reste en jaune.<\/p>\n<p>Le Slov\u00e8ne de 26 ans a r\u00e9gl\u00e9 son grand rival des classiques lors d&rsquo;un sprint en l\u00e9g\u00e8re mont\u00e9e au sein d&rsquo;un petit groupe comprenant les principaux favoris, sauf <a href=\"https:\/\/www.ledauphine.com\/p\/primoz-roglic\" target=\"_blank\" rel=\"noopener\">Primoz Roglic<\/a>.<\/p>\n<p>Le Danois <a href=\"https:\/\/www.ledauphine.com\/p\/jonas-vingegaard\" target=\"_blank\" rel=\"noopener\">Jonas Vingegaard<\/a> a termin\u00e9 troisi\u00e8me pour compl\u00e9ter un podium de r\u00eave, le m\u00eame dans le d\u00e9sordre que celui de la deuxi\u00e8me \u00e9tape, \u00e0 Boulogne-sur-Mer, o\u00f9 Van der Poel s&rsquo;\u00e9tait impos\u00e9 devant Pogacar et Vingegaard.<\/p>\n","protected":false},"excerpt":{"rendered":"Tadej Pogacar a remport\u00e9 la 100e victoire de sa carri\u00e8re, sa 18e au Tour de France, en remportant&hellip;\n","protected":false},"author":2,"featured_media":235877,"comment_status":"","ping_status":"","sticky":false,"template":"","format":"standard","meta":{"footnotes":""},"categories":[9],"tags":[207,107,1011,27,12369,517,1947,60,210],"class_list":{"0":"post-235876","1":"post","2":"type-post","3":"status-publish","4":"format-standard","5":"has-post-thumbnail","7":"category-sports","8":"tag-cyclisme","9":"tag-fil-info","10":"tag-fr","11":"tag-france","12":"tag-la-course","13":"tag-sport","14":"tag-sport-national","15":"tag-sports","16":"tag-tour-de-france"},"share_on_mastodon":{"url":"https:\/\/pubeurope.com\/@fr\/114819288573718270","error":""},"_links":{"self":[{"href":"https:\/\/www.europesays.com\/fr\/wp-json\/wp\/v2\/posts\/235876","targetHints":{"allow":["GET"]}}],"collection":[{"href":"https:\/\/www.europesays.com\/fr\/wp-json\/wp\/v2\/posts"}],"about":[{"href":"https:\/\/www.europesays.com\/fr\/wp-json\/wp\/v2\/types\/post"}],"author":[{"embeddable":true,"href":"https:\/\/www.europesays.com\/fr\/wp-json\/wp\/v2\/users\/2"}],"replies":[{"embeddable":true,"href":"https:\/\/www.europesays.com\/fr\/wp-json\/wp\/v2\/comments?post=235876"}],"version-history":[{"count":0,"href":"https:\/\/www.europesays.com\/fr\/wp-json\/wp\/v2\/posts\/235876\/revisions"}],"wp:featuredmedia":[{"embeddable":true,"href":"https:\/\/www.europesays.com\/fr\/wp-json\/wp\/v2\/media\/235877"}],"wp:attachment":[{"href":"https:\/\/www.europesays.com\/fr\/wp-json\/wp\/v2\/media?parent=235876"}],"wp:term":[{"taxonomy":"category","embeddable":true,"href":"https:\/\/www.europesays.com\/fr\/wp-json\/wp\/v2\/categories?post=235876"},{"taxonomy":"post_tag","embeddable":true,"href":"https:\/\/www.europesays.com\/fr\/wp-json\/wp\/v2\/tags?post=235876"}],"curies":[{"name":"wp","href":"https:\/\/api.w.org\/{rel}","templated":true}]}}