{"id":235886,"date":"2025-07-08T19:38:10","date_gmt":"2025-07-08T19:38:10","guid":{"rendered":"https:\/\/www.europesays.com\/fr\/235886\/"},"modified":"2025-07-08T19:38:10","modified_gmt":"2025-07-08T19:38:10","slug":"ce-que-lon-sait-de-lhomme-qui-a-brandi-un-couteau-au-tour-de-france-a-rouen","status":"publish","type":"post","link":"https:\/\/www.europesays.com\/fr\/235886\/","title":{"rendered":"Ce que l&rsquo;on sait de l&rsquo;homme qui a brandi un couteau au Tour de France \u00e0 Rouen"},"content":{"rendered":"<p>            Par<br \/>\n        <strong><br \/>\n            <a href=\"https:\/\/actu.fr\/auteur\/julien-bouteiller\" title=\"Consulter tous les articles de Julien Bouteiller\" rel=\"nofollow noopener\" target=\"_blank\">Julien Bouteiller<\/a><br \/>\n        <\/strong><\/p>\n<p>        Publi\u00e9 le<\/p>\n<p>            8 juil. 2025 \u00e0 19h02        <\/p>\n<p>On commence \u00e0 en savoir plus sur l\u2019homme <a href=\"https:\/\/actu.fr\/normandie\/rouen_76540\/la-police-stoppe-un-homme-arme-d-un-couteau-en-plein-tour-de-france-a-rouen_62883589.html\" rel=\"nofollow noopener\" target=\"_blank\">qui a brandi un couteau en marge de l\u2019arriv\u00e9e du Tour de France<\/a> <strong>\u00e0 Rouen<\/strong> ce mardi 8 juillet 2025. Il a \u00e9t\u00e9 interpell\u00e9 apr\u00e8s avoir bless\u00e9 un policier. Le procureur de la R\u00e9publique<strong> livre davantage de d\u00e9tails sur l\u2019affaire.<\/strong><\/p>\n<p>Il menace les policiers, un CRS fait feu<\/p>\n<p class=\" wall-content\">\u00ab\u00a0Vers 15h30 dans le quartier <strong>Boulingrin<\/strong>, une passante alertait les CRS pr\u00e9sents sur le dispositif de l\u2019\u00e9tape du Tour de France. Elle disait avoir \u00e9t\u00e9<strong> agress\u00e9e par un individu qu\u2019elle d\u00e9signait<\/strong>, porteur d\u2019un couteau de table \u00e0 la main\u00a0\u00bb, \u00e9crit S\u00e9bastien Gallois dans un communiqu\u00e9.<\/p>\n<p class=\" wall-content\">\u00ab\u00a0Les policiers le poursuivaient, et tentait de ma\u00eetriser le mis en cause qui, alors, portait un coup de couteau au niveau du torse d\u2019un des CRS. Gr\u00e2ce \u00e0 son plastron, le CRS n\u2019\u00e9tait pas bless\u00e9.\u00a0\u00bb<\/p>\n<blockquote class=\"ac-article-quote wall-content\">\n<p>Dans le m\u00eame trait de temps, voyant son coll\u00e8gue agress\u00e9, un autre CRS tirait un coup de feu avec son arme de service.<\/p>\n<p>    <strong>S\u00e9bastien Gallois<\/strong><br \/>\n        Procureur de la R\u00e9publique de Rouen    <\/p><\/blockquote>\n<p class=\" wall-content\">Bless\u00e9 l\u00e9g\u00e8rement \u00e0 la cuisse, le suspect a de nouveau pris la fuite. \u00ab\u00a0Pendant ce trajet, \u00a0il aurait menac\u00e9 des spectateurs du Tour de France avec son couteau et aurait \u00e9t\u00e9 film\u00e9.\u00a0\u00bb<\/p>\n<p>Le parquet appelle les t\u00e9moins \u00e0 se manifester<\/p>\n<p class=\" wall-content\">Apr\u00e8s 500 m\u00e8tres de fuite environ, il \u00e9tait interpell\u00e9 comme a pu le constater notre journaliste sur place, et imm\u00e9diatement <strong>plac\u00e9 en garde \u00e0 vue<\/strong>. \u00ab\u00a0Selon les tout premiers \u00e9l\u00e9ments, l\u2019individu aurait des ant\u00e9c\u00e9dents psychiatriques r\u00e9cents\u00a0\u00bb, ajoute le procureur.<\/p>\n<p class=\" wall-content\">Une enqu\u00eate a \u00e9t\u00e9 ouverte du chef de<strong> tentative d\u2019homicide sur fonctionnaire<\/strong> de police et confi\u00e9e \u00e0 la Police judiciaire. Le parquet invite tout t\u00e9moin \u00e9ventuel \u00ab\u00a0\u00e0 contacter la police nationale ou \u00e0 se pr\u00e9senter sans d\u00e9lai dans ses locaux, rue Brisout de Barneville, pour d\u00e9poser et remettre copie des vid\u00e9os qu\u2019ils ont pu faire\u00a0\u00bb.<\/p>\n<p class=\" wall-content\">Par ailleurs lors de cette 4e \u00e9tape du Tour de France entre Amiens et Rouen, \u00ab\u00a0<strong>trois autres interpellations<\/strong> ont \u00e9t\u00e9 enregistr\u00e9es en zone police et gendarmerie, pour non respect des r\u00e8gles de circulation sp\u00e9cifiques mises en place\u00a0\u00bb, indique la pr\u00e9fecture de la Seine-Maritime, soit \u00ab\u00a0un total de 23 personnes prises en charge par les diff\u00e9rents dispositifs de secours\u00a0\u00bb.<\/p>\n<p>Suivez l\u2019actualit\u00e9 de Rouen <a href=\"https:\/\/www.whatsapp.com\/channel\/0029VaKfnf99hXF2ddApFB1D\" rel=\"nofollow noopener\" target=\"_blank\">sur notre cha\u00eene WhatsApp<\/a> et <a href=\"https:\/\/www.tiktok.com\/@76actu.fr?lang=fr\" rel=\"nofollow noopener\" target=\"_blank\">sur notre compte TikTok<\/a><\/p>\n<p class=\" wall-content\">Suivez toute l\u2019actualit\u00e9 de vos villes et m\u00e9dias favoris en vous inscrivant \u00e0 <a href=\"https:\/\/moncompte.actu.fr\" title=\"D\u00e9couvez Mon Actu\" rel=\"nofollow noopener\" data-trk=\"{&quot;cta&quot;:{&quot;action&quot;:&quot;https:\\\/\\\/moncompte.actu.fr&quot;,&quot;category&quot;:&quot;mon compte&quot;,&quot;from&quot;:&quot;article footer&quot;,&quot;name&quot;:&quot;Mon actu&quot;,&quot;type&quot;:&quot;cta&quot;}}\" target=\"_blank\">Mon Actu<\/a>.<\/p>\n<p>                    <script async src=\"\/\/www.tiktok.com\/embed.js\"><\/script><\/p>\n","protected":false},"excerpt":{"rendered":"Par Julien Bouteiller Publi\u00e9 le 8 juil. 2025 \u00e0 19h02 On commence \u00e0 en savoir plus sur l\u2019homme&hellip;\n","protected":false},"author":2,"featured_media":235887,"comment_status":"","ping_status":"","sticky":false,"template":"","format":"standard","meta":{"footnotes":""},"categories":[4],"tags":[11,118,1011,27,12,1072,25,210,2116],"class_list":{"0":"post-235886","1":"post","2":"type-post","3":"status-publish","4":"format-standard","5":"has-post-thumbnail","7":"category-france","8":"tag-actualites","9":"tag-faits-divers","10":"tag-fr","11":"tag-france","12":"tag-news","13":"tag-police","14":"tag-republique-francaise","15":"tag-tour-de-france","16":"tag-tour-de-france-2025"},"share_on_mastodon":{"url":"https:\/\/pubeurope.com\/@fr\/114819308244112782","error":""},"_links":{"self":[{"href":"https:\/\/www.europesays.com\/fr\/wp-json\/wp\/v2\/posts\/235886","targetHints":{"allow":["GET"]}}],"collection":[{"href":"https:\/\/www.europesays.com\/fr\/wp-json\/wp\/v2\/posts"}],"about":[{"href":"https:\/\/www.europesays.com\/fr\/wp-json\/wp\/v2\/types\/post"}],"author":[{"embeddable":true,"href":"https:\/\/www.europesays.com\/fr\/wp-json\/wp\/v2\/users\/2"}],"replies":[{"embeddable":true,"href":"https:\/\/www.europesays.com\/fr\/wp-json\/wp\/v2\/comments?post=235886"}],"version-history":[{"count":0,"href":"https:\/\/www.europesays.com\/fr\/wp-json\/wp\/v2\/posts\/235886\/revisions"}],"wp:featuredmedia":[{"embeddable":true,"href":"https:\/\/www.europesays.com\/fr\/wp-json\/wp\/v2\/media\/235887"}],"wp:attachment":[{"href":"https:\/\/www.europesays.com\/fr\/wp-json\/wp\/v2\/media?parent=235886"}],"wp:term":[{"taxonomy":"category","embeddable":true,"href":"https:\/\/www.europesays.com\/fr\/wp-json\/wp\/v2\/categories?post=235886"},{"taxonomy":"post_tag","embeddable":true,"href":"https:\/\/www.europesays.com\/fr\/wp-json\/wp\/v2\/tags?post=235886"}],"curies":[{"name":"wp","href":"https:\/\/api.w.org\/{rel}","templated":true}]}}