{"id":23589,"date":"2025-04-14T03:42:10","date_gmt":"2025-04-14T03:42:10","guid":{"rendered":"https:\/\/www.europesays.com\/fr\/23589\/"},"modified":"2025-04-14T03:42:10","modified_gmt":"2025-04-14T03:42:10","slug":"jamel-debbouze-christian-clavier-gerard-depardieu-ce-celebre-acteur-dasterix-et-obelix-dans-la-mouise-les-huissiers-ne-le-lachent-pas","status":"publish","type":"post","link":"https:\/\/www.europesays.com\/fr\/23589\/","title":{"rendered":"Jamel Debbouze, Christian Clavier, G\u00e9rard Depardieu : ce c\u00e9l\u00e8bre acteur d\u2019Ast\u00e9rix et Ob\u00e9lix \u00ab\u00a0dans la mouise\u00a0\u00bb, les huissiers ne le l\u00e2chent pas"},"content":{"rendered":"<p>Dans le milieu du cin\u00e9ma, il n\u2019est pas rare que les stars aient <strong>des anecdotes de tournage \u00e0 raconter<\/strong>. Mais certaines histoires, bien que surprenantes, t\u00e9moignent <strong>des hauts et des bas<\/strong> de la vie d\u2019un acteur.<\/p>\n<p>C\u2019est le cas de G\u00e9rard Darmon, qui a r\u00e9cemment d\u00e9voil\u00e9 <strong>un moment de grande panique<\/strong>, survenu pendant le tournage d&rsquo;Ast\u00e9rix et Ob\u00e9lix : Mission Cl\u00e9op\u00e2tre, en plein d\u00e9sert. <a href=\"https:\/\/www.public.fr\/cracher-au-visage-de-gerard-darmon-camille-lellouche-tout-ne-se-passe-pas-comme-prevu-sur-leur-tournage\" rel=\"nofollow noopener\" target=\"_blank\">Un \u00e9v\u00e9nement inattendu<\/a> qui a <strong>impliqu\u00e9 des huissiers<\/strong> et qui a bien failli chambouler sa carri\u00e8re.<\/p>\n<p>G\u00e9rard Darmon, une sc\u00e8ne de tournage sous tension<\/p>\n<p>Il y a quelques ann\u00e9es, G\u00e9rard Darmon, en pleine production d&rsquo;Ast\u00e9rix et Ob\u00e9lix : Mission Cl\u00e9op\u00e2tre, partageait des sc\u00e8nes avec des acteurs comme Jamel Debbouze. Mais au lieu de se concentrer uniquement sur son r\u00f4le, l\u2019acteur \u00e9tait victime d\u2019une pression bien r\u00e9elle : <strong>des huissiers se pr\u00e9sentaient \u00e0 son appartement parisien<\/strong>.<\/p>\n<p>Au t\u00e9l\u00e9phone, il apprenait qu\u2019<strong>une saisie \u00e9tait en cours<\/strong>, ce qui lui valait une v\u00e9ritable crise de panique. \u00ab\u00a0J&rsquo;\u00e9tais dans la mouise\u00a0\u00bb, raconte G\u00e9rard Darmon. \u00ab\u00a0Habill\u00e9 en Amonbofis, sous une chaleur insupportable,<strong> j\u2019ai d\u00fb continuer \u00e0 jouer<\/strong>\u00ab\u00a0, malgr\u00e9 l\u2019angoisse de cette saisie.<\/p>\n<p>\u00ab\u00a0L\u2019\u00e9nergie du d\u00e9sespoir\u00a0\u00bb, une motivation inattendue<\/p>\n<p>La pr\u00e9sence des huissiers n\u2019a pas seulement perturb\u00e9 G\u00e9rard Darmon, mais a \u00e9galement <strong>renforc\u00e9 sa d\u00e9termination<\/strong>. Dans ce moment de grande pression, il a puis\u00e9 dans ce qu\u2019il appelle <strong>\u00ab\u00a0l\u2019\u00e9nergie du d\u00e9sespoir\u00a0\u00bb<\/strong>.<\/p>\n<p>Selon lui, cela lui a donn\u00e9 un \u00e9lan de rage et de pers\u00e9v\u00e9rance. <strong>\u00ab\u00a0J\u2019\u00e9tais tellement bas que je risquais plus rien\u00a0\u00bb<\/strong>, confie G\u00e9rard Darmon. <a href=\"https:\/\/www.public.fr\/gerard-darmon-accuse-de-violences-sexistes-et-sexuelles-sa-tout-premiere-riposte\" rel=\"nofollow noopener\" target=\"_blank\">Cette situation extr\u00eame<\/a> l\u2019a pouss\u00e9 \u00e0 se concentrer enti\u00e8rement sur son travail, \u00e0 donner <strong>le meilleur de lui-m\u00eame<\/strong> sur le plateau.<\/p>\n<p>G\u00e9rard Darmon, quand la r\u00e9alit\u00e9 s&rsquo;invite sur le plateau<\/p>\n<p>G\u00e9rard Darmon, habitu\u00e9 des plateaux, confie avoir travers\u00e9 <strong>une p\u00e9riode difficile<\/strong>, o\u00f9 il ne savait pas comment s\u2019en sortir. Entre stress et incertitude, il se retrouvait face \u00e0 <strong>une situation probl\u00e9matique<\/strong>.<\/p>\n<p>Ce r\u00e9cit montre que m\u00eame les plus grandes stars <strong>ne sont pas \u00e0 l\u2019abri<\/strong> des gal\u00e8res du quotidien. La vie d\u2019un acteur peut parfois <strong>\u00eatre aussi impr\u00e9visible<\/strong> que le sc\u00e9nario d\u2019un film. Mais dans ces moments de \u00ab\u00a0mouise\u00a0\u00bb, c\u2019est la force de caract\u00e8re qui permet <strong>de surmonter les pires temp\u00eates<\/strong>.<\/p>\n<p>      Mentionn\u00e9s dans cet article<\/p>\n<p>\u00c0 lire aussi<\/p>\n","protected":false},"excerpt":{"rendered":"Dans le milieu du cin\u00e9ma, il n\u2019est pas rare que les stars aient des anecdotes de tournage \u00e0&hellip;\n","protected":false},"author":2,"featured_media":23590,"comment_status":"","ping_status":"","sticky":false,"template":"","format":"standard","meta":{"footnotes":""},"categories":[8],"tags":[8583,58,59,1011,27,7845,8584,8585],"class_list":{"0":"post-23589","1":"post","2":"type-post","3":"status-publish","4":"format-standard","5":"has-post-thumbnail","7":"category-divertissement","8":"tag-asterix-et-obelix-mission-cleopatre","9":"tag-divertissement","10":"tag-entertainment","11":"tag-fr","12":"tag-france","13":"tag-gerard-darmon","14":"tag-huissier-de-justice","15":"tag-jamel-debbouze"},"share_on_mastodon":{"url":"https:\/\/pubeurope.com\/@fr\/114334253187549446","error":""},"_links":{"self":[{"href":"https:\/\/www.europesays.com\/fr\/wp-json\/wp\/v2\/posts\/23589","targetHints":{"allow":["GET"]}}],"collection":[{"href":"https:\/\/www.europesays.com\/fr\/wp-json\/wp\/v2\/posts"}],"about":[{"href":"https:\/\/www.europesays.com\/fr\/wp-json\/wp\/v2\/types\/post"}],"author":[{"embeddable":true,"href":"https:\/\/www.europesays.com\/fr\/wp-json\/wp\/v2\/users\/2"}],"replies":[{"embeddable":true,"href":"https:\/\/www.europesays.com\/fr\/wp-json\/wp\/v2\/comments?post=23589"}],"version-history":[{"count":0,"href":"https:\/\/www.europesays.com\/fr\/wp-json\/wp\/v2\/posts\/23589\/revisions"}],"wp:featuredmedia":[{"embeddable":true,"href":"https:\/\/www.europesays.com\/fr\/wp-json\/wp\/v2\/media\/23590"}],"wp:attachment":[{"href":"https:\/\/www.europesays.com\/fr\/wp-json\/wp\/v2\/media?parent=23589"}],"wp:term":[{"taxonomy":"category","embeddable":true,"href":"https:\/\/www.europesays.com\/fr\/wp-json\/wp\/v2\/categories?post=23589"},{"taxonomy":"post_tag","embeddable":true,"href":"https:\/\/www.europesays.com\/fr\/wp-json\/wp\/v2\/tags?post=23589"}],"curies":[{"name":"wp","href":"https:\/\/api.w.org\/{rel}","templated":true}]}}