{"id":235890,"date":"2025-07-08T19:40:36","date_gmt":"2025-07-08T19:40:36","guid":{"rendered":"https:\/\/www.europesays.com\/fr\/235890\/"},"modified":"2025-07-08T19:40:36","modified_gmt":"2025-07-08T19:40:36","slug":"ete-en-auvergne-rhone-alpes-decouvrez-notre-selection-des-coins-naturels-a-visiter","status":"publish","type":"post","link":"https:\/\/www.europesays.com\/fr\/235890\/","title":{"rendered":"\u00c9t\u00e9 en Auvergne-Rh\u00f4ne-Alpes : d\u00e9couvrez notre s\u00e9lection des coins naturels \u00e0 visiter"},"content":{"rendered":"<p>Envie de s&rsquo;occuper dans la r\u00e9gion pour animer les vacances d&rsquo;\u00e9t\u00e9 ? Radio SCOOP vous propose une s\u00e9lection de quatre coins de nature gratuits pour s&rsquo;\u00e9vader le temps d&rsquo;un week-end en Auvergne Rh\u00f4ne Alpes.<\/p>\n<p>Sortez vos <b>agendas <\/b>et vos <b>cartes <\/b>!<\/p>\n<p>C&rsquo;est l&rsquo;\u00e9t\u00e9, le moment d&rsquo;aller explorer des <b>coins naturels<\/b> encore inconnus pr\u00e8s de chez nous en <b>Auvergne-Rh\u00f4ne-Alpes.<\/b><\/p>\n<p>Radio SCOOP vous propose sa s\u00e9lection de <b>quatre lieux gratuits<\/b> qui pourront vous permettre de d\u00e9compresser.<\/p>\n<p>1. Le Puy-Mary\u00a0\u00a0<\/p>\n<p>La s\u00e9lection d\u00e9bute avec <b>le plus vaste volcan d&rsquo;Europe<\/b> qui se situe en Auvergne, <a class=\"url\" href=\"https:\/\/www.puymary.fr\/\" target=\"_blank\" rel=\"noopener\">le Puy-Mary.<\/a><\/p>\n<p>Culminant \u00e0 pr\u00e8s de <b>1.800 m\u00e8tres d&rsquo;altitude<\/b>, il faut compter\u00a0<b>une demi-heure d&rsquo;ascension<\/b> avant d&rsquo;atteindre le sommet.\u00a0<\/p>\n<p>Vous pourrez profiter d&rsquo;une <b>vue panoramique<\/b> qui s&rsquo;\u00e9tend jusqu&rsquo;au <b>Mont Blanc.\u00a0\u00a0<\/b><\/p>\n<p>2. Le Plateau de la Danse\u00a0<\/p>\n<p>Rendez-vous cette fois-ci dans un d\u00e9partement voisin pour admirer le <a class=\"url\" href=\"https:\/\/www.gorgesdelaloire.fr\/patrimoine-naturel\/le-plateau-de-la-danse\/\" target=\"_blank\" rel=\"noopener\">Plateau de la Danse.<\/a><\/p>\n<p>Situ\u00e9 dans les <b>gorges de la Loire<\/b>, non loin de <b>Saint-\u00c9tienne<\/b>, ce coin naturel permet aussi de se ressourcer.\u00a0<\/p>\n<p>Il dispose d&rsquo;une <b>vue sur plusieurs monuments<\/b>\u00a0lig\u00e9riens comme le <a class=\"url\" href=\"https:\/\/www.gorgesdelaloire.fr\/decouvrir\/des-chateaux-et-villages-typiques\/chateau-dessalois\/\" target=\"_blank\" rel=\"noopener\">ch\u00e2teau d&rsquo;Essalois<\/a> et la <a class=\"url\" href=\"https:\/\/chambles.fr\/en\/rb\/947559\/la-tour-de-chambles\" target=\"_blank\" rel=\"noopener\">tour de Chambles<\/a>.\u00a0<\/p>\n<p>Ce lieu idyllique s&rsquo;adresse aux plus <b>sportifs <\/b>qui cherchent \u00e0 relever le d\u00e9fi du relief montagneux pour y pratiquer le <b>v\u00e9lo<\/b>, la <b>randonn\u00e9e <\/b>ou encore <b>l&rsquo;escalade<\/b>.\u00a0\u00a0<br \/>\u00a0<\/p>\n<p>3. Le lac Bleu d&rsquo;Amb\u00e9rieu-en-Bugey\u00a0\u00a0<\/p>\n<p>Envie d&rsquo;admirer une <b>eau turquoise<\/b> ?\u00a0<\/p>\n<p>Direction le <a class=\"url\" href=\"https:\/\/www.montagnes-du-jura.fr\/sit\/le-lac-bleu\" target=\"_blank\" rel=\"noopener\">Lac Bleu dans la commune d&rsquo;Amb\u00e9rieu-en-Bugey<\/a>\u00a0dans <b>l&rsquo;Ain<\/b>.<\/p>\n<p>Le lac doit son nom \u00e0 la <b>couleur exceptionnelle<\/b> de l&rsquo;eau, variant <b>du bleu p\u00e2le au turquoise.\u00a0<\/b><\/p>\n<p>Ce <b>lieu paisible<\/b> est parfait pour faire une <b>pause d\u00e9tente<\/b> ou pour <b>partir en randonn\u00e9e.\u00a0<\/b><\/p>\n<p>Sur place, il est \u00e9galement possible de profiter de la <a class=\"url\" href=\"https:\/\/association-apsr.weebly.com\/grotte-du-gardon.html\" target=\"_blank\" rel=\"noopener\">grotte du Gardon<\/a> et de son site arch\u00e9ologique, mais aussi du parc du <a class=\"url\" href=\"https:\/\/www.archives.ain.fr\/ark:\/22231\/vtac29b43ac974bdbad\" target=\"_blank\" rel=\"noopener\">ch\u00e2teau de Tricaud<\/a> et le <a class=\"url\" href=\"https:\/\/chateaudesechelles.com\/\" target=\"_blank\" rel=\"noopener\">ch\u00e2teau des \u00c9chelles<\/a>.<br \/>\u00a0<\/p>\n<p>4. Le lac Chambon dans le massif du Sancy<\/p>\n<p>Vous cherchez \u00e0 piquer une t\u00eate dans un lac atypique ?\u00a0<\/p>\n<p>Le <a class=\"url\" href=\"https:\/\/www.sancy.com\/decouvrir\/incontournables\/lac-chambon\/\" target=\"_blank\" rel=\"noopener\">lac Chambon<\/a>, situ\u00e9 dans le <b>massif du Sancy<\/b> du d\u00e9partement du <b>Puy-de-D\u00f4me<\/b>, est un lac d&rsquo;origine volcanique form\u00e9 par une \u00e9ruption de lave du <a class=\"url\" href=\"https:\/\/www.sancy.com\/fr\/fiche\/patrimoine-naturel\/volcan-du-tartaret-murol_TFO4638612\/\" target=\"_blank\" rel=\"noopener\">volcan Tartaret<\/a>.\u00a0<\/p>\n<p>Ce lac, <b>entour\u00e9 par des for\u00eats<\/b> <b>et des montagnes<\/b>, propose un espace naturel pour des vacances en pleine nature.\u00a0<\/p>\n<p>L&rsquo;eau est id\u00e9ale pour la <b>baignade<\/b>, avec <b>plusieurs plages am\u00e9nag\u00e9es<\/b> et <b>surveill\u00e9es <\/b>pendant l&rsquo;\u00e9t\u00e9.<\/p>\n<p>Prot\u00e9geons l&rsquo;environnement<\/p>\n<p>\u00a0<br \/>Pour conclure cette s\u00e9lection, n&rsquo;oubliez pas que la d\u00e9couverte de ces tr\u00e9sors naturels passe par le<b> respect des espaces prot\u00e9g\u00e9s et de l&rsquo;environnement.\u00a0<\/b><\/p>\n<p>Pensez \u00e0 <b>ramasser vos d\u00e9chets<\/b> et \u00e0 pr\u00e9server la faune et la flore pour que ces lieux restent intacts.<\/p>\n<p><img loading=\"lazy\" decoding=\"async\" src=\"https:\/\/www.europesays.com\/fr\/wp-content\/uploads\/2025\/07\/1752003636_852_img\" width=\"350\" height=\"200\" border=\"0\" title=\"L'incendie \u00c3\u00a0 Marseille provoque d'importantes fum\u00c3\u00a9es noires.\"\/><\/p>\n<p>\u25baFrance<\/p>\n<p style=\"font-size: 22px;\"><b>[MAJ] Incendie \u00e0 Marseille : des trains supprim\u00e9s en Auvergne-Rh\u00f4ne-Alpes<\/b><\/p>\n<p>Un incendie d&rsquo;une rare intensit\u00e9 s&rsquo;est d\u00e9clar\u00e9&#8230;<\/p>\n<p><\/p>\n","protected":false},"excerpt":{"rendered":"Envie de s&rsquo;occuper dans la r\u00e9gion pour animer les vacances d&rsquo;\u00e9t\u00e9 ? Radio SCOOP vous propose une s\u00e9lection&hellip;\n","protected":false},"author":2,"featured_media":235891,"comment_status":"","ping_status":"","sticky":false,"template":"","format":"standard","meta":{"footnotes":""},"categories":[9653],"tags":[37477,1111,11,30026,2430,1777,674,1011,27,12,25,4001],"class_list":{"0":"post-235890","1":"post","2":"type-post","3":"status-publish","4":"format-standard","5":"has-post-thumbnail","7":"category-saint-etienne","8":"tag-t-2025","9":"tag-actu","10":"tag-actualites","11":"tag-auvergne-rhne-alpes","12":"tag-auvergne-rhone-alpes","13":"tag-eu","14":"tag-europe","15":"tag-fr","16":"tag-france","17":"tag-news","18":"tag-republique-francaise","19":"tag-saint-etienne"},"share_on_mastodon":{"url":"https:\/\/pubeurope.com\/@fr\/114819316216219057","error":""},"_links":{"self":[{"href":"https:\/\/www.europesays.com\/fr\/wp-json\/wp\/v2\/posts\/235890","targetHints":{"allow":["GET"]}}],"collection":[{"href":"https:\/\/www.europesays.com\/fr\/wp-json\/wp\/v2\/posts"}],"about":[{"href":"https:\/\/www.europesays.com\/fr\/wp-json\/wp\/v2\/types\/post"}],"author":[{"embeddable":true,"href":"https:\/\/www.europesays.com\/fr\/wp-json\/wp\/v2\/users\/2"}],"replies":[{"embeddable":true,"href":"https:\/\/www.europesays.com\/fr\/wp-json\/wp\/v2\/comments?post=235890"}],"version-history":[{"count":0,"href":"https:\/\/www.europesays.com\/fr\/wp-json\/wp\/v2\/posts\/235890\/revisions"}],"wp:featuredmedia":[{"embeddable":true,"href":"https:\/\/www.europesays.com\/fr\/wp-json\/wp\/v2\/media\/235891"}],"wp:attachment":[{"href":"https:\/\/www.europesays.com\/fr\/wp-json\/wp\/v2\/media?parent=235890"}],"wp:term":[{"taxonomy":"category","embeddable":true,"href":"https:\/\/www.europesays.com\/fr\/wp-json\/wp\/v2\/categories?post=235890"},{"taxonomy":"post_tag","embeddable":true,"href":"https:\/\/www.europesays.com\/fr\/wp-json\/wp\/v2\/tags?post=235890"}],"curies":[{"name":"wp","href":"https:\/\/api.w.org\/{rel}","templated":true}]}}