{"id":235892,"date":"2025-07-08T19:41:11","date_gmt":"2025-07-08T19:41:11","guid":{"rendered":"https:\/\/www.europesays.com\/fr\/235892\/"},"modified":"2025-07-08T19:41:11","modified_gmt":"2025-07-08T19:41:11","slug":"incendie-au-college-jules-valles-a-saint-etienne","status":"publish","type":"post","link":"https:\/\/www.europesays.com\/fr\/235892\/","title":{"rendered":"INCENDIE AU COLL\u00c8GE JULES-VALL\u00c8S \u00c0 SAINT-\u00c9TIENNE"},"content":{"rendered":"<p>Entre r\u00e9novations programm\u00e9es et reconstruction d\u2019urgence, l\u2019\u00e9tablissement fait face \u00e0 un d\u00e9fi de taille apr\u00e8s l\u2019incendie criminel qui a frapp\u00e9 ses locaux au printemps dernier.<\/p>\n<p>L\u2019\u00e9tablissement porte encore les cicatrices visibles du sinistre survenu en mars dernier. Les murs noircis et les effluves persistantes rappellent quotidiennement l\u2019\u00e9preuve travers\u00e9e par la communaut\u00e9 \u00e9ducative. L\u2019incendie volontaire a particuli\u00e8rement touch\u00e9 les installations de la section SEGPA, causant la destruction totale de l\u2019espace de stockage et d\u2019importants d\u00e9g\u00e2ts \u00e0 l\u2019atelier commercial.<\/p>\n<p>Face \u00e0 cette situation, la direction a d\u00fb repenser l\u2019organisation des espaces. Aur\u00e9lie Canale, \u00e0 la t\u00eate de l\u2019\u00e9tablissement, \u00e9voque l\u2019impact \u00e9motionnel encore pr\u00e9sent parmi les \u00e9quipes. L\u2019absence de nouvelles concernant l\u2019enqu\u00eate judiciaire maintient une certaine tension, poussant l\u2019administration \u00e0 renforcer les dispositifs de s\u00e9curit\u00e9 et \u00e0 solliciter des fonds sp\u00e9cialis\u00e9s dans la pr\u00e9vention de la d\u00e9linquance.<\/p>\n<p>Un relogement temporaire en attendant la reconstruction<\/p>\n<p>Les dommages s\u2019av\u00e8rent trop cons\u00e9quents pour permettre un retour imm\u00e9diat dans les espaces habituels. Clotilde Robin, repr\u00e9sentante du D\u00e9partement de la Loire, d\u00e9taille la solution de transition adopt\u00e9e : le transfert de la fili\u00e8re SEGPA vers une autre section du b\u00e2timent, avec l\u2019am\u00e9nagement de deux nouvelles salles pour compenser les pertes.<\/p>\n<p>Cette op\u00e9ration de reconstruction, budg\u00e9t\u00e9e \u00e0 200 000 euros, devrait s\u2019achever avec la fin de l\u2019ann\u00e9e 2025, permettant enfin aux \u00e9l\u00e8ves et enseignants de retrouver leurs locaux r\u00e9nov\u00e9s.<\/p>\n<p>Un nouveau souffle pour la restauration scolaire<\/p>\n<p>Parall\u00e8lement \u00e0 ces travaux d\u2019urgence, l\u2019\u00e9tablissement poursuit sa modernisation programm\u00e9e, notamment au niveau de la demi-pension. Cette r\u00e9novation, entam\u00e9e en 2024, r\u00e9pond aux besoins des 180 \u00e9l\u00e8ves qui d\u00e9jeunent quotidiennement sur place.<\/p>\n<p>Le projet d\u2019extension vise \u00e0 d\u00e9sengorger les espaces existants tout en am\u00e9liorant les conditions de travail du personnel. Une zone de lavage repens\u00e9e selon les derni\u00e8res normes ergonomiques a \u00e9t\u00e9 install\u00e9e, accompagn\u00e9e d\u2019une r\u00e9organisation compl\u00e8te de l\u2019espace de r\u00e9ception des livraisons.<\/p>\n<p>Cette transformation de la restauration scolaire s\u2019accompagne d\u2019am\u00e9liorations notables du cadre de vie. L\u2019installation de tables de pique-nique ext\u00e9rieures offre aux \u00e9l\u00e8ves la possibilit\u00e9 de d\u00e9jeuner en plein air lors des beaux jours, contribuant \u00e0 une atmosph\u00e8re plus d\u00e9tendue.<\/p>\n<p>Selon la direction, ces am\u00e9nagements favorisent une meilleure concentration des \u00e9l\u00e8ves et procurent un environnement de travail plus agr\u00e9able pour l\u2019ensemble du personnel. Cette modernisation repr\u00e9sente un investissement de 331 000 euros.<\/p>\n<p>Un \u00e9tablissement qui rena\u00eet malgr\u00e9 les \u00e9preuves<\/p>\n<p>Au total, plus d\u2019un demi-million d\u2019euros sont mobilis\u00e9s pour transformer le coll\u00e8ge Jules-Vall\u00e8s. Entre reconstruction n\u00e9cessaire et modernisation planifi\u00e9e, l\u2019\u00e9tablissement st\u00e9phanois d\u00e9montre sa capacit\u00e9 \u00e0 rebondir face aux difficult\u00e9s tout en poursuivant son d\u00e9veloppement.<\/p>\n","protected":false},"excerpt":{"rendered":"Entre r\u00e9novations programm\u00e9es et reconstruction d\u2019urgence, l\u2019\u00e9tablissement fait face \u00e0 un d\u00e9fi de taille apr\u00e8s l\u2019incendie criminel qui&hellip;\n","protected":false},"author":2,"featured_media":235893,"comment_status":"","ping_status":"","sticky":false,"template":"","format":"standard","meta":{"footnotes":""},"categories":[9653],"tags":[1111,11,2430,1777,674,118,1011,27,3367,12,25,4001],"class_list":{"0":"post-235892","1":"post","2":"type-post","3":"status-publish","4":"format-standard","5":"has-post-thumbnail","7":"category-saint-etienne","8":"tag-actu","9":"tag-actualites","10":"tag-auvergne-rhone-alpes","11":"tag-eu","12":"tag-europe","13":"tag-faits-divers","14":"tag-fr","15":"tag-france","16":"tag-loire","17":"tag-news","18":"tag-republique-francaise","19":"tag-saint-etienne"},"share_on_mastodon":{"url":"https:\/\/pubeurope.com\/@fr\/114819320275137910","error":""},"_links":{"self":[{"href":"https:\/\/www.europesays.com\/fr\/wp-json\/wp\/v2\/posts\/235892","targetHints":{"allow":["GET"]}}],"collection":[{"href":"https:\/\/www.europesays.com\/fr\/wp-json\/wp\/v2\/posts"}],"about":[{"href":"https:\/\/www.europesays.com\/fr\/wp-json\/wp\/v2\/types\/post"}],"author":[{"embeddable":true,"href":"https:\/\/www.europesays.com\/fr\/wp-json\/wp\/v2\/users\/2"}],"replies":[{"embeddable":true,"href":"https:\/\/www.europesays.com\/fr\/wp-json\/wp\/v2\/comments?post=235892"}],"version-history":[{"count":0,"href":"https:\/\/www.europesays.com\/fr\/wp-json\/wp\/v2\/posts\/235892\/revisions"}],"wp:featuredmedia":[{"embeddable":true,"href":"https:\/\/www.europesays.com\/fr\/wp-json\/wp\/v2\/media\/235893"}],"wp:attachment":[{"href":"https:\/\/www.europesays.com\/fr\/wp-json\/wp\/v2\/media?parent=235892"}],"wp:term":[{"taxonomy":"category","embeddable":true,"href":"https:\/\/www.europesays.com\/fr\/wp-json\/wp\/v2\/categories?post=235892"},{"taxonomy":"post_tag","embeddable":true,"href":"https:\/\/www.europesays.com\/fr\/wp-json\/wp\/v2\/tags?post=235892"}],"curies":[{"name":"wp","href":"https:\/\/api.w.org\/{rel}","templated":true}]}}