{"id":235894,"date":"2025-07-08T19:42:18","date_gmt":"2025-07-08T19:42:18","guid":{"rendered":"https:\/\/www.europesays.com\/fr\/235894\/"},"modified":"2025-07-08T19:42:18","modified_gmt":"2025-07-08T19:42:18","slug":"soiree-cine-concert-et-souvenirs-en-plein-air","status":"publish","type":"post","link":"https:\/\/www.europesays.com\/fr\/235894\/","title":{"rendered":"Soir\u00e9e cin\u00e9, concert et souvenirs en plein air"},"content":{"rendered":"<p>Joli programme pour cette soir\u00e9e cin\u00e9 en plein air du jeudi 10 juillet \u00e0 l\u2019\u00e9cole Buthegn\u00e9mont. Avant la projection du film d\u2019Emmanuel Courcol En Fanfare , Image\u2019Est propose un court voyage dans le temps \u00e0 travers une s\u00e9rie de montages de films amateurs tourn\u00e9s \u00e0 Nancy. Ces images d\u2019archives, pr\u00e9cieuses et souvent in\u00e9dites, r\u00e9v\u00e8lent la vie quotidienne, les f\u00eates et les m\u00e9tamorphoses de Nancy au fil des d\u00e9cennies. Le film projet\u00e9 ensuite a remport\u00e9 un vif succ\u00e8s lors de sa sortie. Avec Benjamin Lavernhe, Pierre Lottin Thibaut est un chef d\u2019orchestre de renomm\u00e9e internationale qui parcourt le monde lorsqu\u2019il apprend qu\u2019il a \u00e9t\u00e9 adopt\u00e9 et qu\u2019il a un fr\u00e8re, Jimmy, employ\u00e9 de cantine scolaire et qui joue du trombone dans une fanfare. En apparence tout les s\u00e9pare, sauf l\u2019amour de la musique.<\/p>\n<p class=\"note\">Jeudi 10\u00a0juillet \u00e0 21\u00a0h \u00e0 l\u2019\u00e9cole \u00e9l\u00e9mentaire Buthegn\u00e9mont \u00e0 Nancy, 47 rue Anne F\u00e9riet. Soir\u00e9e en partenariat avec le Cameo. La s\u00e9ance est pr\u00e9c\u00e9d\u00e9e d\u2019un concert de l\u2019harmonie nanc\u00e9ienne \u00e0 21\u00a0h\u00a030. En cas d\u2019intemp\u00e9rie, la s\u00e9ance se tiendra au cin\u00e9ma Cam\u00e9o Saint-S\u00e9bastien.<\/p>\n","protected":false},"excerpt":{"rendered":"Joli programme pour cette soir\u00e9e cin\u00e9 en plein air du jeudi 10 juillet \u00e0 l\u2019\u00e9cole Buthegn\u00e9mont. Avant la&hellip;\n","protected":false},"author":2,"featured_media":235895,"comment_status":"","ping_status":"","sticky":false,"template":"","format":"standard","meta":{"footnotes":""},"categories":[9635],"tags":[1111,11,650,1687,1704,1777,674,1011,27,775,873,1702,1703,12,25],"class_list":{"0":"post-235894","1":"post","2":"type-post","3":"status-publish","4":"format-standard","5":"has-post-thumbnail","7":"category-nancy","8":"tag-actu","9":"tag-actualites","10":"tag-cinema","11":"tag-culture-loisirs","12":"tag-edition-nancy-et-agglomeration","13":"tag-eu","14":"tag-europe","15":"tag-fr","16":"tag-france","17":"tag-grand-est","18":"tag-musique","19":"tag-nancy","20":"tag-nancy-ville-54b","21":"tag-news","22":"tag-republique-francaise"},"share_on_mastodon":{"url":"https:\/\/pubeurope.com\/@fr\/114819323902372008","error":""},"_links":{"self":[{"href":"https:\/\/www.europesays.com\/fr\/wp-json\/wp\/v2\/posts\/235894","targetHints":{"allow":["GET"]}}],"collection":[{"href":"https:\/\/www.europesays.com\/fr\/wp-json\/wp\/v2\/posts"}],"about":[{"href":"https:\/\/www.europesays.com\/fr\/wp-json\/wp\/v2\/types\/post"}],"author":[{"embeddable":true,"href":"https:\/\/www.europesays.com\/fr\/wp-json\/wp\/v2\/users\/2"}],"replies":[{"embeddable":true,"href":"https:\/\/www.europesays.com\/fr\/wp-json\/wp\/v2\/comments?post=235894"}],"version-history":[{"count":0,"href":"https:\/\/www.europesays.com\/fr\/wp-json\/wp\/v2\/posts\/235894\/revisions"}],"wp:featuredmedia":[{"embeddable":true,"href":"https:\/\/www.europesays.com\/fr\/wp-json\/wp\/v2\/media\/235895"}],"wp:attachment":[{"href":"https:\/\/www.europesays.com\/fr\/wp-json\/wp\/v2\/media?parent=235894"}],"wp:term":[{"taxonomy":"category","embeddable":true,"href":"https:\/\/www.europesays.com\/fr\/wp-json\/wp\/v2\/categories?post=235894"},{"taxonomy":"post_tag","embeddable":true,"href":"https:\/\/www.europesays.com\/fr\/wp-json\/wp\/v2\/tags?post=235894"}],"curies":[{"name":"wp","href":"https:\/\/api.w.org\/{rel}","templated":true}]}}