{"id":235904,"date":"2025-07-08T19:49:14","date_gmt":"2025-07-08T19:49:14","guid":{"rendered":"https:\/\/www.europesays.com\/fr\/235904\/"},"modified":"2025-07-08T19:49:14","modified_gmt":"2025-07-08T19:49:14","slug":"tour-de-france-un-homme-neutralise-par-la-police-a-rouen-apres-une-agression-au-couteau","status":"publish","type":"post","link":"https:\/\/www.europesays.com\/fr\/235904\/","title":{"rendered":"Tour de France : un homme neutralis\u00e9 par la police \u00e0 Rouen apr\u00e8s une agression au couteau"},"content":{"rendered":"<p class=\"paragraph text_align_left lp-f-body-02\">Un homme a \u00e9t\u00e9 neutralis\u00e9 non loin du cimeti\u00e8re monumental \u00e0 Rouen en marge de l\u2019arriv\u00e9e de la quatri\u00e8me \u00e9tape <a href=\"https:\/\/www.leparisien.fr\/sports\/cyclisme\/tour-de-france\/\" target=\"_blank\" rel=\"noreferrer nofollow noopener\">du Tour de France <\/a>apr\u00e8s avoir menac\u00e9 le public avec un couteau, selon des sources polici\u00e8res. Signal\u00e9 aux policiers par une passante qui disait avoir \u00e9t\u00e9 agress\u00e9e, l\u2019individu a alors pris la fuite avant d\u2019\u00eatre poursuivi par les forces de l\u2019ordre, de tenter d\u2019attaquer un CRS, confirme le procureur de la R\u00e9publique, S\u00e9bastien Gallois, dans un communiqu\u00e9.<\/p>\n<p class=\"paragraph text_align_left lp-f-body-02\">\u00ab Les policiers le poursuivaient, et tentait de ma\u00eetriser le mis en cause qui, alors, portait un coup de couteau au niveau du torse d\u2019un des CRS. Gr\u00e2ce \u00e0 son plastron, le CRS n\u2019\u00e9tait pas bless\u00e9. Dans le m\u00eame trait de temps, voyant son coll\u00e8gue agress\u00e9, un autre CRS tirait un coup de feu avec son arme de service \u00bb, poursuit le communiqu\u00e9.<\/p>\n<p class=\"paragraph text_align_left lp-f-body-02\">\u00ab L\u00e9g\u00e8rement bless\u00e9 \u00bb \u00e0 la jambe, le suspect tente de fuir tout en mena\u00e7ant des spectateurs avant d\u2019\u00eatre interpell\u00e9 et imm\u00e9diatement plac\u00e9 en garde \u00e0 vue. Une enqu\u00eate a \u00e9t\u00e9 ouverte pour tentative d\u2019homicide sur fonctionnaire de police, et confi\u00e9e au service interd\u00e9partementale de police judiciaire de Seine-Maritime. <\/p>\n<p class=\"paragraph text_align_left lp-f-body-02\">Selon les premiers \u00e9l\u00e9ments de l\u2019enqu\u00eate, le suspect, consid\u00e9r\u00e9 comme \u00ab d\u00e9s\u00e9quilibr\u00e9 \u00bb avec des ant\u00e9c\u00e9dents psychologiques r\u00e9cents, est \u00e2g\u00e9 de 21 ans et portait une djellaba. Il figurait sur les fichiers des personnes recherch\u00e9es (FPR) et \u00e9tait en fugue d\u2019un h\u00f4pital depuis le 24 juin 2025.<\/p>\n","protected":false},"excerpt":{"rendered":"Un homme a \u00e9t\u00e9 neutralis\u00e9 non loin du cimeti\u00e8re monumental \u00e0 Rouen en marge de l\u2019arriv\u00e9e de la&hellip;\n","protected":false},"author":2,"featured_media":235905,"comment_status":"","ping_status":"","sticky":false,"template":"","format":"standard","meta":{"footnotes":""},"categories":[9587],"tags":[1111,11,207,1777,674,118,1011,27,12,5161,25,9590,60,210],"class_list":{"0":"post-235904","1":"post","2":"type-post","3":"status-publish","4":"format-standard","5":"has-post-thumbnail","7":"category-rouen","8":"tag-actu","9":"tag-actualites","10":"tag-cyclisme","11":"tag-eu","12":"tag-europe","13":"tag-faits-divers","14":"tag-fr","15":"tag-france","16":"tag-news","17":"tag-normandie","18":"tag-republique-francaise","19":"tag-rouen","20":"tag-sports","21":"tag-tour-de-france"},"share_on_mastodon":{"url":"https:\/\/pubeurope.com\/@fr\/114819351891221482","error":""},"_links":{"self":[{"href":"https:\/\/www.europesays.com\/fr\/wp-json\/wp\/v2\/posts\/235904","targetHints":{"allow":["GET"]}}],"collection":[{"href":"https:\/\/www.europesays.com\/fr\/wp-json\/wp\/v2\/posts"}],"about":[{"href":"https:\/\/www.europesays.com\/fr\/wp-json\/wp\/v2\/types\/post"}],"author":[{"embeddable":true,"href":"https:\/\/www.europesays.com\/fr\/wp-json\/wp\/v2\/users\/2"}],"replies":[{"embeddable":true,"href":"https:\/\/www.europesays.com\/fr\/wp-json\/wp\/v2\/comments?post=235904"}],"version-history":[{"count":0,"href":"https:\/\/www.europesays.com\/fr\/wp-json\/wp\/v2\/posts\/235904\/revisions"}],"wp:featuredmedia":[{"embeddable":true,"href":"https:\/\/www.europesays.com\/fr\/wp-json\/wp\/v2\/media\/235905"}],"wp:attachment":[{"href":"https:\/\/www.europesays.com\/fr\/wp-json\/wp\/v2\/media?parent=235904"}],"wp:term":[{"taxonomy":"category","embeddable":true,"href":"https:\/\/www.europesays.com\/fr\/wp-json\/wp\/v2\/categories?post=235904"},{"taxonomy":"post_tag","embeddable":true,"href":"https:\/\/www.europesays.com\/fr\/wp-json\/wp\/v2\/tags?post=235904"}],"curies":[{"name":"wp","href":"https:\/\/api.w.org\/{rel}","templated":true}]}}