{"id":235906,"date":"2025-07-08T19:50:17","date_gmt":"2025-07-08T19:50:17","guid":{"rendered":"https:\/\/www.europesays.com\/fr\/235906\/"},"modified":"2025-07-08T19:50:17","modified_gmt":"2025-07-08T19:50:17","slug":"tour-de-france-2025-de-lalto-da-foia-a-rouen-pogacar-a-cent-a-lheure","status":"publish","type":"post","link":"https:\/\/www.europesays.com\/fr\/235906\/","title":{"rendered":"Tour de France 2025. De l\u2019Alto da Foia \u00e0 Rouen, Pogacar \u00e0 cent \u00e0 l\u2019heure"},"content":{"rendered":"<p>Les plan\u00e8tes \u00e9taient align\u00e9es ? Non, <a href=\"https:\/\/www.ledauphine.com\/p\/tadej-pogacar\" target=\"_blank\" rel=\"noopener\">Tadej Pogacar<\/a> <a href=\"https:\/\/www.ledauphine.com\/sport\/2025\/07\/03\/exploits-amour-panache-quatre-choses-a-savoir-sur-tadej-pogacar\" target=\"_blank\" rel=\"noopener\">en ma\u00eetre absolu de son sport<\/a> les a align\u00e9es en personne. En champion omnipotent, le Slov\u00e8ne a r\u00e9uni lui-m\u00eame toutes les conditions n\u00e9cessaires pour abattre ce fameux \u201cmur du cent\u201d au moment M. Pour le symbole, cela ne pouvait pas arriver sur la derni\u00e8re \u00e9tape du Crit\u00e9rium du Dauphin\u00e9, c\u00e9d\u00e9e gracieusement \u00e0 <a href=\"https:\/\/www.ledauphine.com\/p\/lenny-martinez\" target=\"_blank\" rel=\"noopener\">Lenny Martinez<\/a>. Pas question non plus de franchir ce cap dans l\u2019anonymat d\u2019un championnat de Slov\u00e9nie, fin juin.<\/p>\n<p>Non, cela devait se produire sur le Tour de France. \u00ab Il la voulait ici \u00bb, confirme son manager Mauro Gianetti. Maillot de champion du monde sur le dos et face \u00e0 ses deux plus grands rivaux, terrass\u00e9s dans un sprint royal \u00e0 Rouen. <a href=\"https:\/\/www.ledauphine.com\/p\/mathieu-van-der-poel\" target=\"_blank\" rel=\"noopener\">Mathieu van der Poel<\/a> (2e), l\u2019unique pilote capable de le regarder droit dans les yeux sur un Monument. Et <a href=\"https:\/\/www.ledauphine.com\/p\/jonas-vingegaard\" target=\"_blank\" rel=\"noopener\">Jonas Vingegaard<\/a> (3e ), <a href=\"https:\/\/www.ledauphine.com\/sport\/2025\/07\/07\/visma-pogacar-le-scenario-devient-classique\" target=\"_blank\" rel=\"noopener\">le seul \u00e0 lui proposer une concurrence sur un Grand Tour<\/a>.<\/p>\n<p>  Sa 18e victoire sur le Tour<\/p>\n<p>\u00ab Je vis un r\u00eave. C\u2019est mon plus beau jour sur un v\u00e9lo \u00bb. Ces mots datent du jeudi 21 f\u00e9vrier 2019. Pogacar a 20 ans et remporte son premier succ\u00e8s professionnel au sommet de l\u2019Alto da Foia sur le Tour de l\u2019Algarve. \u00ab Bien s\u00fbr que je m\u2019en souviens. M\u00eame apr\u00e8s cent victoires, je n\u2019oublierai jamais \u00bb, assure-t-il, \u00ab fier et heureux \u00bb de sa centi\u00e8me ce mardi. Sa dix-huiti\u00e8me sur le Tour, marque de la qualit\u00e9 de ses succ\u00e8s.<\/p>\n<p>Mais avait-il seulement besoin d\u2019abattre cette barri\u00e8re symbolique pour devenir le plus grand\u00a0? Une chevauch\u00e9e extraordinaire lors des derniers championnats du monde, et le roi Eddy Merckx en personne s\u2019inclinait, chose in\u00e9dite. \u00ab C\u2019est \u00e9vident qu\u2019il est maintenant au-dessus de moi, confiait-t-il \u00e0 L\u2019\u00c9quipe. Je le pensais d\u00e9j\u00e0 un peu au fond de moi-m\u00eame quand j\u2019avais vu ce qu\u2019il avait fait sur le dernier Tour de France, mais ce soir il n\u2019y a plus de doute. \u00bb<\/p>\n<p>  Milan Sanremo et Paris-Roubaix lui r\u00e9sistent encore<\/p>\n<p>Centenaire \u00e0 26 ans et apr\u00e8s seulement sept ann\u00e9es professionnelles. Seul Merckx et Freddy Maertens peuvent se targuer d\u2019un tel accomplissement. \u201cPogi\u201d pourrait bien atteindre un jour les 279 succ\u00e8s du Cannibale, mais l\u2019\u00e9poque \u00e9tait diff\u00e9rente, ce nombre n\u2019a pas grande importance. L\u2019essentiel est ailleurs, dans ces derniers cadenas qu\u2019il lui reste \u00e0 faire sauter pour s\u2019ouvrir les portes de l\u2019\u00e9ternit\u00e9.<\/p>\n<p>Inutile d\u2019\u00e9voquer le Tour d\u2019Espagne, le dernier des trois Grands Tours qu\u2019il gagnera forc\u00e9ment un jour, peut-\u00eatre m\u00eame d\u00e8s septembre. Non, il n\u2019a plus que Milan Sanremo et Paris-Roubaix \u00e0 cocher. Les derniers mythes sur la route d\u2019un monstre capable de briller sur tous les terrains. Le premier se refuse \u00e0 lui ann\u00e9e apr\u00e8s ann\u00e9e, il n\u2019en est qu\u2019\u00e0 ses premiers tours de roue sur les pav\u00e9s du second.<\/p>\n<p>Bien s\u00fbr, en insatiable comp\u00e9titeur, il s\u2019att\u00e8lera d\u00e8s ce mois de juillet \u00e0 remporter sa quatri\u00e8me Grande Boucle (\u00ab on est l\u00e0 pour \u00e7a \u00bb). Puis la cinqui\u00e8me, la sixi\u00e8me\u2026 \u00c0 collectionner les maillots de champion du monde et les Monuments. \u00c0 empiler succ\u00e8s apr\u00e8s succ\u00e8s, \u00e0 battre record apr\u00e8s record\u2026 Mais quand tomberont la Primavera et l\u2019Enfer du Nord, alors il sera pour de bon le plus grand de tous les temps.<\/p>\n","protected":false},"excerpt":{"rendered":"Les plan\u00e8tes \u00e9taient align\u00e9es ? Non, Tadej Pogacar en ma\u00eetre absolu de son sport les a align\u00e9es en&hellip;\n","protected":false},"author":2,"featured_media":235907,"comment_status":"","ping_status":"","sticky":false,"template":"","format":"standard","meta":{"footnotes":""},"categories":[9587],"tags":[1111,11,207,1777,674,107,1011,27,12369,12,5161,25,9590,517,1947,210],"class_list":{"0":"post-235906","1":"post","2":"type-post","3":"status-publish","4":"format-standard","5":"has-post-thumbnail","7":"category-rouen","8":"tag-actu","9":"tag-actualites","10":"tag-cyclisme","11":"tag-eu","12":"tag-europe","13":"tag-fil-info","14":"tag-fr","15":"tag-france","16":"tag-la-course","17":"tag-news","18":"tag-normandie","19":"tag-republique-francaise","20":"tag-rouen","21":"tag-sport","22":"tag-sport-national","23":"tag-tour-de-france"},"share_on_mastodon":{"url":"https:\/\/pubeurope.com\/@fr\/114819355412174261","error":""},"_links":{"self":[{"href":"https:\/\/www.europesays.com\/fr\/wp-json\/wp\/v2\/posts\/235906","targetHints":{"allow":["GET"]}}],"collection":[{"href":"https:\/\/www.europesays.com\/fr\/wp-json\/wp\/v2\/posts"}],"about":[{"href":"https:\/\/www.europesays.com\/fr\/wp-json\/wp\/v2\/types\/post"}],"author":[{"embeddable":true,"href":"https:\/\/www.europesays.com\/fr\/wp-json\/wp\/v2\/users\/2"}],"replies":[{"embeddable":true,"href":"https:\/\/www.europesays.com\/fr\/wp-json\/wp\/v2\/comments?post=235906"}],"version-history":[{"count":0,"href":"https:\/\/www.europesays.com\/fr\/wp-json\/wp\/v2\/posts\/235906\/revisions"}],"wp:featuredmedia":[{"embeddable":true,"href":"https:\/\/www.europesays.com\/fr\/wp-json\/wp\/v2\/media\/235907"}],"wp:attachment":[{"href":"https:\/\/www.europesays.com\/fr\/wp-json\/wp\/v2\/media?parent=235906"}],"wp:term":[{"taxonomy":"category","embeddable":true,"href":"https:\/\/www.europesays.com\/fr\/wp-json\/wp\/v2\/categories?post=235906"},{"taxonomy":"post_tag","embeddable":true,"href":"https:\/\/www.europesays.com\/fr\/wp-json\/wp\/v2\/tags?post=235906"}],"curies":[{"name":"wp","href":"https:\/\/api.w.org\/{rel}","templated":true}]}}