{"id":235912,"date":"2025-07-08T19:53:09","date_gmt":"2025-07-08T19:53:09","guid":{"rendered":"https:\/\/www.europesays.com\/fr\/235912\/"},"modified":"2025-07-08T19:53:09","modified_gmt":"2025-07-08T19:53:09","slug":"tribune-quel-sera-limpact-previsionnel-de-lia-sur-lemploi-feminin-en-bretagne","status":"publish","type":"post","link":"https:\/\/www.europesays.com\/fr\/235912\/","title":{"rendered":"[Tribune] Quel sera l\u2019impact pr\u00e9visionnel de l\u2019IA sur l\u2019emploi f\u00e9minin en Bretagne\u00a0?"},"content":{"rendered":"<p>L\u2019impact pr\u00e9visionnel de l\u2019IA sur l\u2019emploi f\u00e9minin en Bretagne est particuli\u00e8rement pr\u00e9occupant, compte tenu de la forte concentration des Bretonnes dans un nombre restreint de m\u00e9tiers\u00a0: 80\u00a0% de l\u2019emploi f\u00e9minin r\u00e9gional se concentre dans seulement 28 m\u00e9tiers, principalement dans les services, la sant\u00e9, l\u2019\u00e9ducation et l\u2019administration. Et 50\u00a0% de l\u2019emploi f\u00e9minin se concentre dans seulement 12 m\u00e9tiers.<\/p>\n<p>Les m\u00e9tiers les plus f\u00e9minis\u00e9s, tels que secr\u00e9taires (97\u00a0% de femmes), employ\u00e9es de comptabilit\u00e9 (87\u00a0%), agents d\u2019entretien, aides \u00e0 domicile, employ\u00e9es de banque, coiffeuses ou assistantes maternelles, sont expos\u00e9s de mani\u00e8re in\u00e9gale \u00e0 l\u2019automatisation rendue possible par l\u2019IA.<\/p>\n<p>L\u2019intelligence artificielle transforme rapidement le march\u00e9 du travail. Son impact d\u00e9pend du degr\u00e9 d\u2019automatisation possible des t\u00e2ches, de la standardisation des processus et de la capacit\u00e9 \u00e0 remplacer ou \u00e0 assister les comp\u00e9tences humaines. Les m\u00e9tiers o\u00f9 les t\u00e2ches sont standardis\u00e9es, r\u00e9p\u00e9titives et codifiables sont les plus expos\u00e9s \u00e0 l\u2019automatisation alors que les m\u00e9tiers qui reposent sur l\u2019empathie, la gestion de situations complexes ou la relation humaine sont moins expos\u00e9s. Enfin, L\u2019IA menace moins les m\u00e9tiers n\u00e9cessitant un niveau de qualification \u00e9lev\u00e9\u00a0: les m\u00e9tiers peu qualifi\u00e9s et administratifs sont plus vuln\u00e9rables, tandis que ceux n\u00e9cessitant une expertise ou une capacit\u00e9 d\u2019adaptation sont plus r\u00e9silients.<\/p>\n<blockquote><p>\u00ab\u00a0De nouveaux m\u00e9tiers \u00e9mergeront autour de la transition num\u00e9rique, de la maintenance des syst\u00e8mes automatis\u00e9s ou de l\u2019\u00e9thique des donn\u00e9es. Cette transition imposera un effort massif de formation et de reconversion.\u00a0\u00bb<\/p><\/blockquote>\n<p>Les m\u00e9tiers comme le secr\u00e9tariat, la comptabilit\u00e9 ou la gestion de la relation client semblent \u00eatre les plus vuln\u00e9rables \u00e0 l\u2019automatisation par l\u2019IA. D\u00e9j\u00e0, des outils intelligents prennent en charge la gestion d\u2019agendas, la r\u00e9daction de courriers, la saisie comptable, les rapprochements bancaires. Des chatbots ou des assistants virtuels prennent en charge une part croissante des interactions avec la client\u00e8le, notamment pour des demandes clients courantes et r\u00e9p\u00e9titives, r\u00e9duisant ainsi les besoins en main-d\u2019\u0153uvre dans ces domaines. \u00c0 l\u2019inverse, l\u2019enseignement, la sant\u00e9, l\u2019aide \u00e0 la personne, la coiffure ou l\u2019esth\u00e9tique, seraient moins expos\u00e9s.<\/p>\n<p>En croisant les donn\u00e9es sectorielles et les analyses sur l\u2019IA, on estime qu\u2019entre 20\u00a0% et 30\u00a0% des emplois f\u00e9minins bretons &#8211; soit 120\u00a0000 \u00e0 160\u00a0000 sur 650\u00a0000 &#8211; sont \u00e0 risque \u00e9lev\u00e9 d\u2019automatisation d\u2019ici \u00e0 2035.<\/p>\n<p>Les m\u00e9tiers administratifs, de gestion et de service client pourraient conna\u00eetre une nette diminution du nombre de postes.<\/p>\n<p>Les m\u00e9tiers de l\u2019enseignement, de la sant\u00e9 et de l\u2019aide \u00e0 la personne (par exemple les m\u00e9tiers d\u2019aide \u00e0 domicile, d\u2019infirmi\u00e8re et d\u2019aide-soignante) \u00e9volueraient sans dispara\u00eetre, int\u00e9grant davantage d\u2019outils num\u00e9riques pour assister les professionnels.<\/p>\n<p>Enfin, les emplois f\u00e9minins de service \u00e0 la personne (comme les assistances maternelles ou les aides m\u00e9nag\u00e8res) fond\u00e9s sur la relation humaine, l\u2019empathie et la polyvalence, seraient tr\u00e8s certainement pr\u00e9serv\u00e9s car non automatisables.<\/p>\n<p>Une chose est s\u00fbre\u00a0: de nouveaux m\u00e9tiers \u00e9mergeront autour de la transition num\u00e9rique, de la maintenance des syst\u00e8mes automatis\u00e9s ou de l\u2019\u00e9thique des donn\u00e9es.<\/p>\n<p>Cette transition imposera un effort massif de formation et de reconversion pour limiter les in\u00e9galit\u00e9s et permettre aux femmes bretonnes de saisir les opportunit\u00e9s offertes par la transformation num\u00e9rique de l\u2019\u00e9conomie r\u00e9gionale.<\/p>\n","protected":false},"excerpt":{"rendered":"L\u2019impact pr\u00e9visionnel de l\u2019IA sur l\u2019emploi f\u00e9minin en Bretagne est particuli\u00e8rement pr\u00e9occupant, compte tenu de la forte concentration&hellip;\n","protected":false},"author":2,"featured_media":235913,"comment_status":"","ping_status":"","sticky":false,"template":"","format":"standard","meta":{"footnotes":""},"categories":[2821],"tags":[1111,11,829,1777,674,1011,27,12,1427,584,25],"class_list":{"0":"post-235912","1":"post","2":"type-post","3":"status-publish","4":"format-standard","5":"has-post-thumbnail","7":"category-rennes","8":"tag-actu","9":"tag-actualites","10":"tag-bretagne","11":"tag-eu","12":"tag-europe","13":"tag-fr","14":"tag-france","15":"tag-news","16":"tag-opinions","17":"tag-rennes","18":"tag-republique-francaise"},"share_on_mastodon":{"url":"https:\/\/pubeurope.com\/@fr\/114819367531242091","error":""},"_links":{"self":[{"href":"https:\/\/www.europesays.com\/fr\/wp-json\/wp\/v2\/posts\/235912","targetHints":{"allow":["GET"]}}],"collection":[{"href":"https:\/\/www.europesays.com\/fr\/wp-json\/wp\/v2\/posts"}],"about":[{"href":"https:\/\/www.europesays.com\/fr\/wp-json\/wp\/v2\/types\/post"}],"author":[{"embeddable":true,"href":"https:\/\/www.europesays.com\/fr\/wp-json\/wp\/v2\/users\/2"}],"replies":[{"embeddable":true,"href":"https:\/\/www.europesays.com\/fr\/wp-json\/wp\/v2\/comments?post=235912"}],"version-history":[{"count":0,"href":"https:\/\/www.europesays.com\/fr\/wp-json\/wp\/v2\/posts\/235912\/revisions"}],"wp:featuredmedia":[{"embeddable":true,"href":"https:\/\/www.europesays.com\/fr\/wp-json\/wp\/v2\/media\/235913"}],"wp:attachment":[{"href":"https:\/\/www.europesays.com\/fr\/wp-json\/wp\/v2\/media?parent=235912"}],"wp:term":[{"taxonomy":"category","embeddable":true,"href":"https:\/\/www.europesays.com\/fr\/wp-json\/wp\/v2\/categories?post=235912"},{"taxonomy":"post_tag","embeddable":true,"href":"https:\/\/www.europesays.com\/fr\/wp-json\/wp\/v2\/tags?post=235912"}],"curies":[{"name":"wp","href":"https:\/\/api.w.org\/{rel}","templated":true}]}}