{"id":235918,"date":"2025-07-08T19:56:14","date_gmt":"2025-07-08T19:56:14","guid":{"rendered":"https:\/\/www.europesays.com\/fr\/235918\/"},"modified":"2025-07-08T19:56:14","modified_gmt":"2025-07-08T19:56:14","slug":"municipales-2026-a-strasbourg-vetter-lance-un-appel-a-lunion-des-le-premier-tour","status":"publish","type":"post","link":"https:\/\/www.europesays.com\/fr\/235918\/","title":{"rendered":"Municipales 2026. \u00c0 Strasbourg, Vetter lance un appel \u00e0 l\u2019union d\u00e8s le premier tour"},"content":{"rendered":"<p>\u00ab\u00a0Toutes les grandes r\u00e9ussites sont collectives\u00a0\u00bb, d\u00e9marre Jean-Philippe Vetter, l\u2019opposant au conseil municipal, par ailleurs conseiller de la Collectivit\u00e9 europ\u00e9enne d\u2019Alsace (CeA). \u00ab\u00a0C\u2019est pourquoi je lance un appel strasbourgeois \u00e0 d\u00e9passer les clivages partisans, un appel \u00e0 une union qui irait des sociod\u00e9mocrates \u00e0 la droite classique d\u00e8s le premier tour de scrutin.\u00a0\u00bb<\/p>\n<p>\u00ab\u00a0Une union des propositions\u00a0\u00bb plut\u00f4t que des oppositions<\/p>\n<p>\u00ab\u00a0Nous avons des valeurs convergentes, veut croire notre interlocuteur, qui nous permettraient de servir l\u2019int\u00e9r\u00eat g\u00e9n\u00e9ral\u00a0\u00bb. Reviennent \u00e0 l\u2019esprit&#8230;<\/p>\n","protected":false},"excerpt":{"rendered":"\u00ab\u00a0Toutes les grandes r\u00e9ussites sont collectives\u00a0\u00bb, d\u00e9marre Jean-Philippe Vetter, l\u2019opposant au conseil municipal, par ailleurs conseiller de la&hellip;\n","protected":false},"author":2,"featured_media":235919,"comment_status":"","ping_status":"","sticky":false,"template":"","format":"standard","meta":{"footnotes":""},"categories":[2820],"tags":[1111,11,1984,2880,4188,1777,674,107,1011,27,775,12,316,25,640,2879],"class_list":{"0":"post-235918","1":"post","2":"type-post","3":"status-publish","4":"format-standard","5":"has-post-thumbnail","7":"category-strasbourg","8":"tag-actu","9":"tag-actualites","10":"tag-conseil-municipal","11":"tag-edition-strasbourg","12":"tag-elections-municipales","13":"tag-eu","14":"tag-europe","15":"tag-fil-info","16":"tag-fr","17":"tag-france","18":"tag-grand-est","19":"tag-news","20":"tag-politique","21":"tag-republique-francaise","22":"tag-strasbourg","23":"tag-strasbourg-ville"},"share_on_mastodon":{"url":"https:\/\/pubeurope.com\/@fr\/114819379297989251","error":""},"_links":{"self":[{"href":"https:\/\/www.europesays.com\/fr\/wp-json\/wp\/v2\/posts\/235918","targetHints":{"allow":["GET"]}}],"collection":[{"href":"https:\/\/www.europesays.com\/fr\/wp-json\/wp\/v2\/posts"}],"about":[{"href":"https:\/\/www.europesays.com\/fr\/wp-json\/wp\/v2\/types\/post"}],"author":[{"embeddable":true,"href":"https:\/\/www.europesays.com\/fr\/wp-json\/wp\/v2\/users\/2"}],"replies":[{"embeddable":true,"href":"https:\/\/www.europesays.com\/fr\/wp-json\/wp\/v2\/comments?post=235918"}],"version-history":[{"count":0,"href":"https:\/\/www.europesays.com\/fr\/wp-json\/wp\/v2\/posts\/235918\/revisions"}],"wp:featuredmedia":[{"embeddable":true,"href":"https:\/\/www.europesays.com\/fr\/wp-json\/wp\/v2\/media\/235919"}],"wp:attachment":[{"href":"https:\/\/www.europesays.com\/fr\/wp-json\/wp\/v2\/media?parent=235918"}],"wp:term":[{"taxonomy":"category","embeddable":true,"href":"https:\/\/www.europesays.com\/fr\/wp-json\/wp\/v2\/categories?post=235918"},{"taxonomy":"post_tag","embeddable":true,"href":"https:\/\/www.europesays.com\/fr\/wp-json\/wp\/v2\/tags?post=235918"}],"curies":[{"name":"wp","href":"https:\/\/api.w.org\/{rel}","templated":true}]}}