{"id":235920,"date":"2025-07-08T19:57:11","date_gmt":"2025-07-08T19:57:11","guid":{"rendered":"https:\/\/www.europesays.com\/fr\/235920\/"},"modified":"2025-07-08T19:57:11","modified_gmt":"2025-07-08T19:57:11","slug":"horus-pharma-accelere-son-expansion-internationale-en-afrique-du-nord-au","status":"publish","type":"post","link":"https:\/\/www.europesays.com\/fr\/235920\/","title":{"rendered":"Horus Pharma acc\u00e9l\u00e8re son expansion internationale en Afrique du Nord, au (\u2026)"},"content":{"rendered":"<p>                    <img loading=\"lazy\" decoding=\"async\" src=\"https:\/\/www.europesays.com\/fr\/wp-content\/uploads\/2025\/07\/1e99d8b897ca0722323000682af161.png\" class=\"img-responsive post-image\" width=\"680\" height=\"510\" alt=\"Horus Pharma acc\u00e9l\u00e8re (\u2026)\" title=\"Horus Pharma acc\u00e9l\u00e8re son expansion internationale en Afrique du Nord, au Proche et Moyen-Orient\"\/><\/p>\n<p class=\"chapo\">Fond\u00e9 en 2003 et bas\u00e9 \u00e0 Nice, Horus Pharma continue de faire la d\u00e9monstration de son ambition internationale, port\u00e9e par une vision \u00e0 long terme et un ancrage fort dans l\u2019excellence scientifique. Le laboratoire fran\u00e7ais d\u2019ophtalmologie renforce sa pr\u00e9sence \u00e0 l\u2019international en s\u2019implantant dans huit nouveaux pays \u00e0 fort potentiel.<\/p>\n<p>Horus Pharma, laboratoire ind\u00e9pendant de r\u00e9f\u00e9rence dans le domaine de la sant\u00e9 oculaire, franchit une nouvelle \u00e9tape strat\u00e9gique dans son d\u00e9veloppement en s\u2019implantant dans huit pays suppl\u00e9mentaires au Proche et Moyen-Orient ainsi qu\u2019en Afrique du Nord. Gr\u00e2ce \u00e0 de nouveaux accords de distribution, ses produits seront d\u00e9sormais disponibles en Tunisie, au Liban, au Qatar, au Kowe\u00eft, \u00e0 Bahre\u00efn, en Arabie Saoudite, aux \u00c9mirats Arabes Unis et \u00e0 Oman.<\/p>\n<p>Pr\u00e9sent dans plus de 30 pays, Horus Pharma consolide sa strat\u00e9gie internationale en ciblant une r\u00e9gion en forte croissance<strong>. Le march\u00e9 de l\u2019ophtalmologie au Proche et Moyen-Orient, estim\u00e9 \u00e0 3 milliards de dollars en 2024, devrait atteindre 4,5 milliards d\u2019ici 2032, port\u00e9 par l\u2019essor d\u00e9mographique, le vieillissement de la population, l\u2019augmentation des pathologies oculaires et l\u2019adoption rapide de technologies innovantes.<\/strong><\/p>\n<p>Cette expansion s\u2019inscrit dans le cadre du <strong>programme #ETIncelles<\/strong>, dont Horus Pharma est laur\u00e9at depuis 2023, et vient renforcer l\u2019ambition du laboratoire d\u2019exporter l\u2019excellence fran\u00e7aise en mati\u00e8re de sant\u00e9 oculaire.<\/p>\n<p>Qualit\u00e9 industrielle fran\u00e7aise<\/p>\n<p>\u00ab\u00a0Avec ces nouveaux partenariats, nous sommes aujourd\u2019hui implant\u00e9s dans 9 pays du Proche et du Moyen-Orient. Cela constitue une \u00e9tape importante de notre strat\u00e9gie d\u2019internationalisation. Cette r\u00e9gion diverse et en plein d\u00e9veloppement repr\u00e9sente pour nous un axe majeur de d\u00e9veloppement, dans lequel nous souhaitons faire rayonner l\u2019expertise fran\u00e7aise en sant\u00e9 oculaire. De mani\u00e8re globale, l\u2019export est un levier de d\u00e9veloppement essentiel pour Horus Pharma.\u00a0\u00bb  souligne <strong>Nicolas Claret<\/strong>, Directeur International, <a href=\"https:\/\/www.horus-pharma.com\/fr\/\" class=\"spip_out\" rel=\"external nofollow noopener\" target=\"_blank\">Horus Pharma<\/a>.<\/p>\n<p>Avec d\u00e9j\u00e0 15\u00a0% de son chiffre d\u2019affaires r\u00e9alis\u00e9 hors de France, Horus Pharma ambitionne de doubler cette part d\u2019ici trois ans. Sa strat\u00e9gie repose sur un mod\u00e8le de d\u00e9veloppement agile, m\u00ealant filiales, joint-ventures et accords de distribution adapt\u00e9s aux sp\u00e9cificit\u00e9s locales. Ce mod\u00e8le lui a permis de s\u2019ancrer solidement en Europe et d\u2019ouvrir la voie \u00e0 une expansion durable au-del\u00e0.<\/p>\n<p>Dot\u00e9 d\u2019un portefeuille de 70 produits couvrant toutes les dimensions de la sant\u00e9 de l\u2019\u0153il, le laboratoire entend poursuivre sa croissance en misant sur l\u2019innovation et la qualit\u00e9 industrielle fran\u00e7aises. <strong>Une strat\u00e9gie qui s\u2019av\u00e8re payante\u00a0: entre 2020 et 2023, Horus Pharma a enregistr\u00e9 une croissance de 43\u00a0%, atteignant 107 millions d\u2019euros de chiffre d\u2019affaires en 2024 (+14\u00a0% sur un an) et figurant parmi les 400 entreprises fran\u00e7aises \u00e0 plus forte croissance selon Les \u00c9chos\/Statista.<br class=\"autobr\"\/><br \/>\n<\/strong><\/p>\n<p>Photo de Une\u00a0: Martine Claret et Nicolas Claret \u00a9Horus Pharma<\/p>\n","protected":false},"excerpt":{"rendered":"Fond\u00e9 en 2003 et bas\u00e9 \u00e0 Nice, Horus Pharma continue de faire la d\u00e9monstration de son ambition internationale,&hellip;\n","protected":false},"author":2,"featured_media":235921,"comment_status":"","ping_status":"","sticky":false,"template":"","format":"standard","meta":{"footnotes":""},"categories":[2819],"tags":[1111,11,2408,1777,674,1011,27,12,2401,882,25],"class_list":{"0":"post-235920","1":"post","2":"type-post","3":"status-publish","4":"format-standard","5":"has-post-thumbnail","7":"category-nice","8":"tag-actu","9":"tag-actualites","10":"tag-appels-d","11":"tag-eu","12":"tag-europe","13":"tag-fr","14":"tag-france","15":"tag-news","16":"tag-nice","17":"tag-provence-alpes-cote-dazur","18":"tag-republique-francaise"},"share_on_mastodon":{"url":"https:\/\/pubeurope.com\/@fr\/114819383268573247","error":""},"_links":{"self":[{"href":"https:\/\/www.europesays.com\/fr\/wp-json\/wp\/v2\/posts\/235920","targetHints":{"allow":["GET"]}}],"collection":[{"href":"https:\/\/www.europesays.com\/fr\/wp-json\/wp\/v2\/posts"}],"about":[{"href":"https:\/\/www.europesays.com\/fr\/wp-json\/wp\/v2\/types\/post"}],"author":[{"embeddable":true,"href":"https:\/\/www.europesays.com\/fr\/wp-json\/wp\/v2\/users\/2"}],"replies":[{"embeddable":true,"href":"https:\/\/www.europesays.com\/fr\/wp-json\/wp\/v2\/comments?post=235920"}],"version-history":[{"count":0,"href":"https:\/\/www.europesays.com\/fr\/wp-json\/wp\/v2\/posts\/235920\/revisions"}],"wp:featuredmedia":[{"embeddable":true,"href":"https:\/\/www.europesays.com\/fr\/wp-json\/wp\/v2\/media\/235921"}],"wp:attachment":[{"href":"https:\/\/www.europesays.com\/fr\/wp-json\/wp\/v2\/media?parent=235920"}],"wp:term":[{"taxonomy":"category","embeddable":true,"href":"https:\/\/www.europesays.com\/fr\/wp-json\/wp\/v2\/categories?post=235920"},{"taxonomy":"post_tag","embeddable":true,"href":"https:\/\/www.europesays.com\/fr\/wp-json\/wp\/v2\/tags?post=235920"}],"curies":[{"name":"wp","href":"https:\/\/api.w.org\/{rel}","templated":true}]}}