{"id":235922,"date":"2025-07-08T19:58:12","date_gmt":"2025-07-08T19:58:12","guid":{"rendered":"https:\/\/www.europesays.com\/fr\/235922\/"},"modified":"2025-07-08T19:58:12","modified_gmt":"2025-07-08T19:58:12","slug":"air-corsica-un-reseau-en-expansion-avec-la-nouvelle-ligne-nice-florence","status":"publish","type":"post","link":"https:\/\/www.europesays.com\/fr\/235922\/","title":{"rendered":"Air Corsica: un r\u00e9seau en expansion avec la nouvelle ligne Nice-Florence"},"content":{"rendered":"<p><a href=\"https:\/\/www.aircorsica.com\/\" target=\"_blank\" rel=\"noopener\">Air Corsica<\/a>, cr\u00e9\u00e9e en 1989 \u00e0 Ajaccio, est la compagnie a\u00e9rienne r\u00e9gionale de r\u00e9f\u00e9rence pour la Corse, reliant l\u2019\u00eele \u00e0 de nombreuses destinations. Avec une flotte moderne de 11 appareils (6 Airbus A320 et 5 ATR72-600), elle transporte environ 2 millions de passagers par an.<a href=\"https:\/\/www.apgfrance.com\/\" target=\"_blank\" rel=\"noopener\"> APG<\/a> est le repr\u00e9sentant d\u2019Air Corsica.<\/p>\n<p>En 2024, la compagnie a accueilli 14,8 millions de passagers \u00e0 l\u2019a\u00e9roport de Nice, son hub principal hors Corse<\/p>\n<p>Air Corsica dessert 16 destinations r\u00e9guli\u00e8res depuis Ajaccio, Bastia, Calvi et Figari, incluant des vols directs vers Paris-Orly, Marseille, Lyon, Toulouse, Bruxelles, Milan, Rome, Olbia et, depuis le 6 juin 2025, Figari-Olbia (vol hebdomadaire). Ses services incluent un bagage en soute (23 kg) et cabine (8 kg), avec des tarifs comp\u00e9titifs et un enregistrement gratuit.<\/p>\n<p>Le 27 juin 2025, Air Corsica a inaugur\u00e9 une nouvelle ligne annuelle in\u00e9dite entre Nice et Florence<\/p>\n<p>Cette ligne est op\u00e9r\u00e9e deux fois par semaine (lundis et vendredis) en ATR72-600. Cette liaison, jamais propos\u00e9e auparavant depuis Nice, r\u00e9pond \u00e0 une demande croissante des voyageurs azur\u00e9ens et renforce les connexions avec la Toscane. Les horaires sont con\u00e7us pour offrir une connectivit\u00e9 optimale avec les quatre a\u00e9roports corses (Ajaccio, Bastia, Calvi, Figari), facilitant les voyages entre la Corse, la C\u00f4te d\u2019Azur et l\u2019Italie.\u00a0<\/p>\n<p>Les tarifs d\u00e9butent \u00e0 99 \u20ac TTC l\u2019aller simple Nice-Florence et 269 \u20ac TTC l\u2019aller-retour Corse-Nice-Florence. Cette expansion, amorc\u00e9e en 2022 avec des vols vers Rome, Milan et Olbia, optimise l\u2019utilisation de la flotte et cible le potentiel touristique et \u00e9conomique m\u00e9diterran\u00e9en.\u00a0<\/p>\n<p>R\u00e9servation aupr\u00e8s de votre agence de voyages ou d<a href=\"https:\/\/www.aircorsica.com\/\" target=\"_blank\" rel=\"noopener\">\u2018Air Corsica<\/a><\/p>\n<p>\u00a0<\/p>\n<p>\u00a0<\/p>\n","protected":false},"excerpt":{"rendered":"Air Corsica, cr\u00e9\u00e9e en 1989 \u00e0 Ajaccio, est la compagnie a\u00e9rienne r\u00e9gionale de r\u00e9f\u00e9rence pour la Corse, reliant&hellip;\n","protected":false},"author":2,"featured_media":235923,"comment_status":"","ping_status":"","sticky":false,"template":"","format":"standard","meta":{"footnotes":""},"categories":[2819],"tags":[1111,11,37480,24841,37478,16011,2517,1777,674,1011,27,12,2401,37479,882,25],"class_list":{"0":"post-235922","1":"post","2":"type-post","3":"status-publish","4":"format-standard","5":"has-post-thumbnail","7":"category-nice","8":"tag-actu","9":"tag-actualites","10":"tag-aeroport-de-florence","11":"tag-aeroport-de-nice","12":"tag-air-corsica","13":"tag-apg","14":"tag-corse","15":"tag-eu","16":"tag-europe","17":"tag-fr","18":"tag-france","19":"tag-news","20":"tag-nice","21":"tag-nouveautes-du-transport-aerien","22":"tag-provence-alpes-cote-dazur","23":"tag-republique-francaise"},"share_on_mastodon":{"url":"https:\/\/pubeurope.com\/@fr\/114819386928736117","error":""},"_links":{"self":[{"href":"https:\/\/www.europesays.com\/fr\/wp-json\/wp\/v2\/posts\/235922","targetHints":{"allow":["GET"]}}],"collection":[{"href":"https:\/\/www.europesays.com\/fr\/wp-json\/wp\/v2\/posts"}],"about":[{"href":"https:\/\/www.europesays.com\/fr\/wp-json\/wp\/v2\/types\/post"}],"author":[{"embeddable":true,"href":"https:\/\/www.europesays.com\/fr\/wp-json\/wp\/v2\/users\/2"}],"replies":[{"embeddable":true,"href":"https:\/\/www.europesays.com\/fr\/wp-json\/wp\/v2\/comments?post=235922"}],"version-history":[{"count":0,"href":"https:\/\/www.europesays.com\/fr\/wp-json\/wp\/v2\/posts\/235922\/revisions"}],"wp:featuredmedia":[{"embeddable":true,"href":"https:\/\/www.europesays.com\/fr\/wp-json\/wp\/v2\/media\/235923"}],"wp:attachment":[{"href":"https:\/\/www.europesays.com\/fr\/wp-json\/wp\/v2\/media?parent=235922"}],"wp:term":[{"taxonomy":"category","embeddable":true,"href":"https:\/\/www.europesays.com\/fr\/wp-json\/wp\/v2\/categories?post=235922"},{"taxonomy":"post_tag","embeddable":true,"href":"https:\/\/www.europesays.com\/fr\/wp-json\/wp\/v2\/tags?post=235922"}],"curies":[{"name":"wp","href":"https:\/\/api.w.org\/{rel}","templated":true}]}}