{"id":235931,"date":"2025-07-08T20:03:09","date_gmt":"2025-07-08T20:03:09","guid":{"rendered":"https:\/\/www.europesays.com\/fr\/235931\/"},"modified":"2025-07-08T20:03:09","modified_gmt":"2025-07-08T20:03:09","slug":"la-barriere-naurait-pas-du-etre-la","status":"publish","type":"post","link":"https:\/\/www.europesays.com\/fr\/235931\/","title":{"rendered":"La barri\u00e8re n&rsquo;aurait pas d\u00fb \u00eatre l\u00e0"},"content":{"rendered":"<p>            Par<br \/>\n        <strong><br \/>\n            <a href=\"https:\/\/actu.fr\/auteur\/anaelle-montagne\" title=\"Consulter tous les articles de Anaelle Montagne\" target=\"_blank\" rel=\"noopener\">Anaelle Montagne<\/a><br \/>\n        <\/strong><\/p>\n<p>        Publi\u00e9 le<\/p>\n<p>            8 juil. 2025 \u00e0 19h07        <\/p>\n<p>La <strong>f\u00eate foraine de <a href=\"https:\/\/actu.fr\/occitanie\/tournefeuille_31557\" target=\"_blank\" rel=\"noopener\">Tournefeuille<\/a><\/strong>, pr\u00e8s de Toulouse, a tourn\u00e9 au drame ce lundi 7\u00a0juillet 2025. Vers 16\u00a0heures, une fillette de deux ans et demi a \u00e9t\u00e9 <a href=\"https:\/\/actu.fr\/occitanie\/tournefeuille_31557\/pres-de-toulouse-une-enfant-de-3-ans-victime-d-un-grave-accident-a-la-fete-foraine-les-festivites-annulees_62880237.html\" target=\"_blank\" rel=\"noopener\">victime d\u2019un grave accident<\/a> alors qu\u2019elle se trouvait dans un man\u00e8ge. Elle a subi un <strong>malaise cardiaque<\/strong> apr\u00e8s un<strong> coup violent au niveau de la trach\u00e9e.<\/strong> Au lendemain des faits, on en sait davantage sur les circonstances.<\/p>\n<p>Une barri\u00e8re qui n\u2019aurait jamais d\u00fb \u00eatre en place<\/p>\n<p class=\" wall-content\">Il est 16\u00a0heures en ce dernier jour de la f\u00eate locale quand le site ouvre au public. Les familles d\u00e9barquent petit \u00e0 petit, les forains ouvrent leurs man\u00e8ges. Entre les attractions \u00e0 sensations fortes et les camions de churros, un toboggan pour enfants attire une petite famille. Celle de la fillette de deux ans et demi, <strong>accompagn\u00e9e de sa <\/strong><strong>m\u00e8re et de son oncle \u00e2g\u00e9 de 17\u00a0ans,<\/strong> pr\u00e9cise le parquet \u00e0 <a href=\"https:\/\/actu.fr\/toulouse\/\" target=\"_blank\" rel=\"noopener\">Actu Toulouse<\/a>.<\/p>\n<p class=\" wall-content\">Ils ach\u00e8tent des tickets et la petite monte avec son jeune oncle en haut de la structure. Elle passe entre ses jambes et ils s\u2019\u00e9lancent, sur l\u2019une des voies du toboggan. Sans r\u00e9aliser qu\u2019une des <strong>barri\u00e8res de s\u00e9curit\u00e9<\/strong>, qui aurait d\u00fb \u00eatre retir\u00e9e par le propri\u00e9taire du man\u00e8ge, est toujours en place au niveau du dernier tiers de l\u2019attraction.<\/p>\n<p class=\" wall-content\">Alors qu\u2019elle descend \u00e0 vive allure le toboggan, <strong>la fillette percute la barre de plein fouet<\/strong>. Le choc est d\u2019une violence inou\u00efe et l\u2019enfant fait un malaise cardiaque. Imm\u00e9diatement d\u00e9p\u00each\u00e9s sur place, les pompiers tentent de la r\u00e9animer pendant de longues minutes. Elle est ensuite hospitalis\u00e9e en urgence absolue \u00e0 <a href=\"https:\/\/actu.fr\/tag\/chu-de-toulouse\" target=\"_blank\" rel=\"noopener\">l\u2019h\u00f4pital de Purpan<\/a>, <strong>entre la vie et la mort<\/strong>.<\/p>\n<p>L\u2019\u00e9tat de la fillette n\u2019\u00e9volue pas<\/p>\n<p class=\" wall-content\">Suite au drame, les festivit\u00e9s pr\u00e9vues ce soir-l\u00e0 ont \u00e9t\u00e9 annul\u00e9es par la mairie. Le lendemain, ce mardi 8\u00a0juillet en d\u00e9but d\u2019apr\u00e8s-midi, <strong>le pronostic vital de l\u2019enfant est toujours \u00ab\u2009tr\u00e8s engag\u00e9\u2009\u00bb<\/strong>, confirme le parquet.<\/p>\n<p class=\" wall-content\">Pourquoi cette barri\u00e8re de s\u00e9curit\u00e9 \u00e9tait-elle toujours en place\u2009? Difficile, pour l\u2019heure, de savoir \u00e0 coup s\u00fbr si le propri\u00e9taire du man\u00e8ge a fait monter les clients sans avoir fini d\u2019ouvrir \u2013 en esp\u00e9rant qu\u2019ils patientent le temps qu\u2019il retire la barri\u00e8re \u2013 ou s\u2019il s\u2019agissait d\u2019un <strong>oubli pur et simple<\/strong>. L\u2019enqu\u00eate en cours devrait permettre de le d\u00e9terminer.<\/p>\n<p>\u00ab\u2009J\u2019ai v\u00e9cu avec cette hantise\u2009\u00bb<\/p>\n<p class=\" wall-content\">\u00ab\u2009Ce n\u2019est m\u00eame pas un man\u00e8ge dangereux\u2009! Quant aux barri\u00e8res, elles sont install\u00e9es pour \u00e9viter que des petits malins utilisent le man\u00e8ge la nuit, mais elles sont cens\u00e9es \u00eatre retir\u00e9es quand l\u2019attraction ouvre, donc cette barri\u00e8re n\u2019aurait jamais d\u00fb \u00eatre l\u00e0\u2009\u00bb, souligne Jos\u00e9. Il est membre du comit\u00e9 qui organisait la f\u00eate foraine depuis des dizaines d\u2019ann\u00e9es, jusqu\u2019\u00e0 cette ann\u00e9e, o\u00f9<strong> la mairie de Tournefeuille a repris la main.<\/strong><\/p>\n<p class=\" wall-content\">Le Tournefeuillais insiste cependant\u2009: il ne met pas en cause la responsabilit\u00e9 des organisateurs. \u00ab\u2009\u00c7a aurait pu m\u2019arriver \u00e0 moi, quand j\u2019\u00e9tais pr\u00e9sident du comit\u00e9 des f\u00eates. Pendant les 58\u00a0ans que j\u2019ai pass\u00e9s \u00e0 organiser \u00e7a, j\u2019ai v\u00e9cu avec la hantise qu\u2019il arrive un accident.<strong> J\u2019avais cette trouille en moi.<\/strong> C\u2019est tragique.\u2009\u00bb<\/p>\n<p class=\" wall-content\">Le propri\u00e9taire du man\u00e8ge a \u00e9t\u00e9 plac\u00e9 en garde \u00e0 vue suite au drame. L\u2019enqu\u00eate pour <strong>\u00ab\u2009blessures involontaires par imprudence\u2009\u00bb<\/strong> est toujours en cours, confirme le parquet de Toulouse.<\/p>\n<p class=\" wall-content\">Suivez toute l\u2019actualit\u00e9 de vos villes et m\u00e9dias favoris en vous inscrivant \u00e0 <a href=\"https:\/\/moncompte.actu.fr\" title=\"D\u00e9couvez Mon Actu\" rel=\"nofollow noopener\" data-trk=\"{&quot;cta&quot;:{&quot;action&quot;:&quot;https:\\\/\\\/moncompte.actu.fr&quot;,&quot;category&quot;:&quot;mon compte&quot;,&quot;from&quot;:&quot;article footer&quot;,&quot;name&quot;:&quot;Mon actu&quot;,&quot;type&quot;:&quot;cta&quot;}}\" target=\"_blank\">Mon Actu<\/a>.<\/p>\n","protected":false},"excerpt":{"rendered":"Par Anaelle Montagne Publi\u00e9 le 8 juil. 2025 \u00e0 19h07 La f\u00eate foraine de Tournefeuille, pr\u00e8s de Toulouse,&hellip;\n","protected":false},"author":2,"featured_media":235932,"comment_status":"","ping_status":"","sticky":false,"template":"","format":"standard","meta":{"footnotes":""},"categories":[2816],"tags":[119,1111,11,1777,674,118,11501,1011,27,12,2680,25,2312],"class_list":{"0":"post-235931","1":"post","2":"type-post","3":"status-publish","4":"format-standard","5":"has-post-thumbnail","7":"category-toulouse","8":"tag-accident","9":"tag-actu","10":"tag-actualites","11":"tag-eu","12":"tag-europe","13":"tag-faits-divers","14":"tag-fete-foraine","15":"tag-fr","16":"tag-france","17":"tag-news","18":"tag-occitanie","19":"tag-republique-francaise","20":"tag-toulouse"},"share_on_mastodon":{"url":"https:\/\/pubeurope.com\/@fr\/114819406501643541","error":""},"_links":{"self":[{"href":"https:\/\/www.europesays.com\/fr\/wp-json\/wp\/v2\/posts\/235931","targetHints":{"allow":["GET"]}}],"collection":[{"href":"https:\/\/www.europesays.com\/fr\/wp-json\/wp\/v2\/posts"}],"about":[{"href":"https:\/\/www.europesays.com\/fr\/wp-json\/wp\/v2\/types\/post"}],"author":[{"embeddable":true,"href":"https:\/\/www.europesays.com\/fr\/wp-json\/wp\/v2\/users\/2"}],"replies":[{"embeddable":true,"href":"https:\/\/www.europesays.com\/fr\/wp-json\/wp\/v2\/comments?post=235931"}],"version-history":[{"count":0,"href":"https:\/\/www.europesays.com\/fr\/wp-json\/wp\/v2\/posts\/235931\/revisions"}],"wp:featuredmedia":[{"embeddable":true,"href":"https:\/\/www.europesays.com\/fr\/wp-json\/wp\/v2\/media\/235932"}],"wp:attachment":[{"href":"https:\/\/www.europesays.com\/fr\/wp-json\/wp\/v2\/media?parent=235931"}],"wp:term":[{"taxonomy":"category","embeddable":true,"href":"https:\/\/www.europesays.com\/fr\/wp-json\/wp\/v2\/categories?post=235931"},{"taxonomy":"post_tag","embeddable":true,"href":"https:\/\/www.europesays.com\/fr\/wp-json\/wp\/v2\/tags?post=235931"}],"curies":[{"name":"wp","href":"https:\/\/api.w.org\/{rel}","templated":true}]}}