{"id":235939,"date":"2025-07-08T20:07:09","date_gmt":"2025-07-08T20:07:09","guid":{"rendered":"https:\/\/www.europesays.com\/fr\/235939\/"},"modified":"2025-07-08T20:07:09","modified_gmt":"2025-07-08T20:07:09","slug":"rupture-de-canalisations-dans-le-11e-arrondissement-de-marseille-50-foyers-prives-deau","status":"publish","type":"post","link":"https:\/\/www.europesays.com\/fr\/235939\/","title":{"rendered":"Rupture de canalisations dans le 11e arrondissement de Marseille : 50 foyers priv\u00e9s d&rsquo;eau"},"content":{"rendered":"<p>De l\u2019eau s\u2019\u00e9coule dans la rue. Un trou b\u00e9ant rempli de boue bloque la route. Une grue ramasse les roches \u00e9boul\u00e9es. Au croisement du boulevard de Saint-Loup, de l\u2019avenue du Docteur Heckel et du boulevard de la Valbarelle, entre les 10e et 11e arrondissements de Marseille,<strong> deux canalisations se sont rompues au petit matin<\/strong>, \u00e0 5 heures ce mardi 8 juillet. Une de 400 millim\u00e8tres de diam\u00e8tre et une autre de 250.<\/p>\n<p>Deux \u00e9quipes travaillent \u00e0 r\u00e9parer les fuites depuis 6 heures. La cause ? Elle est multifactorielle, explique la Soci\u00e9t\u00e9 Eau de Marseille (SEM). Avec le r\u00e9chauffement climatique, <strong>les riverains ont consomm\u00e9 beaucoup d\u2019eau<\/strong>, provoquant des coups de pression. Les changements de temp\u00e9rature provoquent aussi des mouvements de terre, ce qui peut endommager la canalisation, poursuit la SEM. Cette rupture de canalisation aurait pu provoquer une fuite de gaz, \u00e9vit\u00e9e gr\u00e2ce aux v\u00e9rifications et tra\u00e7age de GRDF. Pour pr\u00e9venir les risques, l\u2019eau a \u00e9t\u00e9 coup\u00e9e chez les riverains du boulevard de la Valbarelle, de l\u2019avenue du Docteur Heckel et de la rue \u00c9l\u00e9on.<\/p>\n<p>\u00ab\u00a0Ils n\u00e9gligent tout\u00a0\u00bb<\/p>\n<p>Cinquante habitations sont concern\u00e9es d\u2019apr\u00e8s la Soci\u00e9t\u00e9 Eau de Marseille (SEM). Encore en pyjama, Marie-Rose Grammatico d\u00e9plore les d\u00e9g\u00e2ts. \u00ab\u00a0On ne peut m\u00eame pas se doucher ni faire la vaisselle. J\u2019ai d\u2019abord cru que c\u2019\u00e9tait de la pluie avant de voir l\u2019inondation\u00a0\u00bb, explique-t-elle. \u00c0 c\u00f4t\u00e9, son mari Dominique fustige l\u2019incurie de l\u2019entretien des canalisations. \u00ab\u00a0Ils n\u00e9gligent tout et font tout \u00e0 la va-vite\u00a0\u00bb, grince-t-il. \u00ab\u00a0Ils pourraient \u00e9viter cette situation en prenant plus soin des canalisations\u00a0\u00bb, abonde leur voisine Jacqueline.<\/p>\n<p>La SEM assure pourtant effectuer des renouvellements de r\u00e9seau r\u00e9guliers, 1% des canalisations par an. Mais 5 000 km de r\u00e9seau sont concern\u00e9s, justifiant de la fragilit\u00e9 de certaines, souligne la Soci\u00e9t\u00e9 Eau de Marseille. Une fois le probl\u00e8me cibl\u00e9, six \u00e0 douze heures de r\u00e9paration sont n\u00e9cessaires <a href=\"https:\/\/laprovence.com\/article\/societe\/92989970632731\/marseille-coupures-deau-portes-cassees-visites-de-sangliers-au-bosquet-les-habitants-se-sentent-oublies\" target=\"_blank\" rel=\"nofollow noopener\">pour r\u00e9tablir l\u2019eau<\/a>. Les riverains devraient donc retrouver de l\u2019eau aux alentours de 18 heures, d\u2019apr\u00e8s la SEM.<\/p>\n","protected":false},"excerpt":{"rendered":"De l\u2019eau s\u2019\u00e9coule dans la rue. Un trou b\u00e9ant rempli de boue bloque la route. Une grue ramasse&hellip;\n","protected":false},"author":2,"featured_media":235940,"comment_status":"","ping_status":"","sticky":false,"template":"","format":"standard","meta":{"footnotes":""},"categories":[2814],"tags":[25100,17,1111,11,3869,37481,1446,1777,674,36669,1011,27,884,12,882,16,25,13559],"class_list":{"0":"post-235939","1":"post","2":"type-post","3":"status-publish","4":"format-standard","5":"has-post-thumbnail","7":"category-marseille","8":"tag-11e","9":"tag-17","10":"tag-actu","11":"tag-actualites","12":"tag-arrondissement","13":"tag-canalisations","14":"tag-dans","15":"tag-eu","16":"tag-europe","17":"tag-foyers","18":"tag-fr","19":"tag-france","20":"tag-marseille","21":"tag-news","22":"tag-provence-alpes-cote-dazur","23":"tag-region","24":"tag-republique-francaise","25":"tag-rupture"},"share_on_mastodon":{"url":"https:\/\/pubeurope.com\/@fr\/114819422214281777","error":""},"_links":{"self":[{"href":"https:\/\/www.europesays.com\/fr\/wp-json\/wp\/v2\/posts\/235939","targetHints":{"allow":["GET"]}}],"collection":[{"href":"https:\/\/www.europesays.com\/fr\/wp-json\/wp\/v2\/posts"}],"about":[{"href":"https:\/\/www.europesays.com\/fr\/wp-json\/wp\/v2\/types\/post"}],"author":[{"embeddable":true,"href":"https:\/\/www.europesays.com\/fr\/wp-json\/wp\/v2\/users\/2"}],"replies":[{"embeddable":true,"href":"https:\/\/www.europesays.com\/fr\/wp-json\/wp\/v2\/comments?post=235939"}],"version-history":[{"count":0,"href":"https:\/\/www.europesays.com\/fr\/wp-json\/wp\/v2\/posts\/235939\/revisions"}],"wp:featuredmedia":[{"embeddable":true,"href":"https:\/\/www.europesays.com\/fr\/wp-json\/wp\/v2\/media\/235940"}],"wp:attachment":[{"href":"https:\/\/www.europesays.com\/fr\/wp-json\/wp\/v2\/media?parent=235939"}],"wp:term":[{"taxonomy":"category","embeddable":true,"href":"https:\/\/www.europesays.com\/fr\/wp-json\/wp\/v2\/categories?post=235939"},{"taxonomy":"post_tag","embeddable":true,"href":"https:\/\/www.europesays.com\/fr\/wp-json\/wp\/v2\/tags?post=235939"}],"curies":[{"name":"wp","href":"https:\/\/api.w.org\/{rel}","templated":true}]}}