{"id":235943,"date":"2025-07-08T20:09:11","date_gmt":"2025-07-08T20:09:11","guid":{"rendered":"https:\/\/www.europesays.com\/fr\/235943\/"},"modified":"2025-07-08T20:09:11","modified_gmt":"2025-07-08T20:09:11","slug":"a-lyon-un-hommage-a-14-heros-de-la-police-durant-la-seconde-guerre-mondiale","status":"publish","type":"post","link":"https:\/\/www.europesays.com\/fr\/235943\/","title":{"rendered":"\u00e0 Lyon, un hommage \u00e0 14 h\u00e9ros de la police durant la Seconde Guerre mondiale"},"content":{"rendered":"<p>\u00ab\u00a0Une plaque modeste dans sa forme mais immense dans ce qu\u2019elle raconte sur l\u2019humanit\u00e9\u00a0\u00bb. Lyon a c\u00e9l\u00e9br\u00e9, mardi, 14 policiers de la r\u00e9gion, reconnus Justes parmi les nations, qui ont d\u00e9sob\u00e9i au r\u00e9gime de Vichy, durant la Seconde Guerre mondiale, pour sauver des Juifs.<\/p>\n<p><strong>&gt;&gt;<a href=\"https:\/\/www.leprogres.fr\/societe\/2024\/08\/15\/l-histoire-des-trois-justes-lyonnais-qui-ont-sauve-tita-et-jacques-borach\" target=\"_blank\" rel=\"nofollow noopener\"> L\u2019histoire des trois Justes lyonnais qui ont sauv\u00e9 Tita et Jacques Borach<\/a><\/strong><\/p>\n<p>Une c\u00e9r\u00e9monie a \u00e9t\u00e9 organis\u00e9e \u00e0 l\u2019h\u00f4tel de police de Montluc, situ\u00e9 dans le fort \u00e9ponyme (Lyon 3e ), \u00e0 quelques pas de l\u2019ex-prison de la Gestapo. \u00ab\u00a0Il suffit parfois d\u2019une simple plaque et soudain c\u2019est le vertige du courage qui vous saisit\u00a0\u00bb, a \u00e9nonc\u00e9 Emmanuelle Darmon, sous-pr\u00e9f\u00e8te et directrice de cabinet de la pr\u00e9fecture de R\u00e9gion. \u00ab\u00a0L\u2019uniforme peut devenir une digue&#8230;<\/p>\n","protected":false},"excerpt":{"rendered":"\u00ab\u00a0Une plaque modeste dans sa forme mais immense dans ce qu\u2019elle raconte sur l\u2019humanit\u00e9\u00a0\u00bb. Lyon a c\u00e9l\u00e9br\u00e9, mardi,&hellip;\n","protected":false},"author":2,"featured_media":235944,"comment_status":"","ping_status":"","sticky":false,"template":"","format":"standard","meta":{"footnotes":""},"categories":[1889],"tags":[1111,11,2430,2757,1777,674,274,107,1011,27,937,2428,2756,12,25,2429,104],"class_list":{"0":"post-235943","1":"post","2":"type-post","3":"status-publish","4":"format-standard","5":"has-post-thumbnail","7":"category-lyon","8":"tag-actu","9":"tag-actualites","10":"tag-auvergne-rhone-alpes","11":"tag-edition-lyon-villeurbanne","12":"tag-eu","13":"tag-europe","14":"tag-faits-divers-justice","15":"tag-fil-info","16":"tag-fr","17":"tag-france","18":"tag-histoire","19":"tag-lyon","20":"tag-lyon-bassin","21":"tag-news","22":"tag-republique-francaise","23":"tag-rhone","24":"tag-societe"},"share_on_mastodon":{"url":"https:\/\/pubeurope.com\/@fr\/114819430182535566","error":""},"_links":{"self":[{"href":"https:\/\/www.europesays.com\/fr\/wp-json\/wp\/v2\/posts\/235943","targetHints":{"allow":["GET"]}}],"collection":[{"href":"https:\/\/www.europesays.com\/fr\/wp-json\/wp\/v2\/posts"}],"about":[{"href":"https:\/\/www.europesays.com\/fr\/wp-json\/wp\/v2\/types\/post"}],"author":[{"embeddable":true,"href":"https:\/\/www.europesays.com\/fr\/wp-json\/wp\/v2\/users\/2"}],"replies":[{"embeddable":true,"href":"https:\/\/www.europesays.com\/fr\/wp-json\/wp\/v2\/comments?post=235943"}],"version-history":[{"count":0,"href":"https:\/\/www.europesays.com\/fr\/wp-json\/wp\/v2\/posts\/235943\/revisions"}],"wp:featuredmedia":[{"embeddable":true,"href":"https:\/\/www.europesays.com\/fr\/wp-json\/wp\/v2\/media\/235944"}],"wp:attachment":[{"href":"https:\/\/www.europesays.com\/fr\/wp-json\/wp\/v2\/media?parent=235943"}],"wp:term":[{"taxonomy":"category","embeddable":true,"href":"https:\/\/www.europesays.com\/fr\/wp-json\/wp\/v2\/categories?post=235943"},{"taxonomy":"post_tag","embeddable":true,"href":"https:\/\/www.europesays.com\/fr\/wp-json\/wp\/v2\/tags?post=235943"}],"curies":[{"name":"wp","href":"https:\/\/api.w.org\/{rel}","templated":true}]}}