{"id":235953,"date":"2025-07-08T20:14:12","date_gmt":"2025-07-08T20:14:12","guid":{"rendered":"https:\/\/www.europesays.com\/fr\/235953\/"},"modified":"2025-07-08T20:14:12","modified_gmt":"2025-07-08T20:14:12","slug":"info-paris-match-stains-un-homme-grievement-blesse-par-balle","status":"publish","type":"post","link":"https:\/\/www.europesays.com\/fr\/235953\/","title":{"rendered":"INFO PARIS MATCH &#8211; Stains : un homme gri\u00e8vement bless\u00e9 par balle"},"content":{"rendered":"<p>C\u2019est une bien myst\u00e9rieuse affaire que doivent d\u00e9nouer les policiers de Seine-Saint-Denis. Selon les informations de Paris Match, un homme a \u00e9t\u00e9 gri\u00e8vement bless\u00e9 par balle, dans la nuit du 7 au 8 juillet, dans un immeuble de la rue du Moutier \u00e0 Stains (Seine-Saint-Denis).<\/p>\n<p>Selon les premiers \u00e9l\u00e9ments de l\u2019enqu\u00eate, la victime se trouvait \u00e0 son domicile lorsqu\u2019elle a \u00e9t\u00e9 prise pour cible. Les faits se sont d\u00e9roul\u00e9s peu apr\u00e8s 2 heures du matin.<\/p>\n<p>Une information confirm\u00e9e par le parquet de Bobigny \u00e0 Paris Match : \u00ab Une enqu\u00eate du chef de tentative d\u2019homicide commis \u00e0 Stains cette nuit, dont les circonstances ne sont pas encore consolid\u00e9es, a \u00e9t\u00e9 ouverte \u00bb, a pr\u00e9cis\u00e9 le parquet de Bobigny.<\/p>\n<p>Un voisin a donn\u00e9 l&rsquo;alerte<\/p>\n<p>Toujours selon les informations de Paris Match, atteint par six projectiles au niveau des jambes et des testicules, l\u2019homme a \u00e9t\u00e9 d\u00e9couvert allong\u00e9 sur son canap\u00e9 par les secours, avant d\u2019\u00eatre \u00e9vacu\u00e9, dans un \u00e9tat grave, vers l\u2019h\u00f4pital le plus proche. C\u2019est un voisin qui a donn\u00e9 l\u2019alerte apr\u00e8s avoir entendu plusieurs d\u00e9tonations.<\/p>\n<p>Les enqu\u00eateurs du service d\u00e9partemental de police judiciaire de Seine-Saint-Denis ont \u00e9t\u00e9 saisis de la poursuite des investigations.<\/p>\n<p><a href=\"https:\/\/www.parismatch.com\/actu\/faits-divers\/info-paris-match-stains-un-homme-grievement-blesse-par-balle-253966?at_medium=affiliate&amp;at_campaign=Yahoo\" rel=\"nofollow noopener\" target=\"_blank\" data-ylk=\"slk:Retrouvez cet article sur ParisMatch;elm:context_link;itc:0;sec:content-canvas\" class=\"link \">Retrouvez cet article sur ParisMatch<\/a><\/p>\n","protected":false},"excerpt":{"rendered":"C\u2019est une bien myst\u00e9rieuse affaire que doivent d\u00e9nouer les policiers de Seine-Saint-Denis. Selon les informations de Paris Match,&hellip;\n","protected":false},"author":2,"featured_media":235954,"comment_status":"","ping_status":"","sticky":false,"template":"","format":"standard","meta":{"footnotes":""},"categories":[1888],"tags":[1111,1928,11,1927,2511,1777,674,1011,27,12,1926,626,5818,1925,37482,25,1945],"class_list":{"0":"post-235953","1":"post","2":"type-post","3":"status-publish","4":"format-standard","5":"has-post-thumbnail","7":"category-paris","8":"tag-actu","9":"tag-actu-paris","10":"tag-actualites","11":"tag-actualites-paris","12":"tag-cest","13":"tag-eu","14":"tag-europe","15":"tag-fr","16":"tag-france","17":"tag-news","18":"tag-news-paris","19":"tag-paris","20":"tag-paris-match","21":"tag-paris-news","22":"tag-parquet-de-bobigny","23":"tag-republique-francaise","24":"tag-seine-saint-denis"},"share_on_mastodon":{"url":"https:\/\/pubeurope.com\/@fr\/114819449926464685","error":""},"_links":{"self":[{"href":"https:\/\/www.europesays.com\/fr\/wp-json\/wp\/v2\/posts\/235953","targetHints":{"allow":["GET"]}}],"collection":[{"href":"https:\/\/www.europesays.com\/fr\/wp-json\/wp\/v2\/posts"}],"about":[{"href":"https:\/\/www.europesays.com\/fr\/wp-json\/wp\/v2\/types\/post"}],"author":[{"embeddable":true,"href":"https:\/\/www.europesays.com\/fr\/wp-json\/wp\/v2\/users\/2"}],"replies":[{"embeddable":true,"href":"https:\/\/www.europesays.com\/fr\/wp-json\/wp\/v2\/comments?post=235953"}],"version-history":[{"count":0,"href":"https:\/\/www.europesays.com\/fr\/wp-json\/wp\/v2\/posts\/235953\/revisions"}],"wp:featuredmedia":[{"embeddable":true,"href":"https:\/\/www.europesays.com\/fr\/wp-json\/wp\/v2\/media\/235954"}],"wp:attachment":[{"href":"https:\/\/www.europesays.com\/fr\/wp-json\/wp\/v2\/media?parent=235953"}],"wp:term":[{"taxonomy":"category","embeddable":true,"href":"https:\/\/www.europesays.com\/fr\/wp-json\/wp\/v2\/categories?post=235953"},{"taxonomy":"post_tag","embeddable":true,"href":"https:\/\/www.europesays.com\/fr\/wp-json\/wp\/v2\/tags?post=235953"}],"curies":[{"name":"wp","href":"https:\/\/api.w.org\/{rel}","templated":true}]}}