{"id":235957,"date":"2025-07-08T20:16:12","date_gmt":"2025-07-08T20:16:12","guid":{"rendered":"https:\/\/www.europesays.com\/fr\/235957\/"},"modified":"2025-07-08T20:16:12","modified_gmt":"2025-07-08T20:16:12","slug":"minorite-yazidie-la-cour-dappel-de-paris-ordonne-quune-francaise-de-retour-de-syrie-soit-jugee-pour-genocide","status":"publish","type":"post","link":"https:\/\/www.europesays.com\/fr\/235957\/","title":{"rendered":"Minorit\u00e9 yazidie\u00a0: la cour d\u2019appel de Paris ordonne qu\u2019une Fran\u00e7aise de retour de Syrie soit jug\u00e9e pour g\u00e9nocide"},"content":{"rendered":"<p class=\"paragraph text_align_left lp-f-body-02\">La cour d\u2019appel de Paris a ordonn\u00e9 ce mardi qu\u2019une Fran\u00e7aise de retour de Syrie soit jug\u00e9e pour g\u00e9nocide par la Cour d\u2019assises sp\u00e9ciale. Cette femme, <a href=\"https:\/\/www.leparisien.fr\/faits-divers\/decision-en-janvier-sur-lappel-du-renvoi-aux-assises-dune-femme-pour-genocide-sur-la-minorite-yezidie-11-12-2024-RF6NY7J7SVFJXDRBVO2AQO7LJE.php\" target=\"_self\" rel=\"noopener\">Sonia Mejri<\/a>, est suspect\u00e9e d\u2019avoir r\u00e9duit en esclavage une adolescente <a href=\"https:\/\/www.leparisien.fr\/international\/irak-mais-qui-sont-les-yazidis-ce-peuple-menace-09-08-2014-4055929.php\" target=\"_self\" rel=\"noopener\">yazidie<\/a> au printemps 2015, a appris l\u2019Agence France-Presse (AFP) de source judiciaire.<\/p>\n<p class=\"paragraph text_align_left lp-f-body-02\">\u00ab La chambre de l\u2019instruction a finalement ordonn\u00e9 la mise en accusation de Mme Mejri du chef de g\u00e9nocide. Nous d\u00e9plorons cette d\u00e9cision incoh\u00e9rente et allons \u00e9valuer, d\u00e8s que nous aurons re\u00e7u l\u2019arr\u00eat, l\u2019opportunit\u00e9 de faire ou non un nouveau pourvoi en cassation \u00bb a comment\u00e9 Me Marceau Perdereau, qui d\u00e9fend Sonia Mejri avec Me Nabil Boudi.<\/p>\n<p class=\"paragraph text_align_left lp-f-body-02\">\u00ab Mme Mejri conteste toujours fermement avoir particip\u00e9 au g\u00e9nocide des Yazidis. Si elle devait \u00eatre jug\u00e9e pour cela, elle s\u2019en d\u00e9fendrait avec force lors du proc\u00e8s \u00bb, a ajout\u00e9 Me Perdereau.<\/p>\n<p>Ex-\u00e9pouse d\u2019un \u00e9mir de l\u2019\u00c9tat islamique<\/p>\n<p class=\"paragraph text_align_left lp-f-body-02\">Avec cette d\u00e9cision, Sonia Mejri doit compara\u00eetre devant la cour d\u2019assises sp\u00e9cialement compos\u00e9e en mati\u00e8re de terrorisme pour le crime de g\u00e9nocide, en plus d\u2019autres infractions terroristes et de complicit\u00e9 de crimes contre l\u2019humanit\u00e9, d\u00e9j\u00e0 act\u00e9es pr\u00e9c\u00e9demment.<\/p>\n<p class=\"paragraph text_align_left lp-f-body-02\">Un juge d\u2019instruction antiterroriste du tribunal de Paris avait fait en septembre 2024 de Sonia Mejri, 36 ans, ex-\u00e9pouse d\u2019<a href=\"https:\/\/www.leparisien.fr\/faits-divers\/un-veteran-du-djihad-a-inspire-le-terroriste-de-villejuif-17-11-2016-6337452.php\" target=\"_self\" rel=\"noopener\">Abelnasser Benyoucef<\/a>, un \u00e9mir du groupe \u00c9tat islamique (EI), la premi\u00e8re revenante fran\u00e7aise de Syrie \u00e0 compara\u00eetre en France pour g\u00e9nocide sur les Yazidis, minorit\u00e9 ethnoreligieuse kurdophone.<\/p>\n<p class=\"paragraph text_align_left lp-f-body-02\">Elle avait \u00e9galement ordonn\u00e9 un proc\u00e8s pour les autres infractions d\u00e9j\u00e0 \u00e9voqu\u00e9es. Mais la cour d\u2019appel de Paris avait infirm\u00e9 cette d\u00e9cision en janvier s\u2019agissant du crime de g\u00e9nocide.<\/p>\n<p class=\"paragraph text_align_left lp-f-body-02\">En mai, la chambre criminelle de la Cour de cassation avait cass\u00e9 cet arr\u00eat, estimant que l\u2019on pouvait \u00eatre poursuivi pour g\u00e9nocide si l\u2019on s\u2019en \u00e9tait pris \u00e0 un seul membre d\u2019un groupe faisant l\u2019objet d\u2019\u00ab un plan concert\u00e9 tendant \u00e0 sa destruction totale ou partielle \u00bb, et non n\u00e9cessairement \u00e0 plusieurs, comme le soutenait la cour d\u2019appel de Paris.<\/p>\n<p class=\"paragraph text_align_left lp-f-body-02\">La plus haute juridiction judiciaire avait donc renvoy\u00e9 le dossier devant cette derni\u00e8re, qui a examin\u00e9 le 17 juin ces seules poursuites pour g\u00e9nocide.<\/p>\n<p>Les violences sexuelles, une arme des djihadistes<\/p>\n<p class=\"paragraph text_align_left lp-f-body-02\">Les violences sexuelles ont \u00e9t\u00e9 utilis\u00e9es par les djihadistes de l\u2019EI comme des armes pour briser la r\u00e9sistance des Yazidis et instaurer un climat de peur g\u00e9n\u00e9ralis\u00e9. En atteste notamment l\u2019instauration de march\u00e9s aux esclaves sexuelles.<\/p>\n<p class=\"paragraph text_align_left lp-f-body-02\">Sonia Mejri a contest\u00e9 toute infraction li\u00e9e \u00e0 la jeune Yazidie : son ex-mari en \u00e9tait le \u00ab propri\u00e9taire \u00bb, avait-elle d\u00e9clar\u00e9 au cours de l\u2019enqu\u00eate, et elle n\u2019avait \u00ab aucun droit \u00bb sur elle.<\/p>\n<p class=\"paragraph text_align_left lp-f-body-02\">Un proc\u00e8s par d\u00e9faut a \u00e9t\u00e9 ordonn\u00e9 contre Abdelnasser Benyoucef comme auteur de g\u00e9nocide et de crimes contre l\u2019humanit\u00e9 et pour des infractions terroristes. Vis\u00e9 par un mandat d\u2019arr\u00eat, il est pr\u00e9sum\u00e9 mort depuis 2016.<\/p>\n","protected":false},"excerpt":{"rendered":"La cour d\u2019appel de Paris a ordonn\u00e9 ce mardi qu\u2019une Fran\u00e7aise de retour de Syrie soit jug\u00e9e pour&hellip;\n","protected":false},"author":2,"featured_media":235958,"comment_status":"","ping_status":"","sticky":false,"template":"","format":"standard","meta":{"footnotes":""},"categories":[1888],"tags":[11,1777,674,118,1011,27,14,12,626,25,32],"class_list":{"0":"post-235957","1":"post","2":"type-post","3":"status-publish","4":"format-standard","5":"has-post-thumbnail","7":"category-paris","8":"tag-actualites","9":"tag-eu","10":"tag-europe","11":"tag-faits-divers","12":"tag-fr","13":"tag-france","14":"tag-international","15":"tag-news","16":"tag-paris","17":"tag-republique-francaise","18":"tag-syrie"},"share_on_mastodon":{"url":"https:\/\/pubeurope.com\/@fr\/114819457639870423","error":""},"_links":{"self":[{"href":"https:\/\/www.europesays.com\/fr\/wp-json\/wp\/v2\/posts\/235957","targetHints":{"allow":["GET"]}}],"collection":[{"href":"https:\/\/www.europesays.com\/fr\/wp-json\/wp\/v2\/posts"}],"about":[{"href":"https:\/\/www.europesays.com\/fr\/wp-json\/wp\/v2\/types\/post"}],"author":[{"embeddable":true,"href":"https:\/\/www.europesays.com\/fr\/wp-json\/wp\/v2\/users\/2"}],"replies":[{"embeddable":true,"href":"https:\/\/www.europesays.com\/fr\/wp-json\/wp\/v2\/comments?post=235957"}],"version-history":[{"count":0,"href":"https:\/\/www.europesays.com\/fr\/wp-json\/wp\/v2\/posts\/235957\/revisions"}],"wp:featuredmedia":[{"embeddable":true,"href":"https:\/\/www.europesays.com\/fr\/wp-json\/wp\/v2\/media\/235958"}],"wp:attachment":[{"href":"https:\/\/www.europesays.com\/fr\/wp-json\/wp\/v2\/media?parent=235957"}],"wp:term":[{"taxonomy":"category","embeddable":true,"href":"https:\/\/www.europesays.com\/fr\/wp-json\/wp\/v2\/categories?post=235957"},{"taxonomy":"post_tag","embeddable":true,"href":"https:\/\/www.europesays.com\/fr\/wp-json\/wp\/v2\/tags?post=235957"}],"curies":[{"name":"wp","href":"https:\/\/api.w.org\/{rel}","templated":true}]}}