{"id":235962,"date":"2025-07-08T20:19:11","date_gmt":"2025-07-08T20:19:11","guid":{"rendered":"https:\/\/www.europesays.com\/fr\/235962\/"},"modified":"2025-07-08T20:19:11","modified_gmt":"2025-07-08T20:19:11","slug":"la-ftc-demande-un-meilleur-controle-des-allegations-de-vente-en-ligne-made-in-usa-08-07-2025-a-2156","status":"publish","type":"post","link":"https:\/\/www.europesays.com\/fr\/235962\/","title":{"rendered":"La FTC demande un meilleur contr\u00f4le des all\u00e9gations de vente en ligne \u00ab\u00a0Made in USA\u00a0\u00bb &#8211; 08\/07\/2025 \u00e0 21:56"},"content":{"rendered":"<p>\n ((Traduction automatis\u00e9e par Reuters \u00e0 l&rsquo;aide de l&rsquo;apprentissage<br \/>\nautomatique et de l&rsquo;IA g\u00e9n\u00e9rative, veuillez vous r\u00e9f\u00e9rer \u00e0<br \/>\nl&rsquo;avertissement suivant: https:\/\/bit.ly\/rtrsauto))<br \/>\npar Jonathan Stempel\n<\/p>\n<p>\n La Commission f\u00e9d\u00e9rale du commerce des<br \/>\n\u00c9tats-Unis a demand\u00e9 mardi \u00e0 Amazon.com<br \/>\n <a href=\"https:\/\/www.boursorama.com\/cours\/AMZN\/\" rel=\"nofollow noopener\" target=\"_blank\"><br \/>\n  AMZN.O<br \/>\n <\/a><br \/>\n et \u00e0 Walmart\n<\/p>\n<p>\n <a href=\"https:\/\/www.boursorama.com\/cours\/WMT\/\" rel=\"nofollow noopener\" target=\"_blank\"><br \/>\n  WMT.N<br \/>\n <\/a><br \/>\n de s\u00e9vir contre les vendeurs tiers qui font des<br \/>\nd\u00e9clarations trompeuses \u00ab\u00a0Made in USA\u00a0\u00bb sur les march\u00e9s en ligne<br \/>\ndes g\u00e9ants de la vente au d\u00e9tail.\n<\/p>\n<p>\n Dans des lettres adress\u00e9es \u00e0 Amazon et Walmart, la FTC d\u00e9clare<br \/>\navoir eu connaissance de plusieurs cas o\u00f9 des vendeurs tiers<br \/>\naffirmaient \u00e0 tort que leurs produits \u00e9taient fabriqu\u00e9s aux<br \/>\n\u00c9tats-Unis.\n<\/p>\n<p>\n La FTC a exhort\u00e9 les deux soci\u00e9t\u00e9s \u00e0 prendre des \u00ab\u00a0mesures<br \/>\ncorrectives\u00a0\u00bb \u00e0 l&rsquo;encontre des vendeurs dont les all\u00e9gations<br \/>\n\u00ab\u00a0Made in USA\u00a0\u00bb sont contraires \u00e0 la l\u00e9gislation f\u00e9d\u00e9rale et aux<br \/>\ncodes de conduite d&rsquo;Amazon et de Walmart.\n<\/p>\n<p>\n Quatre petits d\u00e9taillants ont \u00e9galement re\u00e7u des lettres<br \/>\nd&rsquo;avertissement de la FTC leur demandant de cesser d&rsquo;utiliser la<br \/>\nmention \u00ab\u00a0Made in USA\u00a0\u00bb \u00e0 moins qu&rsquo;ils ne prouvent que \u00ab\u00a0la<br \/>\ntotalit\u00e9 ou la quasi-totalit\u00e9\u00a0\u00bb des produits en question sont<br \/>\nfabriqu\u00e9s dans le pays.\n<\/p>\n<p>\n Il s&rsquo;agit d&rsquo;Oak Street Bootmakers \u00e0 Chicago, de Stand Flag<br \/>\nPoles \u00e0 Fort Lauderdale (Floride), du fabricant d&rsquo;\u00e9quipements de<br \/>\nfootball Pro Sports Pads \u00e0 Jacksonville (Floride) et du<br \/>\nfabricant de produits m\u00e9dicaux USA Big Mountain Paper, \u00e9galement<br \/>\n\u00e0 Jacksonville.\n<\/p>\n<p>\n Walmart n&rsquo;a pas fait de commentaire dans l&rsquo;imm\u00e9diat. Les cinq<br \/>\nautres entreprises n&rsquo;ont pas r\u00e9pondu imm\u00e9diatement aux demandes<br \/>\nde commentaires.\n<\/p>\n<p>\n \u00ab\u00a0Les consommateurs veulent \u00eatre s\u00fbrs que lorsqu&rsquo;ils ach\u00e8tent un<br \/>\nproduit \u00e9tiquet\u00e9 \u00ab\u00a0Made in the USA\u00a0\u00bb, ils soutiennent r\u00e9ellement<br \/>\nles travailleurs et l&rsquo;\u00e9conomie am\u00e9ricains\u00a0\u00bb, a d\u00e9clar\u00e9 Andrew<br \/>\nFerguson, pr\u00e9sident de la FTC, dans un communiqu\u00e9.\n<\/p>\n<p>\n De nombreuses entreprises ont \u00e9t\u00e9 accus\u00e9es par les autorit\u00e9s de<br \/>\nr\u00e9gulation ou dans le cadre de proc\u00e8s priv\u00e9s d&rsquo;utiliser un<br \/>\n\u00e9tiquetage impr\u00e9cis pour inciter les acheteurs \u00e0 payer plus<br \/>\ncher, notamment en faisant appel \u00e0 leur patriotisme.\n<\/p>\n<p>\n En 2021, la FTC a adopt\u00e9 une \u00ab\u00a0r\u00e8gle d&rsquo;\u00e9tiquetage Made in USA\u00a0\u00bb<br \/>\npour prot\u00e9ger les entreprises et les consommateurs.<br \/>\nL&rsquo;agence a ensuite engag\u00e9 des poursuites contre le distributeur<br \/>\nd&rsquo;articles de cuisine et d&rsquo;ameublement Williams-Sonoma  et<br \/>\nle fabricant d&rsquo;ustensiles de cuisine Pyrex Instant Brands<br \/>\n, et a d\u00e9clar\u00e9 avoir obtenu 15,8 millions de dollars de<br \/>\njugements  dans le cadre de 11 actions d&rsquo;application de la<br \/>\nr\u00e8gle \u00ab\u00a0Made in USA\u00a0\u00bb entre 2021 et 2024.<\/p>\n","protected":false},"excerpt":{"rendered":"((Traduction automatis\u00e9e par Reuters \u00e0 l&rsquo;aide de l&rsquo;apprentissage automatique et de l&rsquo;IA g\u00e9n\u00e9rative, veuillez vous r\u00e9f\u00e9rer \u00e0 l&rsquo;avertissement&hellip;\n","protected":false},"author":2,"featured_media":8061,"comment_status":"","ping_status":"","sticky":false,"template":"","format":"standard","meta":{"footnotes":""},"categories":[1589],"tags":[400,11,398,408,405,73,1866,403,402,399,404,12,401,406,1864,1865,1863,308,407],"class_list":{"0":"post-235962","1":"post","2":"type-post","3":"status-publish","4":"format-standard","5":"has-post-thumbnail","7":"category-etats-unis","8":"tag-action-cac-40","9":"tag-actualites","10":"tag-bourse-de-paris","11":"tag-boursorama","12":"tag-cotations","13":"tag-etats-unis","14":"tag-etats-unis-damerique","15":"tag-indices-devises","16":"tag-investir","17":"tag-investissement","18":"tag-marche-boursier","19":"tag-news","20":"tag-sicav","21":"tag-trackers","22":"tag-united-states","23":"tag-united-states-of-america","24":"tag-us","25":"tag-usa","26":"tag-warrants"},"share_on_mastodon":{"url":"https:\/\/pubeurope.com\/@fr\/114819469500726062","error":""},"_links":{"self":[{"href":"https:\/\/www.europesays.com\/fr\/wp-json\/wp\/v2\/posts\/235962","targetHints":{"allow":["GET"]}}],"collection":[{"href":"https:\/\/www.europesays.com\/fr\/wp-json\/wp\/v2\/posts"}],"about":[{"href":"https:\/\/www.europesays.com\/fr\/wp-json\/wp\/v2\/types\/post"}],"author":[{"embeddable":true,"href":"https:\/\/www.europesays.com\/fr\/wp-json\/wp\/v2\/users\/2"}],"replies":[{"embeddable":true,"href":"https:\/\/www.europesays.com\/fr\/wp-json\/wp\/v2\/comments?post=235962"}],"version-history":[{"count":0,"href":"https:\/\/www.europesays.com\/fr\/wp-json\/wp\/v2\/posts\/235962\/revisions"}],"wp:featuredmedia":[{"embeddable":true,"href":"https:\/\/www.europesays.com\/fr\/wp-json\/wp\/v2\/media\/8061"}],"wp:attachment":[{"href":"https:\/\/www.europesays.com\/fr\/wp-json\/wp\/v2\/media?parent=235962"}],"wp:term":[{"taxonomy":"category","embeddable":true,"href":"https:\/\/www.europesays.com\/fr\/wp-json\/wp\/v2\/categories?post=235962"},{"taxonomy":"post_tag","embeddable":true,"href":"https:\/\/www.europesays.com\/fr\/wp-json\/wp\/v2\/tags?post=235962"}],"curies":[{"name":"wp","href":"https:\/\/api.w.org\/{rel}","templated":true}]}}