{"id":235965,"date":"2025-07-08T20:21:09","date_gmt":"2025-07-08T20:21:09","guid":{"rendered":"https:\/\/www.europesays.com\/fr\/235965\/"},"modified":"2025-07-08T20:21:09","modified_gmt":"2025-07-08T20:21:09","slug":"lallemagne-renverse-le-danemark-et-a-un-pied-et-demi-en-quarts-de-finale","status":"publish","type":"post","link":"https:\/\/www.europesays.com\/fr\/235965\/","title":{"rendered":"l\u2019Allemagne renverse le Danemark et a un pied et demi en quarts de finale"},"content":{"rendered":"<p>Apr\u00e8s sa victoire inaugurale contre la Pologne (2-0), l\u2019Allemagne a confirm\u00e9 contre le <a href=\"https:\/\/www.footmercato.net\/selection\/denmark-feminine\/\" rel=\"nofollow noopener\" target=\"_blank\">Danemark<\/a> (2-1). Ce fut un peu plus compliqu\u00e9 qu\u2019il y a 4 jours puisque les joueuses de Christian Wuck ont cette fois \u00e9t\u00e9 men\u00e9es au score contre le cours du jeu apr\u00e8s un but de Vangsgaard (26e). Les Allemandes n\u2019ont jamais paniqu\u00e9 et ont fini par \u00eatre r\u00e9compens\u00e9es de leur domination en marquant coup sur coup au retour des vestiaires par Senss sur penalty (56e) et Sch\u00fcller (66e). <\/p>\n<p>            La suite apr\u00e8s cette publicit\u00e9<\/p>\n<p>Avec plus de r\u00e9ussite dans la surface, elles auraient m\u00eame d\u00fb s\u2019offrir un score bien plus large. L\u2019important est ailleurs puisque la Mannschaft, quasiment qualifi\u00e9e pour les quarts de finale. En cas de match nul ce soir entre la Pologne et la Su\u00e8de, le ticket sera officiellement valid\u00e9. Pour les Danoises en revanche, l\u2019\u00e9limination se profile. Il leur faudra un concours de circonsance pour sortir de cette poule apr\u00e8s une seconde d\u00e9faite dans cet <a href=\"https:\/\/www.footmercato.net\/europe\/euro-feminin\/\" rel=\"nofollow noopener\" target=\"_blank\">Euro f\u00e9minin<\/a>. <\/p>\n<p>\n    Pub. le 08\/07\/2025 20:04<br \/>\n            &#8211; MAJ le 08\/07\/2025 20:05\n    <\/p>\n","protected":false},"excerpt":{"rendered":"Apr\u00e8s sa victoire inaugurale contre la Pologne (2-0), l\u2019Allemagne a confirm\u00e9 contre le Danemark (2-1). Ce fut un&hellip;\n","protected":false},"author":2,"featured_media":235966,"comment_status":"","ping_status":"","sticky":false,"template":"","format":"standard","meta":{"footnotes":""},"categories":[1587],"tags":[11,672,1804,1805,1803,1777,674,1801,12,1802],"class_list":{"0":"post-235965","1":"post","2":"type-post","3":"status-publish","4":"format-standard","5":"has-post-thumbnail","7":"category-allemagne","8":"tag-actualites","9":"tag-allemagne","10":"tag-bundesrepublik-deutschland","11":"tag-de","12":"tag-deutschland","13":"tag-eu","14":"tag-europe","15":"tag-germany","16":"tag-news","17":"tag-republique-federale-dallemagne"},"share_on_mastodon":{"url":"https:\/\/pubeurope.com\/@fr\/114819477494927104","error":""},"_links":{"self":[{"href":"https:\/\/www.europesays.com\/fr\/wp-json\/wp\/v2\/posts\/235965","targetHints":{"allow":["GET"]}}],"collection":[{"href":"https:\/\/www.europesays.com\/fr\/wp-json\/wp\/v2\/posts"}],"about":[{"href":"https:\/\/www.europesays.com\/fr\/wp-json\/wp\/v2\/types\/post"}],"author":[{"embeddable":true,"href":"https:\/\/www.europesays.com\/fr\/wp-json\/wp\/v2\/users\/2"}],"replies":[{"embeddable":true,"href":"https:\/\/www.europesays.com\/fr\/wp-json\/wp\/v2\/comments?post=235965"}],"version-history":[{"count":0,"href":"https:\/\/www.europesays.com\/fr\/wp-json\/wp\/v2\/posts\/235965\/revisions"}],"wp:featuredmedia":[{"embeddable":true,"href":"https:\/\/www.europesays.com\/fr\/wp-json\/wp\/v2\/media\/235966"}],"wp:attachment":[{"href":"https:\/\/www.europesays.com\/fr\/wp-json\/wp\/v2\/media?parent=235965"}],"wp:term":[{"taxonomy":"category","embeddable":true,"href":"https:\/\/www.europesays.com\/fr\/wp-json\/wp\/v2\/categories?post=235965"},{"taxonomy":"post_tag","embeddable":true,"href":"https:\/\/www.europesays.com\/fr\/wp-json\/wp\/v2\/tags?post=235965"}],"curies":[{"name":"wp","href":"https:\/\/api.w.org\/{rel}","templated":true}]}}