{"id":23597,"date":"2025-04-14T03:51:48","date_gmt":"2025-04-14T03:51:48","guid":{"rendered":"https:\/\/www.europesays.com\/fr\/23597\/"},"modified":"2025-04-14T03:51:48","modified_gmt":"2025-04-14T03:51:48","slug":"elite-25e-journee-la-jda-dijon-etouffe-strasbourg","status":"publish","type":"post","link":"https:\/\/www.europesays.com\/fr\/23597\/","title":{"rendered":"\u00c9lite (25e journ\u00e9e). La JDA Dijon \u00e9touffe Strasbourg"},"content":{"rendered":"<p>Strasbourg IG &#8211; JDA Dijon<\/p>\n<p>58-77<\/p>\n<p>La statistique est folle et a contribu\u00e9 \u00e0 d\u00e9clencher quelques sifflets dans un Rh\u00e9nus bond\u00e9 (8e guichets ferm\u00e9s de rang) mais au cours du deuxi\u00e8me quart, la Sig a commis plus de pertes de balle (7) qu\u2019elle n\u2019a marqu\u00e9e de points (5). \u00c0 ce moment-l\u00e0, le plan mis en place par Laurent Legname et appliqu\u00e9 avec rigueur par ses joueurs \u00e9tait parfaitement au point (20-35, 20e ).<\/p>\n<p>Sans vouloir instaurer un suspense inexistant ce samedi soir, cela a \u00e9t\u00e9 le cas tout au long d\u2019une partie o\u00f9 les C\u00f4te-d\u2019Oriens ont, puisqu\u2019on ne se refait pas, d\u00e9marr\u00e9 en mode diesel (15-10, 7e ). Sans&#8230;<\/p>\n","protected":false},"excerpt":{"rendered":"Strasbourg IG &#8211; JDA Dijon 58-77 La statistique est folle et a contribu\u00e9 \u00e0 d\u00e9clencher quelques sifflets dans&hellip;\n","protected":false},"author":2,"featured_media":23598,"comment_status":"","ping_status":"","sticky":false,"template":"","format":"standard","meta":{"footnotes":""},"categories":[2820],"tags":[1111,11,1791,2930,8587,8588,1777,674,107,1011,27,775,7721,12,25,517,640],"class_list":{"0":"post-23597","1":"post","2":"type-post","3":"status-publish","4":"format-standard","5":"has-post-thumbnail","7":"category-strasbourg","8":"tag-actu","9":"tag-actualites","10":"tag-basket-ball","11":"tag-dijon","12":"tag-dijon-ville","13":"tag-edition-dijon-et-son-agglomeration","14":"tag-eu","15":"tag-europe","16":"tag-fil-info","17":"tag-fr","18":"tag-france","19":"tag-grand-est","20":"tag-jda-dijon-basket","21":"tag-news","22":"tag-republique-francaise","23":"tag-sport","24":"tag-strasbourg"},"share_on_mastodon":{"url":"https:\/\/pubeurope.com\/@fr\/114334291926558860","error":""},"_links":{"self":[{"href":"https:\/\/www.europesays.com\/fr\/wp-json\/wp\/v2\/posts\/23597","targetHints":{"allow":["GET"]}}],"collection":[{"href":"https:\/\/www.europesays.com\/fr\/wp-json\/wp\/v2\/posts"}],"about":[{"href":"https:\/\/www.europesays.com\/fr\/wp-json\/wp\/v2\/types\/post"}],"author":[{"embeddable":true,"href":"https:\/\/www.europesays.com\/fr\/wp-json\/wp\/v2\/users\/2"}],"replies":[{"embeddable":true,"href":"https:\/\/www.europesays.com\/fr\/wp-json\/wp\/v2\/comments?post=23597"}],"version-history":[{"count":0,"href":"https:\/\/www.europesays.com\/fr\/wp-json\/wp\/v2\/posts\/23597\/revisions"}],"wp:featuredmedia":[{"embeddable":true,"href":"https:\/\/www.europesays.com\/fr\/wp-json\/wp\/v2\/media\/23598"}],"wp:attachment":[{"href":"https:\/\/www.europesays.com\/fr\/wp-json\/wp\/v2\/media?parent=23597"}],"wp:term":[{"taxonomy":"category","embeddable":true,"href":"https:\/\/www.europesays.com\/fr\/wp-json\/wp\/v2\/categories?post=23597"},{"taxonomy":"post_tag","embeddable":true,"href":"https:\/\/www.europesays.com\/fr\/wp-json\/wp\/v2\/tags?post=23597"}],"curies":[{"name":"wp","href":"https:\/\/api.w.org\/{rel}","templated":true}]}}