{"id":235974,"date":"2025-07-08T20:26:19","date_gmt":"2025-07-08T20:26:19","guid":{"rendered":"https:\/\/www.europesays.com\/fr\/235974\/"},"modified":"2025-07-08T20:26:19","modified_gmt":"2025-07-08T20:26:19","slug":"conservee-en-france-depuis-des-siecles-quest-ce-que-la-tapisserie-de-bayeux-bientot-pretee-au-royaume-uni","status":"publish","type":"post","link":"https:\/\/www.europesays.com\/fr\/235974\/","title":{"rendered":"Conserv\u00e9e en France depuis des si\u00e8cles, qu&rsquo;est-ce que la tapisserie de Bayeux, bient\u00f4t pr\u00eat\u00e9e au Royaume-Uni ?"},"content":{"rendered":"<ul class=\"jsx-862013697 ArticleChapo__List\">\n<li class=\"jsx-862013697 ArticleChapo__List_Item flex\">Emmanuel Macron a officialis\u00e9 ce mardi 8 juillet le prochain pr\u00eat de la tapisserie de Bayeux au British Museum de Londres (Royaume-Uni), entre septembre 2026 et juin 2027.<\/li>\n<li class=\"jsx-862013697 ArticleChapo__List_Item flex\">Conserv\u00e9e en France depuis des si\u00e8cles, ce \u00ab\u00a0r\u00e9cit brod\u00e9\u00a0\u00bb raconte la conqu\u00eate de l&rsquo;Angleterre en 1066 par Guillaume le Conqu\u00e9rant, alors simple duc de Normandie.<\/li>\n<li class=\"jsx-862013697 ArticleChapo__List_Item flex\">Son transfert de l&rsquo;autre c\u00f4t\u00e9 de la Manche s&rsquo;annonce comme un v\u00e9ritable d\u00e9fi technique.<\/li>\n<\/ul>\n<p data-module=\"article-paragraph\" class=\"jsx-3046738180 Paragraph Paragraph__End\">Une annonce historique. Au premier jour de sa visite d&rsquo;\u00c9tat au Royaume-Uni, le pr\u00e9sident fran\u00e7ais <a href=\"https:\/\/www.tf1info.fr\/culture\/emmanuel-et-brigitte-macron-en-visite-au-royaume-uni-pourquoi-ne-sont-ils-pas-recus-a-buckingham-2381500.html\" target=\"_blank\" rel=\"noopener\">Emmanuel Macron (nouvelle fen\u00eatre)<\/a> a officialis\u00e9, ce mardi 8 juillet, le prochain pr\u00eat de la c\u00e9l\u00e8bre tapisserie de Bayeux <a href=\"https:\/\/www.tf1info.fr\/international\/royaume-uni-vol-bijoux-en-or-et-pierres-semi-precieuses-pierre-de-rosette-le-british-museum-sidere-par-un-vol-tres-inhabituel-2266822.html\" target=\"_blank\" rel=\"noopener\">au British Museum (nouvelle fen\u00eatre)<\/a> de Londres. \u00ab\u00a0Ce geste est exceptionnel et vraiment mill\u00e9naire\u00a0\u00bb, a appuy\u00e9 Emmanuel Macron, selon des propos recueillis par <a href=\"https:\/\/www.ouest-france.fr\/culture\/patrimoine\/la-tapisserie-de-bayeux-sera-pretee-aux-anglais-indique-emmanuel-macron-a-ouest-france-5f9a8ffe-5be3-11f0-b63d-e15c64c65f39\" target=\"_blank\" rel=\"nofollow noopener\">Ouest-France (nouvelle fen\u00eatre)<\/a>. Cet incroyable ouvrage, aujourd&rsquo;hui expos\u00e9 dans un mus\u00e9e \u00e0 Bayeux (Calvados), pourra donc \u00eatre contempl\u00e9 dans la capitale britannique de septembre 2026 \u00e0 juin 2027. Une premi\u00e8re pour une \u0153uvre pr\u00e9serv\u00e9e en France depuis des si\u00e8cles.<\/p>\n<p>Un \u00ab\u00a0r\u00e9cit brod\u00e9\u00a0\u00bb datant du XIe si\u00e8cle aux origines floues<\/p>\n<p data-module=\"article-paragraph\" class=\"jsx-3046738180 Paragraph\">Cette tapisserie est un v\u00e9ritable joyau. Les historiens datent sa confection du XIe si\u00e8cle, mais ses auteurs restent aujourd&rsquo;hui inconnus. Longue de 70 m\u00e8tres et large de 50 centim\u00e8tres, elle raconte l&rsquo;\u00e9pop\u00e9e de Guillaume le Conqu\u00e9rant pour ravir <a href=\"https:\/\/www.tf1info.fr\/culture\/video-emmanuel-macron-et-charles-iii-en-caleche-une-balade-tres-symbolique-2381655.html\" target=\"_blank\" rel=\"noopener\">le tr\u00f4ne d&rsquo;Angleterre<\/a>. Les 58 sc\u00e8nes de ce \u00ab\u00a0r\u00e9cit brod\u00e9\u00a0\u00bb reviennent en d\u00e9tail sur l&rsquo;ann\u00e9e 1066, durant laquelle le souverain, qui n&rsquo;\u00e9tait alors que duc de Normandie, a travers\u00e9 la Manche pour r\u00e9cup\u00e9rer un pouvoir qui lui \u00e9tait promis. La bataille de Hastings, en octobre 1066, marque sa victoire finale sur son rival Harold, qui meurt durant les combats.<\/p>\n<p data-module=\"article-paragraph\" class=\"jsx-3046738180 Paragraph Paragraph__End\">Les diff\u00e9rentes \u00e9tapes de l&rsquo;accession au pouvoir de Guillaume le Conqu\u00e9rant sont donc retrac\u00e9es avec minutie sur la tapisserie, consid\u00e9r\u00e9e comme la premi\u00e8re mise en images d&rsquo;un \u00e9v\u00e8nement historique de cette r\u00e9gion de l&rsquo;Europe. \u00a041 navires, 202 chevaux, \u00a0626 personnages&#8230; Les dimensions XXL de la broderie impressionnent. Actuellement conserv\u00e9e dans une salle sp\u00e9cifique, en forme de U, elle doit \u00eatre restaur\u00e9e dans les prochains mois, avant de retrouver \u00e0 long terme sa place dans un nouveau mus\u00e9e.<\/p>\n<p>Une conservation tr\u00e8s encadr\u00e9e<\/p>\n<p data-module=\"article-paragraph\" class=\"jsx-3046738180 Paragraph Paragraph__End\">Entre-temps, le d\u00e9placement de la pi\u00e8ce \u00e0 Londres va n\u00e9cessiter d&rsquo;importantes contraintes techniques. Elle doit \u00eatre conserv\u00e9e \u00e0 une temp\u00e9rature de 19\u00b0C et \u00e0 des taux tr\u00e8s pr\u00e9cis d&rsquo;humidit\u00e9 de l&rsquo;air et d&rsquo;intensit\u00e9 de lumi\u00e8re. Son transfert sur plusieurs centaines de kilom\u00e8tres devra donc \u00eatre \u00e9tudi\u00e9 avec pr\u00e9caution. En 2018, Emmanuel Macron <a href=\"https:\/\/www.tf1info.fr\/culture\/la-tapisserie-de-bayeux-va-etre-pretee-aux-britanniques-une-premiere-en-pres-d-un-millenaire-2076199.html\" target=\"_blank\" rel=\"noopener\">avait d\u00e9j\u00e0 \u00e9voqu\u00e9 un tel projet (nouvelle fen\u00eatre)<\/a>, suscitant les craintes de nombreux experts. \u00ab\u00a0Pendant longtemps, on a dit que tout \u00e7a n\u2019\u00e9tait pas possible\u00a0\u00bb, souligne aujourd&rsquo;hui le pr\u00e9sident de la R\u00e9publique, cit\u00e9 par <a href=\"https:\/\/www.paris-normandie.fr\/id644601\/article\/2025-07-08\/la-tapisserie-de-bayeux-pretee-au-bristish-museum-et-des-tresors-britanniques\" target=\"_blank\" rel=\"nofollow noopener\">Paris-Normandie (nouvelle fen\u00eatre)<\/a>. \u00ab\u00a0Et comme toujours, quand on ne veut pas faire les choses, il y a beaucoup de gens pour inventer tout un tas de contraintes. Quand je l\u2019ai annonc\u00e9 la premi\u00e8re fois, on m\u2019a dit que c\u2019\u00e9tait une folie et qu\u2019on ne pouvait pas le faire. Je suis content qu\u2019on ait montr\u00e9 le contraire.\u00a0\u00bb<\/p>\n<p><a href=\"https:\/\/www.tf1info.fr\/culture\/vole-dans-un-musee-il-y-a-50-ans-un-tableau-d-un-grand-peintre-flamand-retrouve-apres-une-longue-enquete-2357211.html\" rel=\"noopener\" class=\"jsx-3308031228 Link flex\" target=\"_blank\"><img decoding=\"async\" src=\"https:\/\/www.europesays.com\/fr\/wp-content\/uploads\/2025\/07\/le-tableau-de-brueghel-retrouve-le-mardi-3-mars-2025-ac92e7-0@1x.jpeg\" alt=\"Un tableau de Brueghel retrouv\u00e9 aux Pays-Bas 50 ans apr\u00e8s sa disparition.\" loading=\"lazy\" importance=\"low\" fetchpriority=\"low\" class=\"\" aria-hidden=\"true\"\/><\/p>\n<p class=\"jsx-3657663356 ReadMoreArticle__Title\">Lire aussi<\/p>\n<p class=\"jsx-3657663356\">Vol\u00e9 il y a 50 ans en Pologne, le tableau d&rsquo;un ma\u00eetre flamand retrouv\u00e9 apr\u00e8s une longue enqu\u00eate\u2026 aux Pays-Bas<\/p>\n<p><\/a><\/p>\n<p data-module=\"article-paragraph\" class=\"jsx-3046738180 Paragraph Paragraph__End\">En \u00e9change de ce pr\u00eat, plusieurs ouvrages \u00ab\u00a0absolument magnifiques\u00a0\u00bb venus des collections britanniques devraient \u00eatre pr\u00eat\u00e9s aux mus\u00e9es de Caen (Calvados) et de Rouen (Seine-Maritime). Selon Emmanuel Macron, des pi\u00e8ces issues du tr\u00e9sor de Sutton Hoo, des pi\u00e8ces de l\u2019\u00e9chiquier de Lewis ou encore le Bouclier de Battersea devraient ainsi faire le chemin inverse de celui emprunt\u00e9 par la tapisserie de Bayeux.<\/p>\n<p>Th\u00e9odore AZOUZE<\/p>\n","protected":false},"excerpt":{"rendered":"Emmanuel Macron a officialis\u00e9 ce mardi 8 juillet le prochain pr\u00eat de la tapisserie de Bayeux au British&hellip;\n","protected":false},"author":2,"featured_media":235975,"comment_status":"","ping_status":"","sticky":false,"template":"","format":"standard","meta":{"footnotes":""},"categories":[4],"tags":[1111,11,1921,1073,1011,27,1922,2041,12,5161,2661,9473,25,473,133,2040],"class_list":{"0":"post-235974","1":"post","2":"type-post","3":"status-publish","4":"format-standard","5":"has-post-thumbnail","7":"category-france","8":"tag-actu","9":"tag-actualites","10":"tag-article-video","11":"tag-emmanuel-macron","12":"tag-fr","13":"tag-france","14":"tag-info","15":"tag-medias-et-divertissement","16":"tag-news","17":"tag-normandie","18":"tag-patrimoine-culturel","19":"tag-patrimoine-materiel","20":"tag-republique-francaise","21":"tag-royaume-uni","22":"tag-video","23":"tag-video-culture"},"share_on_mastodon":{"url":"https:\/\/pubeurope.com\/@fr\/114819496911985892","error":""},"_links":{"self":[{"href":"https:\/\/www.europesays.com\/fr\/wp-json\/wp\/v2\/posts\/235974","targetHints":{"allow":["GET"]}}],"collection":[{"href":"https:\/\/www.europesays.com\/fr\/wp-json\/wp\/v2\/posts"}],"about":[{"href":"https:\/\/www.europesays.com\/fr\/wp-json\/wp\/v2\/types\/post"}],"author":[{"embeddable":true,"href":"https:\/\/www.europesays.com\/fr\/wp-json\/wp\/v2\/users\/2"}],"replies":[{"embeddable":true,"href":"https:\/\/www.europesays.com\/fr\/wp-json\/wp\/v2\/comments?post=235974"}],"version-history":[{"count":0,"href":"https:\/\/www.europesays.com\/fr\/wp-json\/wp\/v2\/posts\/235974\/revisions"}],"wp:featuredmedia":[{"embeddable":true,"href":"https:\/\/www.europesays.com\/fr\/wp-json\/wp\/v2\/media\/235975"}],"wp:attachment":[{"href":"https:\/\/www.europesays.com\/fr\/wp-json\/wp\/v2\/media?parent=235974"}],"wp:term":[{"taxonomy":"category","embeddable":true,"href":"https:\/\/www.europesays.com\/fr\/wp-json\/wp\/v2\/categories?post=235974"},{"taxonomy":"post_tag","embeddable":true,"href":"https:\/\/www.europesays.com\/fr\/wp-json\/wp\/v2\/tags?post=235974"}],"curies":[{"name":"wp","href":"https:\/\/api.w.org\/{rel}","templated":true}]}}