{"id":235976,"date":"2025-07-08T20:28:25","date_gmt":"2025-07-08T20:28:25","guid":{"rendered":"https:\/\/www.europesays.com\/fr\/235976\/"},"modified":"2025-07-08T20:28:25","modified_gmt":"2025-07-08T20:28:25","slug":"tahiti-toujours-en-tete-du-classement-avec-103-medailles-au-6eme-jour-de-competition","status":"publish","type":"post","link":"https:\/\/www.europesays.com\/fr\/235976\/","title":{"rendered":"Tahiti toujours en t\u00eate du classement avec 103 m\u00e9dailles au 6\u00e8me jour de comp\u00e9tition"},"content":{"rendered":"<p>\u00c0 la fin de la sixi\u00e8me journ\u00e9e de comp\u00e9tition, la Polyn\u00e9sie reste en t\u00eate du classement g\u00e9n\u00e9ral, juste devant Samoa et Fiji. Nos aito ont brill\u00e9 en natation, volley-ball, tennis de table ou encore en athl\u00e9tisme handisport.<\/p>\n<p>Pour la premi\u00e8re \u00e9preuve des cinq kilom\u00e8tres nage en eau libre, quatre nageurs de Tahiti se sont jet\u00e9s \u00e0 l&rsquo;eau. Avec un duo de choc chez les femmes : Lili Paillisse qui remporte l&rsquo;or et Deotille Videau qui gagne l&rsquo;argent.<\/p>\n<p>                                    <img class=\"a-article__image lazy libre\" width=\"800\" height=\"450\" data-src=\"https:\/\/www.europesays.com\/fr\/wp-content\/uploads\/2025\/07\/514331853-1166598168828946-7337050885880278008-n-6869bddfe3a55825795347.jpg\" style=\"--img-placeholder: url('\/assets\/img\/placeholders\/article-800-450.svg');\" alt=\"Palau 2025\" aria-hidden=\"true\"\/><\/p>\n<p>                Nos quatre athl\u00e8tes sont en combinaison.<br \/>\n                     \u2022<br \/>\n                            \u00a9Melissa Chongue &#8211; Polyn\u00e9sie la 1\u00e8re<\/p>\n<p>M\u00eame sc\u00e9nario chez les hommes : Nael Roux remporte l&rsquo;or et Enoa Vial l&rsquo;argent. Malgr\u00e9 le vent et le courant, ils ont su s&rsquo;adapter et prendre du bon temps, sans strat\u00e9gie pr\u00e9d\u00e9finie. Les deux acolytes sont arm\u00e9s pour les Jeux du Pacifique 2027.\u00a0<\/p>\n<blockquote class=\"ftvi_content_quote\">\n<p class=\"ftvi_citation_quote\">Ce sont les al\u00e9as de l&rsquo;eau libre, il y aura toujours du vent et du courant, c&rsquo;est pour \u00e7a qu&rsquo;on aime l&rsquo;eau libre, c&rsquo;est de l&rsquo;adaptation et du bon temps pass\u00e9 dans l&rsquo;Oc\u00e9an et la nature. (&#8230;) Mais pour 2027 on mettra une strat\u00e9gie en place vu que ce sera nous les nageurs en eau libre, pour tuer tous ceux qui voudront se mettre en travers de notre route.<\/p>\n<p>Nael Roux, m\u00e9daill\u00e9 d&rsquo;or nage 5 kilom\u00e8tres<\/p>\n<\/blockquote>\n<p>Les nageurs ont \u00e9galement remport\u00e9 la m\u00e9daille d&rsquo;or en relais sur cinq kilom\u00e8tres.<\/p>\n<p>                                    <img class=\"a-article__image lazy libre\" width=\"800\" height=\"450\" data-src=\"https:\/\/www.europesays.com\/fr\/wp-content\/uploads\/2025\/07\/515187569-1166599695495460-4710562543941200201-n-6869be37e07f1685085658.jpg\" style=\"--img-placeholder: url('\/assets\/img\/placeholders\/article-800-450.svg');\" alt=\"Palau 2025\" aria-hidden=\"true\"\/><\/p>\n<p>                Lili Paillisse remporte l&rsquo;or !<br \/>\n                     \u2022<br \/>\n                            \u00a9Melissa Chongue &#8211; Polyn\u00e9sie la 1\u00e8re<\/p>\n<p>\u00c9coutez Nael Roux et Enoa Vial interview\u00e9s par Melissa Chongue :\u00a0<\/p>\n<\/p>\n<p>Clap de fin pour le tennis de table, et quelle belle fin pour nos Polyn\u00e9siens ! L&rsquo;\u00e9quipe compos\u00e9e exclusivement de jeunes remporte huit m\u00e9dailles d\u2019or, quatre d\u2019argent et autant de bronze. Le bilan est \u00ab\u00a0ultra positif\u00a0\u00bb pour le coach.<\/p>\n<blockquote class=\"ftvi_content_quote\">\n<p class=\"ftvi_citation_quote\">Ce sont les meilleurs jeux qu&rsquo;on ait fait. On gagne huit m\u00e9dailles d&rsquo;or contre sept en 2023. C&rsquo;est un m\u00e9ga bilan avec une \u00e9quipe m\u00e9ga jeune !<\/p>\n<p>Aliz\u00e9 Belrose, coach en tennis de table<\/p>\n<\/blockquote>\n<p>Toujours en tennis de table, les jumelles Tehahetua se sont affront\u00e9es en finale de la cat\u00e9gorie f\u00e9minine. Il a fallu cinq sets pour les d\u00e9partager. C\u2019est finalement Kelley qui s&rsquo;impose.\u00a0<\/p>\n<p>\u00c9coutez l&rsquo;interview compl\u00e8te d&rsquo;Aliz\u00e9 Belrose, r\u00e9alis\u00e9e par David Chang :<\/p>\n<\/p>\n<p>En athl\u00e9tisme, Christian Chee Ayee a tout donn\u00e9 dans une course en fauteuil classique sur 100 m\u00e8tres. La piste mouill\u00e9e a frein\u00e9 ses coups de roue mais notre aito handisport remporte tout de m\u00eame la m\u00e9daille de bronze.<\/p>\n<blockquote class=\"ftvi_content_quote\">\n<p class=\"ftvi_citation_quote\">C&rsquo;est \u00e7a le sport. Quand tu es dans une comp\u00e9tition il y a des moments o\u00f9 tu peux tomber mais il faut toujours se relever et ne jamais abandonner. (&#8230;) Je vais me donner encore plus \u00e0 fond dans ma disicpline et d\u00e9crocher l&rsquo;or.<\/p>\n<p>Christian Chee Ayee, athl\u00e8te handisport <\/p>\n<\/blockquote>\n<p>Une mise en bouche avant les prochains rendez-vous. Christian est plus que pr\u00eat pour affronter ses adversaires dans les disciplines o\u00f9 il est le plus fort : le lancer de poids et le lancer de disque.\u00a0<\/p>\n<p>M\u00e9lissa Chongue et Miri Tumatariri ont recueilli sa r\u00e9action :\u00a0<\/p>\n<\/p>\n<p>En volley-ball, les chances de m\u00e9dailles sont r\u00e9elles chez les hommes avec une demi-finale qui se profile face la Papouasie Nouvelle Guin\u00e9e. Les joueurs Tahitiens sont invaincus pour l\u2019instant dans ces mini-jeux. Ils ont battu tous leurs adversaires trois sets \u00e0 z\u00e9ro.<\/p>\n<p>                                    <img class=\"a-article__image lazy libre\" width=\"800\" height=\"450\" data-src=\"https:\/\/www.europesays.com\/fr\/wp-content\/uploads\/2025\/07\/516554481-1073493811552429-8220704864947399490-n-686983ceca19b825696726.jpg\" style=\"--img-placeholder: url('\/assets\/img\/placeholders\/article-800-450.svg');\" alt=\"Palau 2025\" aria-hidden=\"true\"\/><\/p>\n<p>                C\u00f4t\u00e9 volley-ball, les chances de m\u00e9dailles sont r\u00e9elles chez les hommes avec une demi-finale qui se profile face la Papouasie Nouvelle Guin\u00e9e.<br \/>\n                     \u2022<br \/>\n                            \u00a9ARSAC ANTOINE<\/p>\n<p>\u00c9coutez le coach Axel Vaki au micro de Maruki Dury :\u00a0<\/p>\n<\/p>\n<p>De leur c\u00f4t\u00e9, les volleyeuses ont gagn\u00e9 contre Palau samedi soir, trois sets \u00e0 z\u00e9ro.<\/p>\n<\/p>\n<p>Au sixi\u00e8me jour de comp\u00e9tition, samedi 05 juillet, Tahiti reste en p\u00f4le position avec 103 m\u00e9dailles dont 53 en or.<\/p>\n<p>                                    <img class=\"a-article__image lazy libre\" width=\"0\" height=\"0\" data-src=\"https:\/\/www.europesays.com\/fr\/wp-content\/uploads\/2025\/07\/chapo-articles-1600-x-1100-px-3-686984fee3d17924916024.png\" style=\"--img-placeholder: url('\/assets\/img\/placeholders\/article-800-450.svg');\" alt=\"Mini jeux de Palau 2025\" aria-hidden=\"true\"\/><\/p>\n<p>                La Polyn\u00e9sie d\u00e9passe la barre des 100 m\u00e9dailles au 6\u00e8me jour de comp\u00e9tition.<br \/>\n                     \u2022<br \/>\n                            \u00a9COPF<\/p>\n<p>\u00a0\u00a0<\/p>\n","protected":false},"excerpt":{"rendered":"\u00c0 la fin de la sixi\u00e8me journ\u00e9e de comp\u00e9tition, la Polyn\u00e9sie reste en t\u00eate du classement g\u00e9n\u00e9ral, juste&hellip;\n","protected":false},"author":2,"featured_media":235977,"comment_status":"","ping_status":"","sticky":false,"template":"","format":"standard","meta":{"footnotes":""},"categories":[1417],"tags":[1011,27,60,1470,1469],"class_list":{"0":"post-235976","1":"post","2":"type-post","3":"status-publish","4":"format-standard","5":"has-post-thumbnail","7":"category-volley","8":"tag-fr","9":"tag-france","10":"tag-sports","11":"tag-volley","12":"tag-volleyball"},"share_on_mastodon":{"url":"https:\/\/pubeurope.com\/@fr\/114819504838132470","error":""},"_links":{"self":[{"href":"https:\/\/www.europesays.com\/fr\/wp-json\/wp\/v2\/posts\/235976","targetHints":{"allow":["GET"]}}],"collection":[{"href":"https:\/\/www.europesays.com\/fr\/wp-json\/wp\/v2\/posts"}],"about":[{"href":"https:\/\/www.europesays.com\/fr\/wp-json\/wp\/v2\/types\/post"}],"author":[{"embeddable":true,"href":"https:\/\/www.europesays.com\/fr\/wp-json\/wp\/v2\/users\/2"}],"replies":[{"embeddable":true,"href":"https:\/\/www.europesays.com\/fr\/wp-json\/wp\/v2\/comments?post=235976"}],"version-history":[{"count":0,"href":"https:\/\/www.europesays.com\/fr\/wp-json\/wp\/v2\/posts\/235976\/revisions"}],"wp:featuredmedia":[{"embeddable":true,"href":"https:\/\/www.europesays.com\/fr\/wp-json\/wp\/v2\/media\/235977"}],"wp:attachment":[{"href":"https:\/\/www.europesays.com\/fr\/wp-json\/wp\/v2\/media?parent=235976"}],"wp:term":[{"taxonomy":"category","embeddable":true,"href":"https:\/\/www.europesays.com\/fr\/wp-json\/wp\/v2\/categories?post=235976"},{"taxonomy":"post_tag","embeddable":true,"href":"https:\/\/www.europesays.com\/fr\/wp-json\/wp\/v2\/tags?post=235976"}],"curies":[{"name":"wp","href":"https:\/\/api.w.org\/{rel}","templated":true}]}}