{"id":235984,"date":"2025-07-08T20:32:10","date_gmt":"2025-07-08T20:32:10","guid":{"rendered":"https:\/\/www.europesays.com\/fr\/235984\/"},"modified":"2025-07-08T20:32:10","modified_gmt":"2025-07-08T20:32:10","slug":"parlons-motogp-franco-morbidelli-a-beau-se-plaindre-mais-la-direction-de-course-a-fait-son-travail","status":"publish","type":"post","link":"https:\/\/www.europesays.com\/fr\/235984\/","title":{"rendered":"Parlons MotoGP\u00a0: Franco Morbidelli a beau se plaindre, mais la direction de course a fait son travail"},"content":{"rendered":"<p><strong>Ce n\u2019est pas une blague\u00a0: Franco Morbidelli \u00e9tait<br \/>\nencore au c\u0153ur d\u2019une pol\u00e9mique lors du Grand Prix des Pays-Bas<br \/>\nMotoGP. En effet, l\u2019Italien s\u2019est accroch\u00e9 avec son co\u00e9quipier,<br \/>\nFabio Di Giannantonio, et coupa la derni\u00e8re chicane en voulant<br \/>\nimiter son mentor Valentino Rossi. Mais cette fois, \u00e7a n\u2019est pas<br \/>\npass\u00e9. Je d\u00e9sirais faire un article sur la direction de course et<br \/>\nses d\u00e9cisions depuis le d\u00e9but de saison, alors voici l\u2019occasion<br \/>\nparfaite.<\/strong><\/p>\n<p>\u00a0<\/p>\n<p>Une casserole de plus<\/p>\n<p>\u00a0<\/p>\n<p>Le cas Morbidelli va me permettre d\u2019\u00e9voquer l\u2019\u00e9volution des<br \/>\nsanctions impos\u00e9es par les commissaires sportifs, <strong>ce n\u2019est<br \/>\nici qu\u2019un exemple<\/strong>. Mais, puisqu\u2019il \u00e9tait clairement \u00e9voqu\u00e9<br \/>\ndans le titre, \u00e9tendons-nous un peu dessus. Pour r\u00e9sumer, Fabio Di<br \/>\nGiannantonio, plus rapide, a voulu tenter un d\u00e9passement dans la<br \/>\nderni\u00e8re chicane, toujours sujette aux pol\u00e9miques. D\u2019apr\u00e8s mon<br \/>\nanalyse, c\u2019est assez clair\u00a0: il para\u00eet d\u00e9j\u00e0 bien engag\u00e9 au<br \/>\nmoment o\u00f9 Morbidelli lui revient dessus. \u00c7a ressemble fort \u00e0<br \/>\nl\u2019arriv\u00e9e du GP des Pays-Bas 2015, bien s\u00fbr, o\u00f9 Valentino Rossi<br \/>\navait fait de m\u00eame apr\u00e8s une tentative de d\u00e9passement \u2013 peut-\u00eatre<br \/>\nplus os\u00e9e \u2013 de Marc Marquez. \u00c0 l\u2019\u00e9poque, \u00ab\u00a0The Doctor\u00a0\u00bb<br \/>\navait gard\u00e9 la victoire apr\u00e8s avoir travers\u00e9 le bac, pr\u00e9textant<br \/>\nqu\u2019il ne pouvait pas tourner suite au contact. <strong>Il l\u2019a eu \u00e0<br \/>\nl\u2019exp\u00e9rience, on va dire.<\/strong><\/p>\n<p>\u00a0<\/p>\n<p><img loading=\"lazy\" decoding=\"async\" aria-describedby=\"caption-attachment-1307440\" class=\"size-full wp-image-1307440\" src=\"https:\/\/www.europesays.com\/fr\/wp-content\/uploads\/2025\/07\/Morbidelli-Penalites-1.jpg\" alt=\"Franco Morbidelli MotoGP\" width=\"800\" height=\"533\"  \/><\/p>\n<p id=\"caption-attachment-1307440\" class=\"wp-caption-text\">Di<br \/>\nGiannantonio, lui aussi, n\u2019a pas compris. Photo : Michelin<br \/>\nMotorsport<\/p>\n<p>\u00a0<\/p>\n<p>L\u00e0, <strong>Di Giannantonio \u00e9tait quand m\u00eame moins en<br \/>\ncatastrophe que Marc Marquez<\/strong>, et Morbidelli ne s\u2019est pas<br \/>\ng\u00ean\u00e9 de couper la chicane aujourd\u2019hui asphalt\u00e9e. De ce fait, il me<br \/>\nparaissait assez clair que Franky devait imm\u00e9diatement rendre cette<br \/>\nposition, qu\u2019il aurait perdue s\u2019il \u00e9tait rest\u00e9 sur la piste. Mais<br \/>\nnon, il continua, et se fit tout de m\u00eame d\u00e9passer, un peu plus<br \/>\nloin. Il \u00e9copa d\u2019un long lap pour avoir conserv\u00e9 cet avantage, ce<br \/>\nqui n\u2019\u00e9tait pas incoh\u00e9rent. Il fumait \u00e0 l\u2019arriv\u00e9e, mais, selon moi,<br \/>\n<strong>son cas \u00e9tait assez ind\u00e9fendable<\/strong>, qu\u2019il le veuille<br \/>\nou non.<\/p>\n<p>Morbidelli continue de faire parler de lui pour les mauvaises<br \/>\nraisons, et, <strong><a href=\"https:\/\/www.paddock-gp.com\/parlons-motogp-desole-franco-morbidelli-mais-ca-commence-a-faire-beaucoup\/\" target=\"_blank\" rel=\"noopener nofollow\">comme je le disais il y a deux<br \/>\nsemaines \u00e0 peine, son comportement masque totalement ses<br \/>\nprogr\u00e8s<\/a><\/strong>. Ceci pourrait bien lui co\u00fbter extr\u00eamement<br \/>\ncher \u00e0 l\u2019avenir, <strong>car c\u2019est un crit\u00e8re de s\u00e9lection<br \/>\nimportant pour une \u00e9quipe<\/strong>.<\/p>\n<p>\u00a0<\/p>\n<p>Des d\u00e9cisions justes\u00a0?<\/p>\n<p>\u00a0<\/p>\n<p>Revenons maintenant sur ce nouveau panel des commissaires, qui,<br \/>\npour rappel, a chang\u00e9. <strong>Avant, c\u2019\u00e9tait Freddie Spencer qui<br \/>\npr\u00e9sidait cette obscure assembl\u00e9e, que nous, spectateurs, ne voyons<br \/>\njamais vraiment \u00e0 l\u2019\u0153uvre<\/strong>. C\u2019est un point n\u00e9gatif que<br \/>\nj\u2019\u00e9voquerai dans quelques lignes. \u00ab\u00a0Fast Freddie\u00a0\u00bb, aussi<br \/>\nbon f\u00fbt-il sur la piste, n\u2019\u00e9tait pas vraiment appr\u00e9ci\u00e9 des pilotes.<br \/>\nJohann Zarco, entre autres, l\u2019a beaucoup critiqu\u00e9 en raison de son<br \/>\ncomportement. J\u2019ai le souvenir de v\u00e9ritables scandales li\u00e9s \u00e0 son<br \/>\narbitrage \u2013 le sien, et celui de ses hommes bien s\u00fbr \u2013\u00a0:<br \/>\nrappelez-vous la p\u00e9nalit\u00e9 inflig\u00e9e \u00e0 Fabio Quartararo \u00e0 Assen en<br \/>\n2022, o\u00f9 il chuta et entra\u00eena dans son malheur Aleix Espargaro,<br \/>\nqui, lui, fut contraint de passer par le bac \u00e0 graviers, mais en<br \/>\nressortit indemne. \u00ab\u00a0El Diablo\u00a0\u00bb, pour s\u2019\u00eatre \u00e9limin\u00e9<br \/>\ntout seul, \u00e9copa d\u2019un long lap de p\u00e9nalit\u00e9 \u00e0 purger au prochain<br \/>\nGrand Prix. <strong>Un v\u00e9ritable non-sens<\/strong>.<\/p>\n<p>Alors, je vais mettre fin au suspense\u00a0: <strong>je trouve<br \/>\nque c\u2019est bien mieux sous l\u2019\u00e9gide de Simon Crafar<\/strong>, ancien<br \/>\npilote de Grand Prix \u00e9galement. Le N\u00e9o-Z\u00e9landais \u00e9tait auparavant<br \/>\nconsultant pour <a href=\"https:\/\/www.motogp.com\/fr\/\" target=\"_blank\" rel=\"noopener nofollow\">MotoGP.com<\/a>, et, d\u00e9j\u00e0, je le trouvais<br \/>\nexcellent dans son r\u00f4le. Il apportait toujours l\u2019explication<br \/>\ncorrecte, sur un ton tr\u00e8s pos\u00e9. J\u2019ai tout de suite \u00e9t\u00e9 favorable \u00e0<br \/>\nsa nomination en tant que directeur du panel des commissaires, car<br \/>\nd\u2019apr\u00e8s moi, le principal d\u00e9faut de \u00ab\u00a0l\u2019\u00e8re Spencer\u00a0\u00bb<br \/>\nreposait sur la communication, ou plut\u00f4t, le manque de celle-ci.<br \/>\nLes sanctions pleuvaient, mais personne ne savait pourquoi, y<br \/>\ncompris les pilotes. Maintenant, tous s\u2019accordent \u00e0 dire \u2013 m\u00eame<br \/>\nMorbidelli \u2013 que Crafar est \u00e0 l\u2019\u00e9coute, qu\u2019on peut y parler,<br \/>\n<strong>\u00e9changer des id\u00e9es<\/strong>. La preuve, apr\u00e8s le Mugello,<br \/>\nil a convoqu\u00e9 Bagnaia et Marc Marquez en direction de course<br \/>\nsimplement pour comprendre leurs motivations durant la bataille des<br \/>\npremiers tours. <strong>Chapeau<\/strong>.<\/p>\n<p>\u00a0<\/p>\n<p><img loading=\"lazy\" decoding=\"async\" aria-describedby=\"caption-attachment-1307441\" class=\"size-full wp-image-1307441\" src=\"https:\/\/www.europesays.com\/fr\/wp-content\/uploads\/2025\/07\/Alex-Marquez-penalites-3.jpg\" alt=\"\" width=\"799\" height=\"533\"  \/><\/p>\n<p id=\"caption-attachment-1307441\" class=\"wp-caption-text\">Aucune<br \/>\nsanction pour Pedro Acosta pour l\u2019accrochage avec Alex Marquez. Je<br \/>\ntrouve que c\u2019est, encore une fois, la bonne d\u00e9cision. Photo :<br \/>\nMichelin Motorpsort<\/p>\n<p>\u00a0<\/p>\n<p>On peut toujours critiquer les sanctions, mais je trouve<br \/>\nqu\u2019elles aussi sont plus justifi\u00e9es, et surtout, plus coh\u00e9rentes.<br \/>\nTenir la m\u00eame ligne dans des situations totalement diff\u00e9rentes est<br \/>\nsans aucun doute la t\u00e2che la plus ardue, et <strong>le panel Crafar<br \/>\ns\u2019en sort bien<\/strong>. J\u2019aime aussi qu\u2019il ne se focalise pas sur<br \/>\nl\u2019issue d\u2019un accrochage, mais le contact en lui-m\u00eame. Un pilote qui<br \/>\nen fait tomber un autre ne devrait pas \u00eatre davantage p\u00e9nalis\u00e9<br \/>\nparce que la victime est bless\u00e9e. C\u2019est l\u2019intention qui doit \u00eatre<br \/>\npunie\u00a0; personne ne peut pr\u00e9dire, au moment de l\u2019attaque, la<br \/>\nsuite des \u00e9v\u00e9nements.<\/p>\n<p>J\u2019ai un bon exemple pour illustrer ces deux points. En Italie,<br \/>\n<strong><a href=\"https:\/\/www.paddock-gp.com\/parlons-motogp-desole-franco-morbidelli-mais-ca-commence-a-faire-beaucoup\/\" target=\"_blank\" rel=\"noopener nofollow\">Franco Morbidelli \u00e9copa d\u2019un long<br \/>\nlap de p\u00e9nalit\u00e9 pour avoir percut\u00e9 Maverick Vinales<\/a><\/strong>.<br \/>\nCe dernier a chut\u00e9, <strong>car il n\u2019avait pas la place de<br \/>\nrelever<\/strong>. Comme il n\u2019y a pas de d\u00e9gagement au Mugello, il<br \/>\nne pouvait rien y faire. Au Qatar, Alex Marquez re\u00e7ut la m\u00eame<br \/>\nsanction pour un geste d\u2019une pr\u00e9cipitation similaire face \u00e0 Fabio<br \/>\nDi Giannantonio, mais, vu que l\u2019Italien avait tout le bitume du<br \/>\nmonde pour \u00e9viter la chute, il put se rattraper. Je pense<br \/>\nhonn\u00eatement que les deux incidents \u00e9taient de gravit\u00e9 identique,<br \/>\nbien que l\u2019un soit tomb\u00e9 et l\u2019autre non. Apr\u00e8s, on peut critiquer<br \/>\nla s\u00e9v\u00e9rit\u00e9 \u2013 certains pensent que Crafar est trop laxiste \u2013, mais<br \/>\nniveau coh\u00e9rence, <strong>\u00e7a me para\u00eet tout \u00e0 fait<br \/>\njuste<\/strong>.<\/p>\n<p>La communication aussi s\u2019est am\u00e9lior\u00e9e, et j\u2019aimerais que<br \/>\nCrafar, excellent dans ce domaine, pousse encore plus en faveur<br \/>\nd\u2019une transparence totale. En tant que spectateur, j\u2019adorerais le<br \/>\nvoir nous expliquer ses d\u00e9cisions avec des sch\u00e9mas, des dessins,<br \/>\ndes images simples. <strong>D\u2019autres disciplines sont bien plus<br \/>\nexplicites, alors, pourquoi ne pas monter l\u2019exemple dans le monde<br \/>\ndes sports m\u00e9caniques.<\/strong><\/p>\n<p>Je suis curieux d\u2019avoir votre avis sur la question, alors,<br \/>\n<strong>dites-le-moi en commentaires\u00a0!<\/strong><\/p>\n<p>\u00a0<\/p>\n<p><img loading=\"lazy\" decoding=\"async\" aria-describedby=\"caption-attachment-1307443\" class=\"size-full wp-image-1307443\" src=\"https:\/\/www.europesays.com\/fr\/wp-content\/uploads\/2025\/07\/Diggia-penalites-2.jpg\" alt=\"\" width=\"799\" height=\"533\"  \/><\/p>\n<p id=\"caption-attachment-1307443\" class=\"wp-caption-text\">On<br \/>\ncritique souvent, mais quand c\u2019est bien, il faut le dire aussi.<br \/>\nPhoto : Michelin Motorsport<\/p>\n<p>\u00a0<\/p>\n<p>Photo de couverture : Michelin Motorsport<\/p>\n","protected":false},"excerpt":{"rendered":"Ce n\u2019est pas une blague\u00a0: Franco Morbidelli \u00e9tait encore au c\u0153ur d\u2019une pol\u00e9mique lors du Grand Prix des&hellip;\n","protected":false},"author":2,"featured_media":235985,"comment_status":"","ping_status":"","sticky":false,"template":"","format":"standard","meta":{"footnotes":""},"categories":[1413],"tags":[1011,27,1457,1456,60],"class_list":{"0":"post-235984","1":"post","2":"type-post","3":"status-publish","4":"format-standard","5":"has-post-thumbnail","7":"category-moto","8":"tag-fr","9":"tag-france","10":"tag-moto","11":"tag-motocycle","12":"tag-sports"},"share_on_mastodon":{"url":"https:\/\/pubeurope.com\/@fr\/114819520777510801","error":""},"_links":{"self":[{"href":"https:\/\/www.europesays.com\/fr\/wp-json\/wp\/v2\/posts\/235984","targetHints":{"allow":["GET"]}}],"collection":[{"href":"https:\/\/www.europesays.com\/fr\/wp-json\/wp\/v2\/posts"}],"about":[{"href":"https:\/\/www.europesays.com\/fr\/wp-json\/wp\/v2\/types\/post"}],"author":[{"embeddable":true,"href":"https:\/\/www.europesays.com\/fr\/wp-json\/wp\/v2\/users\/2"}],"replies":[{"embeddable":true,"href":"https:\/\/www.europesays.com\/fr\/wp-json\/wp\/v2\/comments?post=235984"}],"version-history":[{"count":0,"href":"https:\/\/www.europesays.com\/fr\/wp-json\/wp\/v2\/posts\/235984\/revisions"}],"wp:featuredmedia":[{"embeddable":true,"href":"https:\/\/www.europesays.com\/fr\/wp-json\/wp\/v2\/media\/235985"}],"wp:attachment":[{"href":"https:\/\/www.europesays.com\/fr\/wp-json\/wp\/v2\/media?parent=235984"}],"wp:term":[{"taxonomy":"category","embeddable":true,"href":"https:\/\/www.europesays.com\/fr\/wp-json\/wp\/v2\/categories?post=235984"},{"taxonomy":"post_tag","embeddable":true,"href":"https:\/\/www.europesays.com\/fr\/wp-json\/wp\/v2\/tags?post=235984"}],"curies":[{"name":"wp","href":"https:\/\/api.w.org\/{rel}","templated":true}]}}