{"id":235989,"date":"2025-07-08T20:35:10","date_gmt":"2025-07-08T20:35:10","guid":{"rendered":"https:\/\/www.europesays.com\/fr\/235989\/"},"modified":"2025-07-08T20:35:10","modified_gmt":"2025-07-08T20:35:10","slug":"rodrygo-finalement-pas-dans-le-viseur-du-psg","status":"publish","type":"post","link":"https:\/\/www.europesays.com\/fr\/235989\/","title":{"rendered":"Rodrygo finalement pas dans le viseur du PSG ?"},"content":{"rendered":"<p><img width=\"780\" height=\"470\" src=\"https:\/\/www.europesays.com\/fr\/wp-content\/uploads\/2025\/07\/4e6d81296fb61e87d0b352f06a3a21f7c87aae3835908dd41692e35f1437d30f-980-500-780x470.webp.webp\" class=\"attachment-jannah-image-post size-jannah-image-post wp-post-image\" alt=\"Rodrygo\" is_main_img=\"1\" decoding=\"async\" fetchpriority=\"high\"\/><\/p>\n<p>A l\u2019occasion du mercato estival, le <strong>PSG<\/strong><br \/>\npourrait se renforcer sur le front de l\u2019attaque, notamment au poste<br \/>\nd\u2019ailier droit. Ainsi, le nom de <strong>Rodrygo<\/strong> a \u00e9t\u00e9<br \/>\ncit\u00e9, mais le club de la capitale pourrait finalement ne pas \u00eatre<br \/>\nsur la piste du Br\u00e9silien.<\/p>\n<p>Les informations qui \u00e9manent au sujet du mercato estival 2025 du<br \/>\n<strong>PSG<\/strong> vont toutes dans le m\u00eame sens : le club de la<br \/>\ncapitale veut se renforcer en recrutant \u00e0 des postes en particulier<br \/>\ndont l\u2019aile droite de son attaque. C\u2019est dans ce contexte que le<br \/>\nnom de <strong>Rodrygo<\/strong> a \u00e9t\u00e9 cit\u00e9. Le Br\u00e9silien du<br \/>\n<strong>Real Madrid<\/strong> a \u00e9t\u00e9 associ\u00e9 au <strong><a href=\"https:\/\/canal-supporters.com\/\" target=\"_blank\" rel=\"noopener\">Paris Saint-Germain<\/a><\/strong>,<br \/>\net d\u2019autres clubs en <strong>Premier League<\/strong> dont<br \/>\n<strong>Arsenal<\/strong>. Cependant, aujourd\u2019hui, les informations<br \/>\nde <strong>David Ornstein<\/strong>, journaliste pour The<br \/>\nAtheltic, n\u2019\u00e9voquent plus les champions d\u2019Europe pour<br \/>\naccueillir l\u2019ailier de 24 ans. En effet, notre confr\u00e8re britannique<br \/>\naffirme que seul <strong>Arsenal<\/strong> a entrepris des travaux<br \/>\nde fond dans ce dossier, et \u00e0 avoir entam\u00e9 des discussions<br \/>\nconcr\u00e8tes. Du c\u00f4t\u00e9 du <strong>Real Madrid<\/strong>, le d\u00e9part de<br \/>\n<strong>Rodrygo<\/strong> est valid\u00e9 par la direction et<br \/>\n<strong>Xabi Alonso<\/strong>, \u00e0 condition de recevoir une offre<br \/>\nsatisfaisante. Selon MARCA, le club de la capitale<br \/>\nespagnole attendrait 80M\u20ac pour se s\u00e9parer de son ailier br\u00e9silien,<br \/>\nsous contrat jusqu\u2019en juin 2028.<\/p>\n<\/p>\n<p>YouTube : <a href=\"https:\/\/www.youtube.com\/watch?v=Mk1DLtcYWK4\" target=\"_blank\" rel=\"noopener\">Canal Supporters<br \/>\nParis<\/a><\/p>\n","protected":false},"excerpt":{"rendered":"A l\u2019occasion du mercato estival, le PSG pourrait se renforcer sur le front de l\u2019attaque, notamment au poste&hellip;\n","protected":false},"author":2,"featured_media":235990,"comment_status":"","ping_status":"","sticky":false,"template":"","format":"standard","meta":{"footnotes":""},"categories":[1410],"tags":[5357,81,63,1011,27,1434,26622,26623,10555,1435,91,92,93,4790,22693,37483,37484,60,96],"class_list":{"0":"post-235989","1":"post","2":"type-post","3":"status-publish","4":"format-standard","5":"has-post-thumbnail","7":"category-football","8":"tag-arsenal","9":"tag-canal-supporters","10":"tag-football","11":"tag-fr","12":"tag-france","13":"tag-mercato","14":"tag-mercato-dete","15":"tag-mercato-estival","16":"tag-mercato-parisien","17":"tag-mercato-psg","18":"tag-paris-saint-germain","19":"tag-paris-sg","20":"tag-psg","21":"tag-real-madrid","22":"tag-rodrygo","23":"tag-rodrygo-psg","24":"tag-rodrygo-real-madrid","25":"tag-sports","26":"tag-une"},"share_on_mastodon":{"url":"https:\/\/pubeurope.com\/@fr\/114819532444773761","error":""},"_links":{"self":[{"href":"https:\/\/www.europesays.com\/fr\/wp-json\/wp\/v2\/posts\/235989","targetHints":{"allow":["GET"]}}],"collection":[{"href":"https:\/\/www.europesays.com\/fr\/wp-json\/wp\/v2\/posts"}],"about":[{"href":"https:\/\/www.europesays.com\/fr\/wp-json\/wp\/v2\/types\/post"}],"author":[{"embeddable":true,"href":"https:\/\/www.europesays.com\/fr\/wp-json\/wp\/v2\/users\/2"}],"replies":[{"embeddable":true,"href":"https:\/\/www.europesays.com\/fr\/wp-json\/wp\/v2\/comments?post=235989"}],"version-history":[{"count":0,"href":"https:\/\/www.europesays.com\/fr\/wp-json\/wp\/v2\/posts\/235989\/revisions"}],"wp:featuredmedia":[{"embeddable":true,"href":"https:\/\/www.europesays.com\/fr\/wp-json\/wp\/v2\/media\/235990"}],"wp:attachment":[{"href":"https:\/\/www.europesays.com\/fr\/wp-json\/wp\/v2\/media?parent=235989"}],"wp:term":[{"taxonomy":"category","embeddable":true,"href":"https:\/\/www.europesays.com\/fr\/wp-json\/wp\/v2\/categories?post=235989"},{"taxonomy":"post_tag","embeddable":true,"href":"https:\/\/www.europesays.com\/fr\/wp-json\/wp\/v2\/tags?post=235989"}],"curies":[{"name":"wp","href":"https:\/\/api.w.org\/{rel}","templated":true}]}}