{"id":235991,"date":"2025-07-08T20:36:10","date_gmt":"2025-07-08T20:36:10","guid":{"rendered":"https:\/\/www.europesays.com\/fr\/235991\/"},"modified":"2025-07-08T20:36:10","modified_gmt":"2025-07-08T20:36:10","slug":"un-jour-on-se-retrouvera-lea-salame-completement-desarconnee-par-julian-bugier-a-la-conference-de-presse-de-france-televisions","status":"publish","type":"post","link":"https:\/\/www.europesays.com\/fr\/235991\/","title":{"rendered":"\u00ab\u00a0Un jour, on se retrouvera\u00a0\u00bb, L\u00e9a Salam\u00e9 compl\u00e8tement d\u00e9sar\u00e7onn\u00e9e par Julian Bugier \u00e0 la conf\u00e9rence de presse de France T\u00e9l\u00e9visions"},"content":{"rendered":"<p>\u00c0 la rentr\u00e9e prochaine, les Fran\u00e7ais d\u00eeneront avec <a href=\"https:\/\/www.public.fr\/tag\/lea-salame\" target=\"_blank\" rel=\"noopener\">L\u00e9a Salam\u00e9<\/a> s\u2019ils se branchent sur France 2. En effet, dans quelques mois, la compagne de Rapha\u00ebl Glucksmann prendra <a href=\"https:\/\/www.public.fr\/lea-salame-au-20h-son-grand-concurrent-gilles-bouleau-sexprime-enfin\" target=\"_blank\" rel=\"noopener\">les commandes du JT de 20 heures de la Deux<\/a>, et remplacera ainsi <a href=\"https:\/\/www.public.fr\/tag\/anne-sophie-lapix\" target=\"_blank\" rel=\"noopener\">Anne-Sophie Lapix<\/a>.<\/p>\n<p>Avant de r\u00e9ellement se lancer dans le bain, la journaliste a eu droit \u00e0 un bel accueil des deux figures du journal t\u00e9l\u00e9vis\u00e9 de France 2. En effet, au cours de la conf\u00e9rence de presse de rentr\u00e9e de France T\u00e9l\u00e9visions, anim\u00e9e par Delphine Ernotte, la future pr\u00e9sentatrice du JT de 20 heures se trouvait en duplex, avec <a href=\"https:\/\/www.public.fr\/tag\/julian-bugier\" target=\"_blank\" rel=\"noopener\">Julian Bugier<\/a> et <a href=\"https:\/\/vsd.fr\/tag\/laurent-delahousse\/\" target=\"_blank\" rel=\"noopener\">Laurent Delahousse<\/a>.<\/p>\n<p>La franchise de Laurent Delahousse au sujet du futur poste de L\u00e9a Salam\u00e9<\/p>\n<p>Ces derniers ont accueilli leur future coll\u00e8gue, afin de lui pr\u00e9senter son nouveau \u00ab\u00a0lieu\u00a0\u00bb de travail, et lui donner quelques astuces. Visiblement, les premiers mots du compagnon d\u2019Alice Taglioni ne l\u2019ont pas vraiment rassur\u00e9e.\u00a0<\/p>\n<p>\u00ab\u00a0Tu m&rsquo;as dit, l\u00e0 en rentrant, parce qu&rsquo;on est arriv\u00e9 pour se pr\u00e9senter, pour se pr\u00e9parer pour ce duplex, il m&rsquo;a dit : \u2018tu sais que tu vas \u00eatre seule, c&rsquo;est \u00e7a le grand truc qui va te changer, c&rsquo;est que tu vas \u00eatre seule et \u00e7a, c&rsquo;est un peu flippant\u2019\u00a0\u00bb, a reconnu L\u00e9a Salam\u00e9 en s\u2019adressant \u00e0 Delphine Ernotte.<\/p>\n<p>L\u2019occasion pour Laurent Delahousse de r\u00e9agir et pr\u00e9ciser ses propos. \u00ab\u00a0Oui, c&rsquo;est vrai qu&rsquo;on arrive sur ce plateau\u2026 voil\u00e0, c\u2019est pas une matinale, \u00e7a rentre pas, \u00e7a sort pas. C&rsquo;est \u00e7a qui est peut-\u00eatre la petite torpeur qu&rsquo;on a au d\u00e9but. Et effectivement, si j&rsquo;ai un conseil, c&rsquo;est de rendre tout cela chaleureux et je suis s\u00fbr que tu vas le faire parfaitement bien\u00a0\u00bb, a alors r\u00e9agi le journaliste de 55 ans.<\/p>\n<p>Visiblement convaincu du talent de L\u00e9a Salam\u00e9, le pr\u00e9sentateur du JT le week-end a assur\u00e9 n\u2019avoir <strong>\u00ab\u00a0aucun conseil \u00e0 donner\u00a0\u00bb<\/strong>. Du c\u00f4t\u00e9 de Julian Bugier, celui-ci a d\u2019abord souhait\u00e9 rappeler qu\u2019il connaissait la compagne de Rapha\u00ebl Glucksmann depuis plusieurs ann\u00e9es.\u00a0<\/p>\n<p>Julian Bugier raconte une anecdote sur leur collaboration \u00e0 I-T\u00e9l\u00e9, la compagne de Rapha\u00ebl Glucksmann n&rsquo;a plus aucun souvenir<\/p>\n<p><strong>\u00ab\u00a0On \u00e9tait voisins de bureau il y a quelques ann\u00e9es maintenant, \u00e0 I-T\u00e9l\u00e9\u00a0\u00bb<\/strong>, a rappel\u00e9 le pr\u00e9sentateur du JT de 13 heures de France 2. Et visiblement, il garde d\u2019excellents souvenirs de ces ann\u00e9es partag\u00e9es sur la grande soeur de CNEWS. \u00c0 tel point qu\u2019il se souvient \u00e9galement, mot pour mot, de la d\u00e9claration de L\u00e9a Salam\u00e9 lors de son pot de d\u00e9part.<\/p>\n<p><strong>\u00ab\u00a0Je me souviens encore quand tu es venue \u00e0 mon pot de d\u00e9part \u00e0 l&rsquo;\u00e9poque, tu m&rsquo;as dit : \u2018un jour, on se retrouvera\u2019\u00a0\u00bb<\/strong>, a-t-il confi\u00e9, d\u00e9semparant L\u00e9a Salam\u00e9 qui n\u2019avait visiblement aucun souvenir de cette d\u00e9claration comme en t\u00e9moignait <strong>son visage tr\u00e8s \u00e9tonn\u00e9<\/strong> en d\u00e9couvrant les dires de son confr\u00e8re.<\/p>\n<p>Visiblement pas d\u00e9contenanc\u00e9 par la mine surprise de la future pr\u00e9sentatrice du JT de 20 heures de France 2, Julian Bugier a poursuivi son discours et a encha\u00een\u00e9 les compliments envers la \u00ab\u00a0petite nouvelle\u00a0\u00bb : \u00ab\u00a0on est ensemble et je suis s\u00fbr que tu vas faire un carton et que tu vas faire un super boulot ici au 20 heures, tu as fait le bon choix parce que c&rsquo;est une maison fantastique avec une r\u00e9daction fantastique et je suis s\u00fbr que tu vas trouver le filon qui va faire que, que ce journal va aller au sommet\u00a0\u00bb.<\/p>\n<p>      Mentionn\u00e9s dans cet article<\/p>\n<p>\u00c0 lire aussi<\/p>\n","protected":false},"excerpt":{"rendered":"\u00c0 la rentr\u00e9e prochaine, les Fran\u00e7ais d\u00eeneront avec L\u00e9a Salam\u00e9 s\u2019ils se branchent sur France 2. En effet,&hellip;\n","protected":false},"author":2,"featured_media":235992,"comment_status":"","ping_status":"","sticky":false,"template":"","format":"standard","meta":{"footnotes":""},"categories":[1359],"tags":[58,59,1011,27,2400,3699,5419,37485,5097,3806,973],"class_list":{"0":"post-235991","1":"post","2":"type-post","3":"status-publish","4":"format-standard","5":"has-post-thumbnail","7":"category-people","8":"tag-divertissement","9":"tag-entertainment","10":"tag-fr","11":"tag-france","12":"tag-france-televisions","13":"tag-journal-de-20-heures","14":"tag-journal-televise","15":"tag-julian-bugier","16":"tag-laurent-delahousse","17":"tag-lea-salame","18":"tag-people"},"share_on_mastodon":{"url":"https:\/\/pubeurope.com\/@fr\/114819536385001204","error":""},"_links":{"self":[{"href":"https:\/\/www.europesays.com\/fr\/wp-json\/wp\/v2\/posts\/235991","targetHints":{"allow":["GET"]}}],"collection":[{"href":"https:\/\/www.europesays.com\/fr\/wp-json\/wp\/v2\/posts"}],"about":[{"href":"https:\/\/www.europesays.com\/fr\/wp-json\/wp\/v2\/types\/post"}],"author":[{"embeddable":true,"href":"https:\/\/www.europesays.com\/fr\/wp-json\/wp\/v2\/users\/2"}],"replies":[{"embeddable":true,"href":"https:\/\/www.europesays.com\/fr\/wp-json\/wp\/v2\/comments?post=235991"}],"version-history":[{"count":0,"href":"https:\/\/www.europesays.com\/fr\/wp-json\/wp\/v2\/posts\/235991\/revisions"}],"wp:featuredmedia":[{"embeddable":true,"href":"https:\/\/www.europesays.com\/fr\/wp-json\/wp\/v2\/media\/235992"}],"wp:attachment":[{"href":"https:\/\/www.europesays.com\/fr\/wp-json\/wp\/v2\/media?parent=235991"}],"wp:term":[{"taxonomy":"category","embeddable":true,"href":"https:\/\/www.europesays.com\/fr\/wp-json\/wp\/v2\/categories?post=235991"},{"taxonomy":"post_tag","embeddable":true,"href":"https:\/\/www.europesays.com\/fr\/wp-json\/wp\/v2\/tags?post=235991"}],"curies":[{"name":"wp","href":"https:\/\/api.w.org\/{rel}","templated":true}]}}