{"id":235995,"date":"2025-07-08T20:38:31","date_gmt":"2025-07-08T20:38:31","guid":{"rendered":"https:\/\/www.europesays.com\/fr\/235995\/"},"modified":"2025-07-08T20:38:31","modified_gmt":"2025-07-08T20:38:31","slug":"a-lile-rousse-cine-libri-mele-litterature-et-cinema-pour-comprendre-la-societe-corse-daujourdhui","status":"publish","type":"post","link":"https:\/\/www.europesays.com\/fr\/235995\/","title":{"rendered":"\u00c0 L&rsquo;\u00cele-Rousse, Cine libri m\u00eale litt\u00e9rature et cin\u00e9ma pour comprendre la soci\u00e9t\u00e9 corse d&rsquo;aujourd&rsquo;hui"},"content":{"rendered":"<p>R\u00e9unir le 5e et le 7e art, tel est l&rsquo;objectif de l&rsquo;association <strong>Arte Libri<\/strong> et du r\u00e9alisateur balanin <strong>Rinatu Frassati<\/strong>, qui organisaient l&rsquo;\u00e9dition 2025 de <strong>Cine Libri<\/strong>, les 5 et 6\u00a0juillet \u00e0 <strong>L&rsquo;Isula<\/strong>. Cette ann\u00e9e, l&rsquo;association a propos\u00e9 un invit\u00e9 de choix. \u00ab\u00a0Nous avons eu la chance d&rsquo;accueillir, lors de la premi\u00e8re journ\u00e9e, l&rsquo;\u00e9crivain Sorj Chalandon, auteur du roman Le 4e mur, et David Oelhoffen qui a r\u00e9alis\u00e9 son adaptation en film. Apr\u00e8s la projection du long m\u00e9trage au cin\u00e9ma Le Fogata, les deux invit\u00e9s ont pu \u00e9changer avec les personnes pr\u00e9sentes\u00a0\u00bb, d\u00e9taille B\u00e9atrice Habrard-Malaspina.<\/p>\n<p>\u00ab\u00a0Un regard sur la soci\u00e9t\u00e9 corse contemporaine\u00a0\u00bb<\/p>\n<p>Alors que l&rsquo;assembl\u00e9e s&rsquo;appr\u00eate \u00e0 prendre place dans la Casa Bacciochi au c\u0153ur de la cit\u00e9 paoline, les \u00e9loges pour la soir\u00e9e de la veille ne tarissent pas. \u00ab\u00a0C&rsquo;\u00e9tait un film poignant, qui traite de la guerre \u00e0 Beyrouth, t\u00e9moigne une spectatrice. La projection a laiss\u00e9 le public sans voix.\u00a0\u00bb<\/p>\n","protected":false},"excerpt":{"rendered":"R\u00e9unir le 5e et le 7e art, tel est l&rsquo;objectif de l&rsquo;association Arte Libri et du r\u00e9alisateur balanin&hellip;\n","protected":false},"author":2,"featured_media":235996,"comment_status":"","ping_status":"","sticky":false,"template":"","format":"standard","meta":{"footnotes":""},"categories":[1357],"tags":[17,1379,1345,650,12635,1687,58,59,1011,27,37486,1351,1380,37487,471],"class_list":{"0":"post-235995","1":"post","2":"type-post","3":"status-publish","4":"format-standard","5":"has-post-thumbnail","7":"category-livres","8":"tag-17","9":"tag-books","10":"tag-cine","11":"tag-cinema","12":"tag-comprendre","13":"tag-culture-loisirs","14":"tag-divertissement","15":"tag-entertainment","16":"tag-fr","17":"tag-france","18":"tag-libri","19":"tag-litterature","20":"tag-livres","21":"tag-mele","22":"tag-pour"},"share_on_mastodon":{"url":"https:\/\/pubeurope.com\/@fr\/114819544379376126","error":""},"_links":{"self":[{"href":"https:\/\/www.europesays.com\/fr\/wp-json\/wp\/v2\/posts\/235995","targetHints":{"allow":["GET"]}}],"collection":[{"href":"https:\/\/www.europesays.com\/fr\/wp-json\/wp\/v2\/posts"}],"about":[{"href":"https:\/\/www.europesays.com\/fr\/wp-json\/wp\/v2\/types\/post"}],"author":[{"embeddable":true,"href":"https:\/\/www.europesays.com\/fr\/wp-json\/wp\/v2\/users\/2"}],"replies":[{"embeddable":true,"href":"https:\/\/www.europesays.com\/fr\/wp-json\/wp\/v2\/comments?post=235995"}],"version-history":[{"count":0,"href":"https:\/\/www.europesays.com\/fr\/wp-json\/wp\/v2\/posts\/235995\/revisions"}],"wp:featuredmedia":[{"embeddable":true,"href":"https:\/\/www.europesays.com\/fr\/wp-json\/wp\/v2\/media\/235996"}],"wp:attachment":[{"href":"https:\/\/www.europesays.com\/fr\/wp-json\/wp\/v2\/media?parent=235995"}],"wp:term":[{"taxonomy":"category","embeddable":true,"href":"https:\/\/www.europesays.com\/fr\/wp-json\/wp\/v2\/categories?post=235995"},{"taxonomy":"post_tag","embeddable":true,"href":"https:\/\/www.europesays.com\/fr\/wp-json\/wp\/v2\/tags?post=235995"}],"curies":[{"name":"wp","href":"https:\/\/api.w.org\/{rel}","templated":true}]}}