{"id":235997,"date":"2025-07-08T20:39:17","date_gmt":"2025-07-08T20:39:17","guid":{"rendered":"https:\/\/www.europesays.com\/fr\/235997\/"},"modified":"2025-07-08T20:39:17","modified_gmt":"2025-07-08T20:39:17","slug":"qui-sont-les-candidats-nomines-ce-mardi-8-juillet","status":"publish","type":"post","link":"https:\/\/www.europesays.com\/fr\/235997\/","title":{"rendered":"Qui sont les candidats nomin\u00e9s ce mardi 8 juillet ?"},"content":{"rendered":"<p>Ce mardi, \u00e0 la fin de la quotidienne de Secret Story 2025, sur TFX, La Voix a annonc\u00e9 les nomin\u00e9s de la semaine. Alors, qui se retrouvera dans le sas lors du prime de jeudi soir ? Voici la r\u00e9ponse ! <\/p>\n<p>La semaine a \u00e9t\u00e9 mouvement\u00e9e dans la 13e saison de <a href=\"https:\/\/www.programme-tv.net\/programme\/divertissement\/r306546-secret-story\/5132638-sans-titre\/\" target=\"_blank\" rel=\"noopener\">Secret Story<\/a> diffus\u00e9e sur TFX. En effet, Anita a rejoint, dans le plus grand secret, la Maison de cristal alors que les habitants sont persuad\u00e9s que Noah (missionn\u00e9 par La Voix) est \u00e0 l&rsquo;origine de son \u00e9limination. Lors du prime jeudi dernier, Christophe Beaugrand a accueilli quatre anciens candidats, appel\u00e9s pour mettre leur grain de sel dans l&rsquo;aventure. Am\u00e9lie, Vivian, Lou et M\u00e9lanie ont donc pu rencontrer Anita, ainsi que les autres habitants. Ils ont \u00e9galement eu la lourde t\u00e2che <a href=\"https:\/\/www.programme-tv.net\/news\/tele-realite\/382844-secret-story-depart-d-anita-arrivees-d-amelie-neten-vivian-et-les-autres-le-resume-de-la-quotidienne-du-lundi-7-juillet\/\" data-api-deeplink=\"teleloisirs:\/\/news\/382844\" target=\"_blank\" rel=\"noopener\">d&rsquo;attribuer les bienfaits ou les m\u00e9faits de leur pouvoir \u00e0 quatre joueurs<\/a> de leur choix. De quoi renverser toutes les strat\u00e9gies \u00e9tablies et semer le trouble dans les nominations.<\/p>\n<p>Secret Story 2025 : Les nominations perturb\u00e9es par les pouvoirs d&rsquo;Am\u00e9lie, Vivian, Lou et M\u00e9lanie<\/p>\n<p>Si les deux clans de La Maison des secrets mettent en place des strat\u00e9gies pour \u00e9liminer les habitants du groupe adverse, les surprises pr\u00e9vues par La Voix chamboulent r\u00e9guli\u00e8rement l&rsquo;ordre \u00e9tabli. La semaine derni\u00e8re, c&rsquo;est Marianne, qui a en a fait les frais. La Vosgienne s&rsquo;est retrouv\u00e9e dans le sas face \u00e0 Constance et Ethan, et a quitt\u00e9 l&rsquo;aventure apr\u00e8s trois semaines de comp\u00e9tition. La candidate, qui est <a href=\"https:\/\/www.programme-tv.net\/news\/tele-realite\/382648-marianne-eliminee-de-secret-story-2025-repond-aux-accusations-de-racisme-c-est-tres-violent-pour-moi\/\" data-api-deeplink=\"teleloisirs:\/\/news\/382648\" target=\"_blank\" rel=\"noopener\">revenue sur les accusations de racisme<\/a> \u00e0 son encontre lors d&rsquo;une interview, avait \u00e9t\u00e9<a href=\"https:\/\/www.programme-tv.net\/news\/tv\/382673-marianne-secret-story-2025-cash-sur-sa-relation-avec-mayer-on-ne-va-pas-se-le-cacher\/\" data-api-deeplink=\"teleloisirs:\/\/news\/382673\" target=\"_blank\" rel=\"noopener\"> nomm\u00e9e par son allier Mayer<\/a>, charg\u00e9 de faire un choix entre ses deux amies de la maison. La semaine derni\u00e8re sur le pont des sacrifices, Constance et C\u00e9lia ont \u00e9cop\u00e9 de deux voix contre elles pour ces nominations. Cerise sur le g\u00e2teau, les quatre anciens habitants <a href=\"https:\/\/www.programme-tv.net\/news\/tele-realite\/382755-secret-story-les-pouvoirs-speciaux-d-amelie-neten-melanie-da-cruz-vivian-et-lou-devoiles-quels-sont-ils\/\" data-api-deeplink=\"teleloisirs:\/\/news\/382755\" target=\"_blank\" rel=\"noopener\">ont \u00e9t\u00e9 charg\u00e9s de bousculer les votes de la semaine<\/a>. Am\u00e9lie a h\u00e9rit\u00e9 d&rsquo;un anneau permettant d&rsquo;immuniser un candidat. L&rsquo;anneau \u00ab\u00a0de la nomination\u00a0\u00bb a \u00e9t\u00e9 attribu\u00e9 \u00e0 M\u00e9lanie. Lou dispose de \u00ab\u00a0l&rsquo;anneau de l&rsquo;\u00e9change des cagnottes\u00a0\u00bb et Vivian a en sa possession \u00ab\u00a0l&rsquo;anneau du Switch\u00a0\u00bb.<\/p>\n<p>                        Secret Story 2025 : Voici les habitants nomm\u00e9s cette semaine<\/p>\n<p>Ces quatre pouvoirs ont donc \u00e9t\u00e9 d\u00e9terminants dans les nominations de la semaine et ont compl\u00e8tement bouscul\u00e9 les strat\u00e9gies des deux clans. Les candidats qui seront soumis au vote du public cette semaine sont donc <b>Adrien, A\u00efmed, C\u00e9lia et Pimprenelle. <\/b><\/p>\n","protected":false},"excerpt":{"rendered":"Ce mardi, \u00e0 la fin de la quotidienne de Secret Story 2025, sur TFX, La Voix a annonc\u00e9&hellip;\n","protected":false},"author":2,"featured_media":235998,"comment_status":"","ping_status":"","sticky":false,"template":"","format":"standard","meta":{"footnotes":""},"categories":[1356],"tags":[37467,33339,5410,244,33338,58,59,1011,27,32725,29901,252,30052,1364],"class_list":{"0":"post-235997","1":"post","2":"type-post","3":"status-publish","4":"format-standard","5":"has-post-thumbnail","7":"category-television","8":"tag-adrien-secret-story-13","9":"tag-au00efmed-secret-story-13","10":"tag-christophe-beaugrand","11":"tag-commentaire","12":"tag-cu00e9lia-secret-story-13","13":"tag-divertissement","14":"tag-entertainment","15":"tag-fr","16":"tag-france","17":"tag-pimprenelle-secret-story-13","18":"tag-secret-story","19":"tag-television","20":"tag-tfx","21":"tag-tv"},"share_on_mastodon":{"url":"https:\/\/pubeurope.com\/@fr\/114819548016853768","error":""},"_links":{"self":[{"href":"https:\/\/www.europesays.com\/fr\/wp-json\/wp\/v2\/posts\/235997","targetHints":{"allow":["GET"]}}],"collection":[{"href":"https:\/\/www.europesays.com\/fr\/wp-json\/wp\/v2\/posts"}],"about":[{"href":"https:\/\/www.europesays.com\/fr\/wp-json\/wp\/v2\/types\/post"}],"author":[{"embeddable":true,"href":"https:\/\/www.europesays.com\/fr\/wp-json\/wp\/v2\/users\/2"}],"replies":[{"embeddable":true,"href":"https:\/\/www.europesays.com\/fr\/wp-json\/wp\/v2\/comments?post=235997"}],"version-history":[{"count":0,"href":"https:\/\/www.europesays.com\/fr\/wp-json\/wp\/v2\/posts\/235997\/revisions"}],"wp:featuredmedia":[{"embeddable":true,"href":"https:\/\/www.europesays.com\/fr\/wp-json\/wp\/v2\/media\/235998"}],"wp:attachment":[{"href":"https:\/\/www.europesays.com\/fr\/wp-json\/wp\/v2\/media?parent=235997"}],"wp:term":[{"taxonomy":"category","embeddable":true,"href":"https:\/\/www.europesays.com\/fr\/wp-json\/wp\/v2\/categories?post=235997"},{"taxonomy":"post_tag","embeddable":true,"href":"https:\/\/www.europesays.com\/fr\/wp-json\/wp\/v2\/tags?post=235997"}],"curies":[{"name":"wp","href":"https:\/\/api.w.org\/{rel}","templated":true}]}}