{"id":235999,"date":"2025-07-08T20:40:09","date_gmt":"2025-07-08T20:40:09","guid":{"rendered":"https:\/\/www.europesays.com\/fr\/235999\/"},"modified":"2025-07-08T20:40:09","modified_gmt":"2025-07-08T20:40:09","slug":"france-inter-au-defi-de-rester-en-tete-apres-le-mercato-estival","status":"publish","type":"post","link":"https:\/\/www.europesays.com\/fr\/235999\/","title":{"rendered":"France Inter au d\u00e9fi de rester en t\u00eate apr\u00e8s le mercato estival"},"content":{"rendered":"<p><strong>D\u00c9CRYPTAGE <\/strong>&#8211; Pour la derni\u00e8re vague de M\u00e9diam\u00e9trie avant les grands changements de la rentr\u00e9e, le navire amiral de Radio France consolide son avance, RTL se stabilise et Europe\u00a01 poursuit sa remont\u00e9e.<\/p>\n<p class=\"fig-paragraph\">Certaines ont connu une saison en enfer. D\u2019autres, au paradis. Mais dans leur ensemble, les radios fran\u00e7aises ont encore perdu des auditeurs. Entre avril et juin, l\u2019\u00e9coute quotidienne du m\u00e9dia est en fort recul, d\u2019un demi-million de personnes (555.000) sur un an et de plus de 800.000 sur une vague. Avec 37,7\u00a0millions de Fran\u00e7ais, la radio enregistre un plus bas historique, selon les donn\u00e9es de M\u00e9diam\u00e9trie.<\/p>\n<p class=\"fig-paragraph\">Dans ce contexte adverse, la radio publique consolide son leadership en cl\u00f4turant une saison record. Au global, les six antennes de\u00a0<a href=\"http:\/\/www.lefigaro.fr\/medias\/reforme-de-l-audiovisuel-public-avant-leur-greve-les-syndicats-de-radio-france-veulent-mobiliser-20250625\" data-fig-type=\"NewsFlash\" data-gtm-custom-categorie=\"navigation\" data-gtm-custom-action=\"crossclick\" data-gtm-custom-label=\"Contextuel\" data-gtm-event=\"customEventSPE\" data-fig-domain=\"LEFIGARO\" target=\"_blank\" rel=\"noopener\">Radio France<\/a>\u00a0ont attir\u00e9 en moyenne pr\u00e8s de 14,7\u00a0millions d\u2019auditeurs chaque jour depuis septembre. Additionn\u00e9es, leurs parts d\u2019audience d\u00e9passent les 30%. \u00ab\u00a0Le service public de la radio rencontre plus que jamais sa vocation populaire\u00a0\u00bb, se r\u00e9jouit\u00a0<a href=\"http:\/\/www.lefigaro.fr\/medias\/nous-sommes-a-un-moment-de-verite-radio-france-entame-une-bascule-strategique-20250428\" data-fig-type=\"Article\" data-gtm-custom-categorie=\"navigation\" data-gtm-custom-action=\"crossclick\" data-gtm-custom-label=\"Contextuel\" data-gtm-event=\"customEventSPE\" data-fig-domain=\"LEFIGARO\" target=\"_blank\" rel=\"noopener\">Sibyle Veil<\/a>, la PDG du groupe, dans un communiqu\u00e9. La dirigeante voit dans ces bons r\u00e9sultats \u00ab\u00a0le fruit d\u2019un volontarisme \u00e9ditorial mais aussi de notre modernit\u00e9 num\u00e9rique qui permet d\u2019\u00eatre en phase avec les\u2026<\/p>\n<p class=\"fig-premium-paywall__infos\">\n        Cet article est r\u00e9serv\u00e9 aux abonn\u00e9s.        Il vous reste 84% \u00e0 d\u00e9couvrir.\n    <\/p>\n<p>                <img  data- alt=\"Le Figaro\" class=\"fig-img--complete fig-img\"\/><\/p>\n<p class=\"fig-premium-paywall__title\">Vous avez envie de lire la suite ?<\/p>\n<p class=\"fig-premium-paywall__subtitle\">D\u00e9bloquez tous les articles imm\u00e9diatement.<\/p>\n<p class=\"fig-premium-paywall__connect\">\n                D\u00e9j\u00e0 abonn\u00e9\u00a0?                <a class=\"fig-premium-paywall__connect-link\" href=\"https:\/\/connect.lefigaro.fr\/login?client=horizon_web&amp;type=main&amp;redirect_uri=https%3A%2F%2Fwww.lefigaro.fr%2Fmedias%2Faudiences-radio-france-inter-au-defi-de-rester-en-tete-apres-le-mercato-estival-20250708\" data-js-gtm=\"{&quot;customCategorie&quot;: &quot;conversion&quot;, &quot;customAction&quot;: &quot;before_Landing_Connexion_paywall_auto&quot;, &quot;customLabel&quot;: &quot;bGVmaWdhcm8uZnJfXzFmMDViZDc3LWVkZDEtNjZhZS1iYzEyLTIxNTE0ZTI1ZjBhNF9fTmV3c0ZsYXNo_Audiences radio\u00a0: France Inter au d\u00e9fi de rester en t\u00eate apr\u00e8s le mercato estival_591&quot;, &quot;customIDSPE&quot;: &quot;bGVmaWdhcm8uZnJfXzFmMDViZDc3LWVkZDEtNjZhZS1iYzEyLTIxNTE0ZTI1ZjBhNF9fTmV3c0ZsYXNo&quot;, &quot;event&quot;: &quot;customEventSPE&quot;}\" target=\"_blank\" rel=\"noopener\"><br \/>\n                    Connectez-vous<br \/>\n                <\/a>\n            <\/p>\n","protected":false},"excerpt":{"rendered":"D\u00c9CRYPTAGE &#8211; Pour la derni\u00e8re vague de M\u00e9diam\u00e9trie avant les grands changements de la rentr\u00e9e, le navire amiral&hellip;\n","protected":false},"author":2,"featured_media":236000,"comment_status":"","ping_status":"","sticky":false,"template":"","format":"standard","meta":{"footnotes":""},"categories":[1355],"tags":[37488,1083,58,59,1473,1011,27,9102,1361,873,1825,2700],"class_list":{"0":"post-235999","1":"post","2":"type-post","3":"status-publish","4":"format-standard","5":"has-post-thumbnail","7":"category-musique","8":"tag-audience-radio","9":"tag-cyril-hanouna","10":"tag-divertissement","11":"tag-entertainment","12":"tag-europe-1","13":"tag-fr","14":"tag-france","15":"tag-france-inter","16":"tag-music","17":"tag-musique","18":"tag-radio","19":"tag-rtl"},"share_on_mastodon":{"url":"https:\/\/pubeurope.com\/@fr\/114819552221724285","error":""},"_links":{"self":[{"href":"https:\/\/www.europesays.com\/fr\/wp-json\/wp\/v2\/posts\/235999","targetHints":{"allow":["GET"]}}],"collection":[{"href":"https:\/\/www.europesays.com\/fr\/wp-json\/wp\/v2\/posts"}],"about":[{"href":"https:\/\/www.europesays.com\/fr\/wp-json\/wp\/v2\/types\/post"}],"author":[{"embeddable":true,"href":"https:\/\/www.europesays.com\/fr\/wp-json\/wp\/v2\/users\/2"}],"replies":[{"embeddable":true,"href":"https:\/\/www.europesays.com\/fr\/wp-json\/wp\/v2\/comments?post=235999"}],"version-history":[{"count":0,"href":"https:\/\/www.europesays.com\/fr\/wp-json\/wp\/v2\/posts\/235999\/revisions"}],"wp:featuredmedia":[{"embeddable":true,"href":"https:\/\/www.europesays.com\/fr\/wp-json\/wp\/v2\/media\/236000"}],"wp:attachment":[{"href":"https:\/\/www.europesays.com\/fr\/wp-json\/wp\/v2\/media?parent=235999"}],"wp:term":[{"taxonomy":"category","embeddable":true,"href":"https:\/\/www.europesays.com\/fr\/wp-json\/wp\/v2\/categories?post=235999"},{"taxonomy":"post_tag","embeddable":true,"href":"https:\/\/www.europesays.com\/fr\/wp-json\/wp\/v2\/tags?post=235999"}],"curies":[{"name":"wp","href":"https:\/\/api.w.org\/{rel}","templated":true}]}}