{"id":236001,"date":"2025-07-08T20:41:10","date_gmt":"2025-07-08T20:41:10","guid":{"rendered":"https:\/\/www.europesays.com\/fr\/236001\/"},"modified":"2025-07-08T20:41:10","modified_gmt":"2025-07-08T20:41:10","slug":"au-cinema-superman-et-les-4-fantastiques-se-livrent-une-bataille-tout-comme-leurs-studios","status":"publish","type":"post","link":"https:\/\/www.europesays.com\/fr\/236001\/","title":{"rendered":"Au cin\u00e9ma, \u00ab\u00a0Superman\u00a0\u00bb et \u00ab\u00a0Les 4\u00a0Fantastiques\u00a0\u00bb se livrent une bataille tout comme leurs studios"},"content":{"rendered":"\n<p> La lecture de ce contenu est susceptible d\u2019entra\u00eener un d\u00e9p\u00f4t de cookies de la part de l\u2019op\u00e9rateur tiers qui l\u2019h\u00e9berge. Compte-tenu des choix que vous avez exprim\u00e9s en mati\u00e8re de d\u00e9p\u00f4t de cookies, nous avons bloqu\u00e9 l\u2019affichage de ce contenu. Si vous souhaitez y acc\u00e9der, vous devez accepter la cat\u00e9gorie de cookies \u201cContenus tiers\u201d en cliquant sur le bouton ci-dessous. <\/p>\n<p> Lire la Vid\u00e9o              <\/p>\n<p class=\"asset asset-text\">CIN\u00c9MA &#8211; Apr\u00e8s le ph\u00e9nom\u00e8ne \u00ab\u00a0Barbenheimer\u00a0\u00bb, va-t-on passer \u00e0 celui des \u00ab\u00a0Super Fantastiques\u00a0\u00bb\u00a0? Cet \u00e9t\u00e9, et plus particuli\u00e8rement en ce mois de juillet, le <a href=\"https:\/\/www.huffingtonpost.fr\/culture\/video\/au-cinema-cet-ete-ces-8-blockbusters-misent-sur-la-nostalgie-pour-remplir-les-salles-obscures_251913.html\" rel=\"nofollow noopener\" target=\"_blank\">box-office<\/a> va devenir le terrain d\u2019affrontement entre deux superproductions de super-h\u00e9ros. Le <a href=\"https:\/\/www.huffingtonpost.fr\/culture\/article\/james-gunn-a-creuse-l-histoire-de-superman-pour-justifier-cette-incoherence-dans-son-film_252043.html\" rel=\"nofollow noopener\" target=\"_blank\">Superman<\/a> de James Gunn, qui sort ce 9\u00a0juillet, va lutter contre les 4\u00a0Fantastiques avec <a href=\"https:\/\/www.huffingtonpost.fr\/divertissement\/video\/pedro-pascal-a-aussi-eu-droit-a-son-concours-de-sosie-et-le-gagnant-est-bluffant-de-ressemblance_251413.html\" rel=\"nofollow noopener\" target=\"_blank\">Pedro Pascal<\/a> qui sera projet\u00e9 \u00e0 partir du 23\u00a0juillet. Et les deux studios jouent gros avec ces films <strong>comme vous pouvez le voir dans notre vid\u00e9o en t\u00eate d\u2019article<\/strong>.<\/p>\n<p class=\"asset asset-text\">D\u2019un c\u00f4t\u00e9, il y a Marvel qui conna\u00eet une perte de vitesse depuis quelques ann\u00e9es comme en t\u00e9moignent les deux longs m\u00e9trages d\u00e9j\u00e0 sortis en 2025. Que ce soit Captain America\u00a0: Brave New World ou Thunderbolts*, ils ont \u00e9t\u00e9 d\u00e9cevants au box-office avec respectivement 415\u00a0millions et 381\u00a0millions de dollars de recettes. Le film qui met en sc\u00e8ne Florence Pugh est l\u2019un des pires \u00e9checs de la firme de Disney malgr\u00e9 de bonnes critiques. En plus d\u2019un enjeu financier important, Les 4\u00a0Fantastiques, premiers pas d\u00e9bute la phase 6\u00a0du Marvel Cinematic Universe qui conduit aux deux prochains films Avengers.<\/p>\n<p class=\"asset asset-text\">De l\u2019autre c\u00f4t\u00e9, il y a DC pour qui l\u2019enjeu est tout aussi important. Le studio a plac\u00e9 le r\u00e9alisateur James Gunn \u00e0 sa t\u00eate pour qu\u2019il pilote le reboot de l\u2019univers cin\u00e9matographique de la filiale de Warner Bros. Apr\u00e8s une majorit\u00e9 d\u2019\u00e9checs critiques et commerciaux (comme le troisi\u00e8me volet d\u2019Aquaman not\u00e9 42\u00a0sur 100\u00a0sur le site de r\u00e9f\u00e9rence Metacritic), James Gunn doit faire oublier l\u2019ancien DC Universe chaotique et d\u00e9cousu.<\/p>\n<p>    La guerre de communication    <\/p>\n<p class=\"asset asset-text\">Et c\u2019est une mission accomplie. Dans Superman, le cin\u00e9aste a pris la direction oppos\u00e9e de celle qui r\u00e9gnait jusque-l\u00e0. Il dit adieu aux tons tr\u00e8s sombres h\u00e9rit\u00e9s des films de Zack Snyder pour laisser place \u00e0 un univers color\u00e9 tout droit sorti des comics am\u00e9ricains. On sent \u00e9galement que tous les personnages sont connect\u00e9s les uns aux autres et \u00e7a donne envie d\u2019en d\u00e9couvrir davantage sur eux.<\/p>\n<p class=\"asset asset-text\">DC et Marvel mettent des gros moyens dans leur strat\u00e9gie de communication autour des deux films. Selon <a href=\"https:\/\/www.hollywoodreporter.com\/movies\/movie-news\/mission-impossible-jurassic-world-superman-box-office-summer-1236255949\/\" target=\"_blank\" rel=\"noopener nofollow\" title=\"Nouvelle fen\u00eatre\">The Hollywood Reporter<\/a>, la campagne marketing mondiale de Superman pourrait co\u00fbter 200\u00a0millions de dollars, ce qui correspond \u00e0 peu de chose pr\u00e8s au budget du film. Et cette somme se traduit par des publicit\u00e9s d\u2019envergure. Le 1er\u00a0juillet, \u00e0 Londres, une statue de 3,5\u00a0m\u00e8tres et de 120\u00a0kg repr\u00e9sentant le super-h\u00e9ros a \u00e9t\u00e9 install\u00e9e \u00e0 300\u00a0m\u00e8tres de hauteur, au sommet de la tour The Shard.<\/p>\n<p class=\"asset asset-text\">Les 4\u00a0Fantastiques ne sont pas en reste non plus. Le 3\u00a0juillet, la veille de la f\u00eate nationale am\u00e9ricaine, des avions ont dessin\u00e9 le logo de la super-\u00e9quipe dans le ciel de Chicago. Aussi, \u00e0 l\u2019occasion du lancement de la bande-annonce en f\u00e9vrier, le casting et les fans s\u2019\u00e9taient r\u00e9unis \u00e0 l\u2019U.S. Space &amp;\u00a0Rocket Center d\u2019Huntsville dans l\u2019Alabama. Ce mus\u00e9e abrite un v\u00e9ritable lanceur Saturn V. La bataille a commenc\u00e9 avant m\u00eame la sortie des deux films. Que le meilleur gagne.<\/p>\n","protected":false},"excerpt":{"rendered":"La lecture de ce contenu est susceptible d\u2019entra\u00eener un d\u00e9p\u00f4t de cookies de la part de l\u2019op\u00e9rateur tiers&hellip;\n","protected":false},"author":2,"featured_media":236002,"comment_status":"","ping_status":"","sticky":false,"template":"","format":"standard","meta":{"footnotes":""},"categories":[1354],"tags":[650,251,11960,58,59,1346,1011,27,2135,1360,2532,2133],"class_list":{"0":"post-236001","1":"post","2":"type-post","3":"status-publish","4":"format-standard","5":"has-post-thumbnail","7":"category-films","8":"tag-cinema","9":"tag-culture","10":"tag-dc-comics","11":"tag-divertissement","12":"tag-entertainment","13":"tag-films","14":"tag-fr","15":"tag-france","16":"tag-marvel","17":"tag-movies","18":"tag-nos-videos","19":"tag-superman"},"share_on_mastodon":{"url":"https:\/\/pubeurope.com\/@fr\/114819556154434348","error":""},"_links":{"self":[{"href":"https:\/\/www.europesays.com\/fr\/wp-json\/wp\/v2\/posts\/236001","targetHints":{"allow":["GET"]}}],"collection":[{"href":"https:\/\/www.europesays.com\/fr\/wp-json\/wp\/v2\/posts"}],"about":[{"href":"https:\/\/www.europesays.com\/fr\/wp-json\/wp\/v2\/types\/post"}],"author":[{"embeddable":true,"href":"https:\/\/www.europesays.com\/fr\/wp-json\/wp\/v2\/users\/2"}],"replies":[{"embeddable":true,"href":"https:\/\/www.europesays.com\/fr\/wp-json\/wp\/v2\/comments?post=236001"}],"version-history":[{"count":0,"href":"https:\/\/www.europesays.com\/fr\/wp-json\/wp\/v2\/posts\/236001\/revisions"}],"wp:featuredmedia":[{"embeddable":true,"href":"https:\/\/www.europesays.com\/fr\/wp-json\/wp\/v2\/media\/236002"}],"wp:attachment":[{"href":"https:\/\/www.europesays.com\/fr\/wp-json\/wp\/v2\/media?parent=236001"}],"wp:term":[{"taxonomy":"category","embeddable":true,"href":"https:\/\/www.europesays.com\/fr\/wp-json\/wp\/v2\/categories?post=236001"},{"taxonomy":"post_tag","embeddable":true,"href":"https:\/\/www.europesays.com\/fr\/wp-json\/wp\/v2\/tags?post=236001"}],"curies":[{"name":"wp","href":"https:\/\/api.w.org\/{rel}","templated":true}]}}