{"id":236003,"date":"2025-07-08T20:42:12","date_gmt":"2025-07-08T20:42:12","guid":{"rendered":"https:\/\/www.europesays.com\/fr\/236003\/"},"modified":"2025-07-08T20:42:12","modified_gmt":"2025-07-08T20:42:12","slug":"une-nouvelle-etude-met-en-garde-contre-les-risques-pour-la-sante-lies-a-lutilisation-du-lave-vaisselle","status":"publish","type":"post","link":"https:\/\/www.europesays.com\/fr\/236003\/","title":{"rendered":"une nouvelle \u00e9tude met en garde contre les risques pour la sant\u00e9 li\u00e9s \u00e0 l&rsquo;utilisation du lave-vaisselle"},"content":{"rendered":"<p>&#13;<br \/>\n\t\t\t&#13;<br \/>\n\t\t\t\t&#13;<\/p>\n<ol class=\"col-12 d-flex justify-content-start align-items-start mb-2 p-0 tdn-breadcrumb\" itemscope=\"\" itemtype=\"https:\/\/schema.org\/BreadcrumbList\" style=\"list-style-type: none; font-size: 16px;\">&#13;<br \/>\n&#13;<\/p>\n<li itemprop=\"itemListElement\" itemscope=\"\" itemtype=\"https:\/\/schema.org\/ListItem\" class=\"mr-1 d-flex align-items-center\">&#13;<br \/>\n\t\t<a itemprop=\"item\" class=\"text-grey d-flex align-items-center\" href=\"https:\/\/www.letribunaldunet.fr\" rel=\"nofollow noopener\" target=\"_blank\">&#13;<br \/>\n\t\t\t<img loading=\"lazy\" decoding=\"async\" src=\"data:image\/svg+xml,%3Csvg%20xmlns=\" http:=\"\" alt=\"\" width=\"24\" height=\"24\" data-lazy-src=\"https:\/\/www.letribunaldunet.fr\/wp-content\/themes\/letribunaldunet\/img\/icon-home-grey.svg\"\/>&#13;<br \/>\n\t\t\tTDN &gt;&#13;<br \/>\n\t\t<\/a>&#13;<br \/>\n\t\t&#13;\n\t<\/li>\n<p>&#13;<br \/>\n&#13;<\/p>\n<li itemprop=\"itemListElement\" itemscope=\"\" itemtype=\"https:\/\/schema.org\/ListItem\" class=\"mr-1 d-flex align-items-center\">&#13;<br \/>\n\t\t\t\t\t<a itemprop=\"item\" class=\"text-grey d-flex align-items-center\" href=\"https:\/\/www.letribunaldunet.fr\/sante\" rel=\"nofollow noopener\" target=\"_blank\">&#13;<br \/>\n\t\t\t\t\t\tSant\u00e9&#13;<br \/>\n\t\t\t\t\t<\/a>&#13;<br \/>\n\t\t\t\t\t&#13;\n\t\t\t\t<\/li>\n<p>&#13;<br \/>\n\t\t\t&#13;<br \/>\n\t&#13;\n<\/ol>\n<p>&#13;<br \/>\n\t\t\t\t&#13;<br \/>\n&#13;<br \/>\n\t\t\t\t\t\t\t\t&#13;<br \/>\n\t\t\t\t\t&#13;<br \/>\n&#13;<br \/>\n\t\t\t\t\t&#13;<br \/>\n&#13;<br \/>\n&#13;<br \/>\n&#13;<br \/>\n\t\t\t\t&#13;<\/p>\n<p>Lave-vaisselle : cet appareil \u00e9lectrom\u00e9nager pourrait discr\u00e8tement contribuer \u00e0 une importante lib\u00e9ration des particules dangereuses pour la sant\u00e9. <\/p>\n<p>La suite apr\u00e8s cette publicit\u00e9<\/p>\n<p><img fetchpriority=\"high\" decoding=\"async\" width=\"762\" height=\"508\" src=\"data:image\/svg+xml,%3Csvg%20xmlns=\" http:=\"\" alt=\"Lave-vaisselle\" data-lazy- data-lazy- data-lazy-src=\"https:\/\/www.europesays.com\/fr\/wp-content\/uploads\/2025\/07\/rhere0cr8kk-762x508.jpg\"\/><\/p>\n<p>Dans notre quotidien, peu de gestes semblent aussi inoffensifs que celui de placer un r\u00e9cipient en plastique dans le lave-vaisselle. On le fait presque machinalement, sans imaginer que cette habitude banale puisse avoir des<a href=\"https:\/\/www.letribunaldunet.fr\/shopping\/rappel-conso-ce-nettoyeur-de-sols-de-chez-lidl-rappele-pour-risque-dincendie.html\" rel=\"nofollow noopener\" target=\"_blank\"> <strong>cons\u00e9quences pr\u00e9occupantes<\/strong><\/a> pour notre sant\u00e9 et pour l\u2019environnement. <\/p>\n<p>La suite apr\u00e8s cette vid\u00e9o<\/p>\n<p>La suite apr\u00e8s cette publicit\u00e9<\/p>\n<p>Pourtant, une \u00e9tude r\u00e9cente men\u00e9e par l\u2019Universit\u00e9 du Queensland (Australie) tire la sonnette d\u2019alarme : cet appareil, pr\u00e9sent dans des millions de foyers, pourrait \u00eatre une source majeure et silencieuse de <strong>pollution aux microplastiques.<\/strong><\/p>\n<p>Qu\u2019est-ce que les microplastiques ?<\/p>\n<p>Loin d\u2019\u00eatre une menace lointaine ou marginale, les microplastiques sont devenus une inqui\u00e9tude mondiale. Ce sont de minuscules fragments de plastique, mesurant moins de cinq millim\u00e8tres, issus de la d\u00e9gradation de produits expos\u00e9s \u00e0 la chaleur, au frottement ou \u00e0 un usage r\u00e9p\u00e9t\u00e9. <\/p>\n<p>La suite apr\u00e8s cette publicit\u00e9<\/p>\n<p>Leur taille est si infime qu\u2019ils \u00e9chappent aux syst\u00e8mes classiques de traitement des eaux. Plus alarmant encore : on les retrouve aujourd\u2019hui dans des endroits insoup\u00e7onn\u00e9s comme le <a href=\"https:\/\/www.letribunaldunet.fr\/famille\/mere-peur-syndrome-loup-garou-fils-vienne-consommation-chat-grossesse.html\" rel=\"nofollow noopener\" target=\"_blank\">placenta<\/a> humain, les tissus pulmonaires ou m\u00eame le sang.<\/p>\n<p><img loading=\"lazy\" decoding=\"async\" width=\"762\" height=\"508\" src=\"data:image\/svg+xml,%3Csvg%20xmlns=\" http:=\"\" alt=\"Microplastiques\" data-lazy- data-lazy- data-lazy-src=\"https:\/\/www.europesays.com\/fr\/wp-content\/uploads\/2025\/07\/microplastiques-762x508.jpeg\"\/><\/p>\n<p>Le lave-vaisselle, un pollueur discret du quotidien<\/p>\n<p>La suite apr\u00e8s cette publicit\u00e9<\/p>\n<p>L\u2019\u00e9tude, publi\u00e9e dans la revue ACS ES&amp;T Water, se concentre sur un sc\u00e9nario tr\u00e8s pr\u00e9cis : le lave-vaisselle domestique. Selon les chercheurs, un seul cycle de lavage avec des ustensiles en plastique peut <strong>lib\u00e9rer jusqu\u2019\u00e0 920 000 particules plastiques<\/strong> dans le <a href=\"https:\/\/www.letribunaldunet.fr\/faits-divers\/portee-disparue-depuis-deux-semaines-elle-est-retrouvee-dans-les-egouts.html\" rel=\"nofollow noopener\" target=\"_blank\">r\u00e9seau d\u2019\u00e9vacuation<\/a>.<\/p>\n<p>\u00ab C\u2019est un geste en apparence inoffensif \u00bb, pr\u00e9viennent les auteurs, \u00ab mais les donn\u00e9es r\u00e9v\u00e8lent un impact consid\u00e9rable et cumulatif \u00bb. Rapport\u00e9 \u00e0 une ann\u00e9e enti\u00e8re et \u00e0 l\u2019\u00e9chelle d\u2019un foyer, ce chiffre grimpe \u00e0 <strong>33 millions de particules<\/strong>. Multipli\u00e9 par le nombre de lave-vaisselles en fonctionnement dans le monde, cela donne une id\u00e9e de l\u2019ampleur de cette <strong>pollution invisible<\/strong>.<\/p>\n<p><img loading=\"lazy\" decoding=\"async\" width=\"762\" height=\"508\" src=\"data:image\/svg+xml,%3Csvg%20xmlns=\" http:=\"\" alt=\"Lave-vaisselle avec canard\" data-lazy- data-lazy- data-lazy-src=\"https:\/\/www.europesays.com\/fr\/wp-content\/uploads\/2025\/07\/cqvfxtnwcnm-762x508.jpg\"\/><\/p>\n<p>La suite apr\u00e8s cette publicit\u00e9<\/p>\n<p>Le danger des microplastiques<\/p>\n<p>Bien que le lave-vaisselle ne soit pas la seule source de <a href=\"https:\/\/www.letribunaldunet.fr\/ecologie\/cette-etude-montre-bouteilles-verre-contiennent-plus-microplastiques-celles-plastique.html\" rel=\"nofollow noopener\" target=\"_blank\">microplastiques<\/a> dans l\u2019environnement, son r\u00f4le devient de plus en plus pr\u00e9occupant. La combinaison d\u2019eau chaude, de d\u00e9tergents et de cycles abrasifs favorise la d\u00e9gradation du plastique. <\/p>\n<p>Cela surtout lorsque les contenants ne sont pas con\u00e7us pour r\u00e9sister \u00e0 ces conditions. R\u00e9sultat : des <strong>particules invisibles<\/strong> sont lib\u00e9r\u00e9es, puis \u00e9vacu\u00e9es vers les \u00e9gouts, les rivi\u00e8res, les mers et les nappes phr\u00e9atiques.<\/p>\n<p>La suite apr\u00e8s cette publicit\u00e9<\/p>\n<p>Les sp\u00e9cialistes de la sant\u00e9 environnementale expriment une inqui\u00e9tude croissante face \u00e0 l\u2019exposition prolong\u00e9e aux microplastiques. Non seulement \u00e0 cause de leur <strong>toxicit\u00e9<\/strong> potentielle, mais aussi parce qu\u2019ils peuvent servir de <strong>vecteurs \u00e0 des m\u00e9taux lourds<\/strong>, des compos\u00e9s organiques persistants ou des <strong>bact\u00e9ries pathog\u00e8nes<\/strong>.<\/p>\n<p><img loading=\"lazy\" decoding=\"async\" width=\"762\" height=\"572\" src=\"data:image\/svg+xml,%3Csvg%20xmlns=\" http:=\"\" alt=\"Microplastique\" data-lazy- data-lazy- data-lazy-src=\"https:\/\/www.europesays.com\/fr\/wp-content\/uploads\/2025\/07\/bjuozu0mpt0-762x572.jpg\"\/><\/p>\n<p>Les effets \u00e0 long terme de la pr\u00e9sence de microplastiques dans le corps humain restent encore mal connus. N\u00e9anmoins, certaines \u00e9tudes pr\u00e9liminaires les relient \u00e0 des <strong>inflammations<\/strong>, des <strong>perturbations<\/strong> <strong>hormonales<\/strong> et \u00e0 d\u2019\u00e9ventuels risques pour le <strong>syst\u00e8me immunitaire<\/strong>.<\/p>\n<p>La suite apr\u00e8s cette publicit\u00e9<\/p>\n<p>Alors, faut-il dire adieu au lave-vaisselle ?<\/p>\n<p>Pour l\u2019instant, les scientifiques pr\u00e9conisent des gestes <strong>simples<\/strong>, mais <strong>efficaces<\/strong> : <\/p>\n<p>\u00c9viter de <a href=\"https:\/\/www.letribunaldunet.fr\/astuces\/objets-insolites-pouvez-laver-lave-vaisselle.html\" rel=\"nofollow noopener\" target=\"_blank\">laver au lave-vaisselle<\/a> les plastiques non con\u00e7us pour r\u00e9sister \u00e0 la chaleur ;<\/p>\n<p>La suite apr\u00e8s cette publicit\u00e9<\/p>\n<p>Privil\u00e9gier les contenants en verre ou en acier inoxydable ;<\/p>\n<p>Limiter l\u2019usage d\u2019ustensiles jetables ou de qualit\u00e9 m\u00e9diocre.<\/p>\n<p>&#13;<br \/>\n\t\t\t\t&#13;<br \/>\n\t\t\t\t\t\t\t&#13;<\/p>\n","protected":false},"excerpt":{"rendered":"&#13; &#13; &#13; &#13; &#13; &#13; &#13; &#13; TDN &gt;&#13; &#13; &#13; &#13; &#13; &#13; &#13; Sant\u00e9&#13; &#13;&hellip;\n","protected":false},"author":2,"featured_media":236004,"comment_status":"","ping_status":"","sticky":false,"template":"","format":"standard","meta":{"footnotes":""},"categories":[10],"tags":[1011,27,72,71],"class_list":{"0":"post-236003","1":"post","2":"type-post","3":"status-publish","4":"format-standard","5":"has-post-thumbnail","7":"category-sante","8":"tag-fr","9":"tag-france","10":"tag-health","11":"tag-sante"},"share_on_mastodon":{"url":"https:\/\/pubeurope.com\/@fr\/114819560065961459","error":""},"_links":{"self":[{"href":"https:\/\/www.europesays.com\/fr\/wp-json\/wp\/v2\/posts\/236003","targetHints":{"allow":["GET"]}}],"collection":[{"href":"https:\/\/www.europesays.com\/fr\/wp-json\/wp\/v2\/posts"}],"about":[{"href":"https:\/\/www.europesays.com\/fr\/wp-json\/wp\/v2\/types\/post"}],"author":[{"embeddable":true,"href":"https:\/\/www.europesays.com\/fr\/wp-json\/wp\/v2\/users\/2"}],"replies":[{"embeddable":true,"href":"https:\/\/www.europesays.com\/fr\/wp-json\/wp\/v2\/comments?post=236003"}],"version-history":[{"count":0,"href":"https:\/\/www.europesays.com\/fr\/wp-json\/wp\/v2\/posts\/236003\/revisions"}],"wp:featuredmedia":[{"embeddable":true,"href":"https:\/\/www.europesays.com\/fr\/wp-json\/wp\/v2\/media\/236004"}],"wp:attachment":[{"href":"https:\/\/www.europesays.com\/fr\/wp-json\/wp\/v2\/media?parent=236003"}],"wp:term":[{"taxonomy":"category","embeddable":true,"href":"https:\/\/www.europesays.com\/fr\/wp-json\/wp\/v2\/categories?post=236003"},{"taxonomy":"post_tag","embeddable":true,"href":"https:\/\/www.europesays.com\/fr\/wp-json\/wp\/v2\/tags?post=236003"}],"curies":[{"name":"wp","href":"https:\/\/api.w.org\/{rel}","templated":true}]}}