{"id":236006,"date":"2025-07-08T20:44:11","date_gmt":"2025-07-08T20:44:11","guid":{"rendered":"https:\/\/www.europesays.com\/fr\/236006\/"},"modified":"2025-07-08T20:44:11","modified_gmt":"2025-07-08T20:44:11","slug":"inoxtag-revele-son-nouveau-defi-apres-son-ascension-de-leverest","status":"publish","type":"post","link":"https:\/\/www.europesays.com\/fr\/236006\/","title":{"rendered":"Inoxtag r\u00e9v\u00e8le son nouveau d\u00e9fi apr\u00e8s son ascension de l\u2019Everest"},"content":{"rendered":"<p>        <img decoding=\"async\" loading=\"lazy\" src=\"https:\/\/www.europesays.com\/fr\/wp-content\/uploads\/2025\/07\/d3fcb9c_1731233807574-000-36g89bw.jpg\"  width=\"728\" height=\"410\" alt=\"Le youtubeur de 9\u00a0millions d\u2019abonn\u00e9s se lance dans un nouveau d\u00e9fi apr\u00e8s le reportage sensation \u00abKaizen\u00bb\"\/>  <\/p>\n<p>JOEL SAGET \/ AFP<\/p>\n<p>Le youtubeur de 9\u00a0millions d\u2019abonn\u00e9s se lance dans un nouveau d\u00e9fi apr\u00e8s le reportage sensation \u00abKaizen\u00bb<\/p>\n<p class=\"asset asset-text\">YOUTUBE &#8211; Il n\u2019a pas forc\u00e9ment l\u2019envie de devenir le roi des pirates mais il a la m\u00eame soif d\u2019aventure que Luffy. Comme le h\u00e9ros de One Piece, son manga pr\u00e9f\u00e9r\u00e9, le youtubeur <a href=\"https:\/\/www.huffingtonpost.fr\/divertissement\/article\/inoxtag-a-vecu-le-cauchemar-de-beaucoup-de-voyageurs-avant-de-prendre-l-avion_250529.html\" target=\"_blank\" rel=\"noopener\">Inoxtag<\/a>, In\u00e8s Benazzouz de son vrai nom, a lui aussi envie de traverser les <a href=\"https:\/\/www.huffingtonpost.fr\/life\/video\/cet-americain-a-tout-plaque-pour-prendre-la-mer-avec-son-chat-et-son-periple-passionne_250128.html\" target=\"_blank\" rel=\"noopener\">mers<\/a>. Apr\u00e8s son ascension de l\u2019Everest, il a r\u00e9v\u00e9l\u00e9 vouloir se frotter \u00e0 l\u2019oc\u00e9an Atlantique.<\/p>\n<p class=\"asset asset-text\">C\u2019est dans une vid\u00e9o publi\u00e9e ce dimanche\u00a0sur son compte TikTok secondaire, qu\u2019il annonce son absence pour les prochaines semaines. La raison\u00a0? Un d\u00e9part en mer, pour une travers\u00e9e de l\u2019oc\u00e9an Atlantique \u00ab\u00a0Si tout se passe bien et que je ne suis pas pris dans une temp\u00eate, normalement, j\u2019arriverai en Martinique\u00a0\u00bb.<\/p>\n<p> La lecture de ce contenu est susceptible d\u2019entra\u00eener un d\u00e9p\u00f4t de cookies de la part de l\u2019op\u00e9rateur tiers qui l\u2019h\u00e9berge. Compte-tenu des choix que vous avez exprim\u00e9s en mati\u00e8re de d\u00e9p\u00f4t de cookies, nous avons bloqu\u00e9 l\u2019affichage de ce contenu. Si vous souhaitez y acc\u00e9der, vous devez accepter la cat\u00e9gorie de cookies \u201cContenus tiers\u201d en cliquant sur le bouton ci-dessous. <\/p>\n<p> Lire la Vid\u00e9o        <\/p>\n<p class=\"asset asset-text\">Si le d\u00e9fi semble \u00eatre pour l\u2019instant abordable (il est possible de payer quelques milliers d\u2019euros pour une travers\u00e9e d\u2019un mois en catamaran depuis la France m\u00e9tropolitaine jusque dans les Antilles), il pr\u00e9cise que la travers\u00e9e se fera sans moteur sur le bateau, ce qui complexifie nettement la difficult\u00e9 du voyage, \u00ab\u00a0Je ne serai pas l\u00e0 les dix prochains jours, voire les quinze prochains jours, je ne sais pas combien de temps \u00e7a va prendre \u00bb avoue-t-il.<\/p>\n<p>    L\u2019eau apr\u00e8s la neige    <\/p>\n<p class=\"asset asset-text\">Deux ans apr\u00e8s le lancement du projet<a href=\"https:\/\/www.huffingtonpost.fr\/divertissement\/article\/kaizen-sur-tf1-mais-pourquoi-inoxtag-beneficie-d-une-telle-exposition-en-dehors-de-youtube_240384.html\" target=\"_blank\" rel=\"noopener\"> Kaizen<\/a>, retra\u00e7ant la pr\u00e9paration d\u2019un an et son ascension de l\u2019Everest, sa nouvelle qu\u00eate sera \u00e9videmment film\u00e9e et diffus\u00e9e sur Youtube. Et peut-\u00eatre ailleurs. En effet, il avait attir\u00e9 quelque 340\u00a0000 spectateurs lors des avant-premi\u00e8res dans les salles de cin\u00e9ma pour la projection de son documentaire en septembre.<\/p>\n<p class=\"asset asset-text\">La vid\u00e9o aux 44\u00a0millions de vues (juillet\u00a02025) a \u00e9t\u00e9 un projet <a href=\"https:\/\/www.huffingtonpost.fr\/culture\/video\/kaizen-le-documentaire-d-inoxtag-un-projet-grandiose-et-stressant-jusqu-en-haut-de-l-everest-clx1_239527.html\" target=\"_blank\" rel=\"noopener\">un projet \u00ab\u00a0grandiose\u00a0\u00bb et \u00ab\u00a0stressant\u00a0\u00bb<\/a> pour les producteurs et r\u00e9alisateurs du projet qui s\u2019\u00e9taient \u00e0 l\u2019\u00e9poque confi\u00e9s au HuffPost. En stream, il y a plusieurs semaines en compagnie de Michou, Inoxtag avait teas\u00e9 un nouveau gros projet. S\u2019agit-il de celui-l\u00e0\u00a0? Ses 9,2\u00a0millions d\u2019abonn\u00e9s le sauront bient\u00f4t.<\/p>\n","protected":false},"excerpt":{"rendered":"JOEL SAGET \/ AFP Le youtubeur de 9\u00a0millions d\u2019abonn\u00e9s se lance dans un nouveau d\u00e9fi apr\u00e8s le reportage&hellip;\n","protected":false},"author":2,"featured_media":236007,"comment_status":"","ping_status":"","sticky":false,"template":"","format":"standard","meta":{"footnotes":""},"categories":[8],"tags":[58,59,1011,27,37489,10424,2439,2784],"class_list":{"0":"post-236006","1":"post","2":"type-post","3":"status-publish","4":"format-standard","5":"has-post-thumbnail","7":"category-divertissement","8":"tag-divertissement","9":"tag-entertainment","10":"tag-fr","11":"tag-france","12":"tag-inoxtag","13":"tag-ocean-atlantique","14":"tag-tiktok","15":"tag-youtube"},"share_on_mastodon":{"url":"https:\/\/pubeurope.com\/@fr\/114819567793204758","error":""},"_links":{"self":[{"href":"https:\/\/www.europesays.com\/fr\/wp-json\/wp\/v2\/posts\/236006","targetHints":{"allow":["GET"]}}],"collection":[{"href":"https:\/\/www.europesays.com\/fr\/wp-json\/wp\/v2\/posts"}],"about":[{"href":"https:\/\/www.europesays.com\/fr\/wp-json\/wp\/v2\/types\/post"}],"author":[{"embeddable":true,"href":"https:\/\/www.europesays.com\/fr\/wp-json\/wp\/v2\/users\/2"}],"replies":[{"embeddable":true,"href":"https:\/\/www.europesays.com\/fr\/wp-json\/wp\/v2\/comments?post=236006"}],"version-history":[{"count":0,"href":"https:\/\/www.europesays.com\/fr\/wp-json\/wp\/v2\/posts\/236006\/revisions"}],"wp:featuredmedia":[{"embeddable":true,"href":"https:\/\/www.europesays.com\/fr\/wp-json\/wp\/v2\/media\/236007"}],"wp:attachment":[{"href":"https:\/\/www.europesays.com\/fr\/wp-json\/wp\/v2\/media?parent=236006"}],"wp:term":[{"taxonomy":"category","embeddable":true,"href":"https:\/\/www.europesays.com\/fr\/wp-json\/wp\/v2\/categories?post=236006"},{"taxonomy":"post_tag","embeddable":true,"href":"https:\/\/www.europesays.com\/fr\/wp-json\/wp\/v2\/tags?post=236006"}],"curies":[{"name":"wp","href":"https:\/\/api.w.org\/{rel}","templated":true}]}}