{"id":236008,"date":"2025-07-08T20:45:17","date_gmt":"2025-07-08T20:45:17","guid":{"rendered":"https:\/\/www.europesays.com\/fr\/236008\/"},"modified":"2025-07-08T20:45:17","modified_gmt":"2025-07-08T20:45:17","slug":"anti-moustiques-ce-laser-intelligent-tue-les-moustiques-sans-bruit-ni-produit-chimique","status":"publish","type":"post","link":"https:\/\/www.europesays.com\/fr\/236008\/","title":{"rendered":"Anti-moustiques : ce \u201claser intelligent\u201d\u00a0tue les moustiques sans bruit ni produit chimique"},"content":{"rendered":"<p class=\"ed__a-p ed__bdy__l\">L\u2019arriv\u00e9e de l\u2019\u00e9t\u00e9 est accompagn\u00e9e du beau temps, les vacances, mais aussi les canicules, et les moustiques. Et si nos moustiques communs qui piquent la nuit ne suffisaient pas, le moustique tigre a colonis\u00e9 81 des 96 d\u00e9partements m\u00e9tropolitains. En plus de piquer en journ\u00e9e, il est vecteur de maladies comme la dengue, le Zika ou le chikungunya.<\/p>\n<p>            Publicit\u00e9, votre contenu continue ci-dessous<\/p>\n<p>        Publicit\u00e9<\/p>\n<p class=\"ed__a-p ed__bdy__l\">Les r\u00e9pulsifs, les raquettes \u00e9lectriques ou autres solutions ne sont pas toujours tr\u00e8s efficaces pour se prot\u00e9ger de ces insectes. Une entreprise chinoise a trouv\u00e9 une nouvelle solution sous la forme d\u2019un petit gadget nomm\u00e9 Photon Matrix. Tout comme les syst\u00e8mes anti-drones, il utilise un laser pour neutraliser les moustiques. L\u2019appareil peut \u00eatre aliment\u00e9 depuis une batterie externe, il est certifi\u00e9 IP68 (r\u00e9sistant eau et poussi\u00e8re), et peut donc \u00eatre utilis\u00e9 \u00e0 l\u2019ext\u00e9rieur comme \u00e0 l\u2019int\u00e9rieur.<\/p>\n<p>Le Lidar et un laser pour \u00e9liminer les moustiques en une fraction de seconde<\/p>\n<p class=\"ed__a-p ed__bdy__l\">Selon le constructeur, l\u2019appareil int\u00e8gre un Lidar pour d\u00e9tecter les moustiques. Il peut d\u00e9terminer l\u2019angle, la distance et leur taille en seulement trois millisecondes, puis leur tire dessus avec un petit laser. Pour des raisons de s\u00e9curit\u00e9, il int\u00e8gre \u00e9galement un radar pour identifier les objets plus gros qu\u2019un moustique dans le champ d\u2019action, notamment les humains et les animaux, et d\u00e9sactive le tir. Il est capable de neutraliser les moustiques qui mesurent entre 2 et 20 mm et qui volent \u00e0 moins d\u2019un m\u00e8tre par seconde.<\/p>\n<p class=\"ed__a-p ed__bdy__l\">L\u2019appareil a n\u00e9anmoins quelques limites. Le scan est limit\u00e9 \u00e0 une ligne horizontale. Il faut donc que le moustique passe \u00e0 la bonne hauteur pour \u00eatre d\u00e9tect\u00e9. Le constructeur propose aussi une base tournante pour une meilleure couverture. Le Photon Matrix se d\u00e9cline en deux versions. Une version de base avec une port\u00e9e de trois\u202fm\u00e8tres, et une version Pro, plus puissante, qui peut atteindre les moustiques \u00e0 six m\u00e8tres.<\/p>\n<p>L\u2019anti-moustique bient\u00f4t disponible, mais ce ne sera pas pour cet \u00e9t\u00e9<\/p>\n<p class=\"ed__a-p ed__bdy__l\">Toutefois, n\u2019esp\u00e9rez pas le commander pour cet \u00e9t\u00e9. Le Photon Matrix est seulement disponible via une campagne de financement participative <a href=\"https:\/\/www.indiegogo.com\/projects\/worlds-first-portable-mosquito-air-defense#\/\" target=\"_blank\" rel=\"nofollow noopener\">sur Indiegogo<\/a>, et ne pr\u00e9voit pas de livraisons avant le mois d\u2019octobre. Il est actuellement propos\u00e9 \u00e0 un prix r\u00e9duit de 424 euros pour la version de base, et 536 euros pour la version Pro, avec un prix de lancement ult\u00e9rieur de 594 euros ou 765 euros respectivement.<\/p>\n<p class=\"ed__a-p ed__bdy__l\">Comme avec tous les sites de crowdfunding, il existe toujours un risque \u00e0 soutenir un projet avant sa commercialisation. De plus, impossible de savoir \u00e0 l\u2019heure actuelle s\u2019il sera r\u00e9ellement efficace, d\u2019autant plus qu\u2019il est encore en d\u00e9veloppement. Mais pouvoir tuer les moustiques automatiquement avec un laser, qui n\u2019en r\u00eaverait pas ?<\/p>\n<p>            Publicit\u00e9, votre contenu continue ci-dessous<\/p>\n<p>        Publicit\u00e9<\/p>\n","protected":false},"excerpt":{"rendered":"L\u2019arriv\u00e9e de l\u2019\u00e9t\u00e9 est accompagn\u00e9e du beau temps, les vacances, mais aussi les canicules, et les moustiques. Et&hellip;\n","protected":false},"author":2,"featured_media":236009,"comment_status":"","ping_status":"","sticky":false,"template":"","format":"standard","meta":{"footnotes":""},"categories":[7],"tags":[1011,27,43,40,41,39,42,44],"class_list":{"0":"post-236008","1":"post","2":"type-post","3":"status-publish","4":"format-standard","5":"has-post-thumbnail","7":"category-sciences-et-technologies","8":"tag-fr","9":"tag-france","10":"tag-science","11":"tag-science-and-technology","12":"tag-sciences","13":"tag-sciences-et-technologies","14":"tag-technologies","15":"tag-technology"},"share_on_mastodon":{"url":"https:\/\/pubeurope.com\/@fr\/114819571743583056","error":""},"_links":{"self":[{"href":"https:\/\/www.europesays.com\/fr\/wp-json\/wp\/v2\/posts\/236008","targetHints":{"allow":["GET"]}}],"collection":[{"href":"https:\/\/www.europesays.com\/fr\/wp-json\/wp\/v2\/posts"}],"about":[{"href":"https:\/\/www.europesays.com\/fr\/wp-json\/wp\/v2\/types\/post"}],"author":[{"embeddable":true,"href":"https:\/\/www.europesays.com\/fr\/wp-json\/wp\/v2\/users\/2"}],"replies":[{"embeddable":true,"href":"https:\/\/www.europesays.com\/fr\/wp-json\/wp\/v2\/comments?post=236008"}],"version-history":[{"count":0,"href":"https:\/\/www.europesays.com\/fr\/wp-json\/wp\/v2\/posts\/236008\/revisions"}],"wp:featuredmedia":[{"embeddable":true,"href":"https:\/\/www.europesays.com\/fr\/wp-json\/wp\/v2\/media\/236009"}],"wp:attachment":[{"href":"https:\/\/www.europesays.com\/fr\/wp-json\/wp\/v2\/media?parent=236008"}],"wp:term":[{"taxonomy":"category","embeddable":true,"href":"https:\/\/www.europesays.com\/fr\/wp-json\/wp\/v2\/categories?post=236008"},{"taxonomy":"post_tag","embeddable":true,"href":"https:\/\/www.europesays.com\/fr\/wp-json\/wp\/v2\/tags?post=236008"}],"curies":[{"name":"wp","href":"https:\/\/api.w.org\/{rel}","templated":true}]}}