{"id":236027,"date":"2025-07-08T20:57:10","date_gmt":"2025-07-08T20:57:10","guid":{"rendered":"https:\/\/www.europesays.com\/fr\/236027\/"},"modified":"2025-07-08T20:57:10","modified_gmt":"2025-07-08T20:57:10","slug":"alcoolise-le-voisin-menace-de-planter-un-garagiste-qui-le-repousse-avec-des-balais","status":"publish","type":"post","link":"https:\/\/www.europesays.com\/fr\/236027\/","title":{"rendered":"alcoolis\u00e9, le voisin menace de \u00ab\u00a0planter\u00a0\u00bb un garagiste qui le repousse avec des balais"},"content":{"rendered":"<p>            Par<br \/>\n        <strong><br \/>\n            <a href=\"https:\/\/actu.fr\/auteur\/metropoop\" title=\"Consulter tous les articles de R\u00e9daction M\u00e9tropolitain\" rel=\"nofollow noopener\" target=\"_blank\">R\u00e9daction M\u00e9tropolitain<\/a><br \/>\n        <\/strong><\/p>\n<p>        Publi\u00e9 le<\/p>\n<p>            8 juil. 2025 \u00e0 18h29<br \/>\n        ; mis \u00e0 jour le 8 juil. 2025 \u00e0 18h31    <\/p>\n<p>Ce samedi 5 juillet, vers 12h, les policiers ont re\u00e7u un appel pour <strong>une bagarre<\/strong>, avec des individus possiblement arm\u00e9s de couteaux, ayant \u00e9clat\u00e9 rue Jeanne d\u2019Arc, entre Antigone et la gare, \u00e0 <strong>Montpellier<\/strong>. Un \u00e9quipage se rend sur place o\u00f9 se trouve un garage dont <strong>le garagiste<\/strong> est en <strong>conflit<\/strong> avec <strong>un voisin<\/strong>, un homme de 59 ans. Ce dernier, sous <strong>l\u2019effet de l\u2019alcool<\/strong>, l\u2019insulterait r\u00e9guli\u00e8rement en prof\u00e9rant parfois des menaces. Et ce jour-l\u00e0, les \u00e9v\u00e9nements sont all\u00e9s au-del\u00e0.<\/p>\n<p>    <a href=\"https:\/\/www.google.com\/maps\/embed?pb=!1m18!1m12!1m3!1d2591.797568479524!2d3.881808775621985!3d43.60715835540831!2m3!1f0!2f0!3f0!3m2!1i1024!2i768!4f13.1!3m3!1m2!1s0x12b6afa1b907d6cf%3A0x42708f33c5d54eaa!2sRue%20Jeanne%20d%27Arc%2C%2034000%20Montpellier!5e1!3m2!1sfr!2sfr!4v1751989994943!5m2!1sfr!2sfr\" title=\"Ouvrie le lien\" rel=\"nofollow noopener\" target=\"_blank\">Cliquez ici pour visualiser le contenu<\/a><\/p>\n<p class=\" wall-content\">Apr\u00e8s avoir une nouvelle fois insult\u00e9 le garagiste depuis son domicile, le voisin aurait d\u00e9cid\u00e9 de se rendre dans le garage, arm\u00e9 d\u2019un couteau dans chaque main, mena\u00e7ant de le \u00ab\u00a0planter\u00a0\u00bb. Ne se laissant pas faire, pour se d\u00e9fendre, le garagiste saisit deux balais dont il dira aux policiers qu\u2019ils lui ont permis de ne pas \u00eatre bless\u00e9 par son agresseur. Des t\u00e9moins de la sc\u00e8ne finiront par intervenir, poussant l\u2019individu \u00e0 retourner \u00e0 son domicile o\u00f9 se rendront les policiers.<\/p>\n<p class=\" wall-content\">Ces derniers n\u2019ont alors aucun mal \u00e0 proc\u00e9der \u00e0 son interpellation et \u00e0 trouver les couteaux. Un homme par ailleurs contr\u00f4l\u00e9 \u00e0 2,20g par litre de sang \u00e0 12h30. Plac\u00e9 en garde \u00e0 vue, il a en partie reconnu les faits et a \u00e9t\u00e9 d\u00e9f\u00e9r\u00e9 au parquet de Montpellier <strong>ce lundi 7 juillet<\/strong>. En comparution imm\u00e9diate, il a \u00e9t\u00e9 condamn\u00e9 \u00e0 douze mois d\u2019emprisonnement, dont huit mois avec sursis, et a fait l\u2019objet d\u2019un mandat de d\u00e9p\u00f4t \u00e0 l\u2019issue du jugement.<\/p>\n<p class=\" wall-content\">Suivez toute l\u2019actualit\u00e9 de vos villes et m\u00e9dias favoris en vous inscrivant \u00e0 <a href=\"https:\/\/moncompte.actu.fr\" title=\"D\u00e9couvez Mon Actu\" rel=\"nofollow noopener\" data-trk=\"{&quot;cta&quot;:{&quot;action&quot;:&quot;https:\\\/\\\/moncompte.actu.fr&quot;,&quot;category&quot;:&quot;mon compte&quot;,&quot;from&quot;:&quot;article footer&quot;,&quot;name&quot;:&quot;Mon actu&quot;,&quot;type&quot;:&quot;cta&quot;}}\" target=\"_blank\">Mon Actu<\/a>.<\/p>\n","protected":false},"excerpt":{"rendered":"Par R\u00e9daction M\u00e9tropolitain Publi\u00e9 le 8 juil. 2025 \u00e0 18h29 ; mis \u00e0 jour le 8 juil. 2025&hellip;\n","protected":false},"author":2,"featured_media":152732,"comment_status":"","ping_status":"","sticky":false,"template":"","format":"standard","meta":{"footnotes":""},"categories":[9599],"tags":[1111,11,1777,674,118,1011,27,303,2208,12,2680,1072,25,7501],"class_list":{"0":"post-236027","1":"post","2":"type-post","3":"status-publish","4":"format-standard","5":"has-post-thumbnail","7":"category-montpellier","8":"tag-actu","9":"tag-actualites","10":"tag-eu","11":"tag-europe","12":"tag-faits-divers","13":"tag-fr","14":"tag-france","15":"tag-justice","16":"tag-montpellier","17":"tag-news","18":"tag-occitanie","19":"tag-police","20":"tag-republique-francaise","21":"tag-violences-urbaines"},"share_on_mastodon":{"url":"https:\/\/pubeurope.com\/@fr\/114819618926584190","error":""},"_links":{"self":[{"href":"https:\/\/www.europesays.com\/fr\/wp-json\/wp\/v2\/posts\/236027","targetHints":{"allow":["GET"]}}],"collection":[{"href":"https:\/\/www.europesays.com\/fr\/wp-json\/wp\/v2\/posts"}],"about":[{"href":"https:\/\/www.europesays.com\/fr\/wp-json\/wp\/v2\/types\/post"}],"author":[{"embeddable":true,"href":"https:\/\/www.europesays.com\/fr\/wp-json\/wp\/v2\/users\/2"}],"replies":[{"embeddable":true,"href":"https:\/\/www.europesays.com\/fr\/wp-json\/wp\/v2\/comments?post=236027"}],"version-history":[{"count":0,"href":"https:\/\/www.europesays.com\/fr\/wp-json\/wp\/v2\/posts\/236027\/revisions"}],"wp:featuredmedia":[{"embeddable":true,"href":"https:\/\/www.europesays.com\/fr\/wp-json\/wp\/v2\/media\/152732"}],"wp:attachment":[{"href":"https:\/\/www.europesays.com\/fr\/wp-json\/wp\/v2\/media?parent=236027"}],"wp:term":[{"taxonomy":"category","embeddable":true,"href":"https:\/\/www.europesays.com\/fr\/wp-json\/wp\/v2\/categories?post=236027"},{"taxonomy":"post_tag","embeddable":true,"href":"https:\/\/www.europesays.com\/fr\/wp-json\/wp\/v2\/tags?post=236027"}],"curies":[{"name":"wp","href":"https:\/\/api.w.org\/{rel}","templated":true}]}}