{"id":236030,"date":"2025-07-08T20:59:26","date_gmt":"2025-07-08T20:59:26","guid":{"rendered":"https:\/\/www.europesays.com\/fr\/236030\/"},"modified":"2025-07-08T20:59:26","modified_gmt":"2025-07-08T20:59:26","slug":"decouvrez-le-parcours-complet-de-la-quatrieme-etape-entre-amiens-et-rouen","status":"publish","type":"post","link":"https:\/\/www.europesays.com\/fr\/236030\/","title":{"rendered":"d\u00e9couvrez le parcours complet de la quatri\u00e8me \u00e9tape entre Amiens et Rouen"},"content":{"rendered":"<p>            Par<br \/>\n        <strong><br \/>\n            <a href=\"https:\/\/actu.fr\/auteur\/maxime-tsjoen\" title=\"Consulter tous les articles de Maxime T&#039;sjoen\" rel=\"nofollow noopener\" target=\"_blank\">Maxime T&rsquo;sjoen<\/a><br \/>\n        <\/strong><\/p>\n<p>        Publi\u00e9 le<\/p>\n<p>            8 juil. 2025 \u00e0 5h32        <\/p>\n<p>Du c\u00f4t\u00e9 des organisateurs du <a href=\"https:\/\/actu.fr\/tag\/tour-de-france-2025\" rel=\"nofollow noopener\" target=\"_blank\">Tour de France<\/a>, on n\u2019h\u00e9site pas \u00e0 parler de la terrible rampe de Saint-Hilaire. C\u2019est cette mont\u00e9e de 900 m, \u00e0 10 % de moyenne et avec des passages \u00e0 15%, qui pourrait \u00eatre le juge de paix de cette 4e \u00e9tape du Tour de France 2025, ce mardi 8 juillet 2025.<\/p>\n<p>    <img   decoding=\"async\" loading=\"lazy\" src=\"https:\/\/www.europesays.com\/fr\/wp-content\/uploads\/2025\/07\/tdf25-et04-cartepot-v2-1-960x640.png\" alt=\"La carte de la 4e \u00e9tape du Tour de France.\" width=\"960\" height=\"640\"\/><br \/>\n    La carte de la 4e \u00e9tape du Tour de France. (\u00a9G\u00e9oatlas)<\/p>\n<p class=\" wall-content\">Globalement, les 22 derniers km seront rudes pour le peloton. Et les 150 d\u2019avant pourraient bien \u00eatre compliqu\u00e9s si le vent s\u2019en m\u00eale. Au lendemain <a href=\"https:\/\/actu.fr\/sports\/cyclisme\/tour-de-france-2025-tim-merlier-gagne-la-3e-etape-au-sprint-mathieu-van-der-poel-reste-en-jaune_62878793.html\" rel=\"nofollow noopener\" target=\"_blank\">d\u2019une \u00e9tape marqu\u00e9e par les chutes et l\u2019abandon de Jasper Philipsen<\/a>, la tension va r\u00e9gner dans le peloton.<\/p>\n<p>Un final explosif<\/p>\n<p class=\" wall-content\">Apr\u00e8s la travers\u00e9e de la plaine picarde, expos\u00e9e au vent, le peloton devrait s\u2019expliquer dans les quarante derniers kilom\u00e8tres.\u00a0<\/p>\n<blockquote class=\"ac-article-quote wall-content\">\n<p>Apr\u00e8s l\u2019historique c\u00f4te de Bonsecours (900 m \u00e0 7,2 %) o\u00f9 ils croiseront la st\u00e8le Jean Robic, il restera encore la c\u00f4te de Grand\u2019Mare (1,8 km \u00e0 5 %) et surtout celle de la rampe Saint-Hilaire (900 m \u00e0 10,6 %) et son passage \u00e0 15 % de pente, avant de plonger pendant cinq kilom\u00e8tres vers le centre de Rouen.<\/p>\n<p>    <strong>Christian Prudhomme<\/strong><br \/>\n        Directeur du Tour de France    <\/p><\/blockquote>\n<p>    <img   decoding=\"async\" loading=\"lazy\" src=\"https:\/\/www.europesays.com\/fr\/wp-content\/uploads\/2025\/07\/tdf25-profil-et04-1-960x640.png\" alt=\"Le profil de la 4e \u00e9tape du Tour de France.\" width=\"960\" height=\"640\"\/><br \/>\n    Le profil de la 4e \u00e9tape du Tour de France. (\u00a9A.S.O)<\/p>\n<p class=\" wall-content\">Et si \u00e7a ne suffit pas, un sprint dans l\u2019ultime mont\u00e9e pourra r\u00e9gler les d\u00e9bats dans le dernier km.<\/p>\n<p>C\u00f4t\u00e9 histoire<\/p>\n<p>Comment ne pas \u00e9voquer la c\u00f4te de Bonsecours, celle o\u00f9 tr\u00f4ne la st\u00e8le de Jean Robic, le coureur breton. Il faut dire que l&rsquo;exploit est de taille. En 1947, pour le premier Tour apr\u00e8s-guerre, Jean Robic s&rsquo;\u00e9chappe en attaquant dans cette mont\u00e9e lors de la derni\u00e8re \u00e9tape Caen-Paris. S&rsquo;il ne remporte pas l&rsquo;\u00e9tape &#8211; c&rsquo;est Briek Schotte qui l\u00e8ve les bras &#8211; le Breton remporte le Tour de France sans avoir port\u00e9 le maillot jaune. Historique.<\/p>\n<p>\u00c0 quelle heure regarder l\u2019\u00e9tape ?<\/p>\n<p class=\" wall-content\">Parmi les favoris, les puncheurs : et ils sont nombreux. Si l\u2019on devait mettre une pi\u00e8ce, on verrait bien Romain Gr\u00e9goire lever les bras. Mais les grandissimes favoris sont \u00e9videmment le maillot Jaune Mathieu Van der Poel, Tadej Pogacar, voire Mads Pedersen.<\/p>\n<p class=\" wall-content\">Franchement, regardez la t\u00e9l\u00e9 dans les 30 derniers km avec la succession de c\u00f4tes. Les attaques devraient pleuvoir. On vous conseille donc d\u2019allumer vers 16 h 45 avant la c\u00f4te de Bonsecours.<\/p>\n<p>La course est diffus\u00e9e en int\u00e9gralit\u00e9 sur France T\u00e9l\u00e9visions et Eurosport<\/p>\n<p class=\" wall-content\">Suivez toute l\u2019actualit\u00e9 de vos villes et m\u00e9dias favoris en vous inscrivant \u00e0 <a href=\"https:\/\/moncompte.actu.fr\" title=\"D\u00e9couvez Mon Actu\" rel=\"nofollow noopener\" data-trk=\"{&quot;cta&quot;:{&quot;action&quot;:&quot;https:\\\/\\\/moncompte.actu.fr&quot;,&quot;category&quot;:&quot;mon compte&quot;,&quot;from&quot;:&quot;article footer&quot;,&quot;name&quot;:&quot;Mon actu&quot;,&quot;type&quot;:&quot;cta&quot;}}\" target=\"_blank\">Mon Actu<\/a>.<\/p>\n<ul class=\"ac-article-tag wall-content\">\n<li><a href=\"https:\/\/actu.fr\/tag\/tour-de-france\" data-trk=\"{&quot;cta&quot;:{&quot;action&quot;:&quot;Tour de France&quot;,&quot;category&quot;:&quot;tag&quot;,&quot;from&quot;:&quot;article footer&quot;,&quot;name&quot;:&quot;Tour de France&quot;,&quot;type&quot;:&quot;cta&quot;}}\" rel=\"nofollow noopener\" target=\"_blank\">#Tour de France<\/a><\/li>\n<li><a href=\"https:\/\/actu.fr\/tag\/tour-de-france-2025\" data-trk=\"{&quot;cta&quot;:{&quot;action&quot;:&quot;Tour de France 2025&quot;,&quot;category&quot;:&quot;tag&quot;,&quot;from&quot;:&quot;article footer&quot;,&quot;name&quot;:&quot;Tour de France 2025&quot;,&quot;type&quot;:&quot;cta&quot;}}\" rel=\"nofollow noopener\" target=\"_blank\">#Tour de France 2025<\/a><\/li>\n<\/ul>\n","protected":false},"excerpt":{"rendered":"Par Maxime T&rsquo;sjoen Publi\u00e9 le 8 juil. 2025 \u00e0 5h32 Du c\u00f4t\u00e9 des organisateurs du Tour de France,&hellip;\n","protected":false},"author":2,"featured_media":236031,"comment_status":"","ping_status":"","sticky":false,"template":"","format":"standard","meta":{"footnotes":""},"categories":[9587],"tags":[1111,11,1777,674,3696,1011,27,12,5161,25,9590,210,2116],"class_list":{"0":"post-236030","1":"post","2":"type-post","3":"status-publish","4":"format-standard","5":"has-post-thumbnail","7":"category-rouen","8":"tag-actu","9":"tag-actualites","10":"tag-eu","11":"tag-europe","12":"tag-evenements","13":"tag-fr","14":"tag-france","15":"tag-news","16":"tag-normandie","17":"tag-republique-francaise","18":"tag-rouen","19":"tag-tour-de-france","20":"tag-tour-de-france-2025"},"share_on_mastodon":{"url":"https:\/\/pubeurope.com\/@fr\/114819626788479467","error":""},"_links":{"self":[{"href":"https:\/\/www.europesays.com\/fr\/wp-json\/wp\/v2\/posts\/236030","targetHints":{"allow":["GET"]}}],"collection":[{"href":"https:\/\/www.europesays.com\/fr\/wp-json\/wp\/v2\/posts"}],"about":[{"href":"https:\/\/www.europesays.com\/fr\/wp-json\/wp\/v2\/types\/post"}],"author":[{"embeddable":true,"href":"https:\/\/www.europesays.com\/fr\/wp-json\/wp\/v2\/users\/2"}],"replies":[{"embeddable":true,"href":"https:\/\/www.europesays.com\/fr\/wp-json\/wp\/v2\/comments?post=236030"}],"version-history":[{"count":0,"href":"https:\/\/www.europesays.com\/fr\/wp-json\/wp\/v2\/posts\/236030\/revisions"}],"wp:featuredmedia":[{"embeddable":true,"href":"https:\/\/www.europesays.com\/fr\/wp-json\/wp\/v2\/media\/236031"}],"wp:attachment":[{"href":"https:\/\/www.europesays.com\/fr\/wp-json\/wp\/v2\/media?parent=236030"}],"wp:term":[{"taxonomy":"category","embeddable":true,"href":"https:\/\/www.europesays.com\/fr\/wp-json\/wp\/v2\/categories?post=236030"},{"taxonomy":"post_tag","embeddable":true,"href":"https:\/\/www.europesays.com\/fr\/wp-json\/wp\/v2\/tags?post=236030"}],"curies":[{"name":"wp","href":"https:\/\/api.w.org\/{rel}","templated":true}]}}