{"id":236042,"date":"2025-07-08T21:05:28","date_gmt":"2025-07-08T21:05:28","guid":{"rendered":"https:\/\/www.europesays.com\/fr\/236042\/"},"modified":"2025-07-08T21:05:28","modified_gmt":"2025-07-08T21:05:28","slug":"marine-le-pen-saisit-la-cedh-pour-contester-son-ineligibilite","status":"publish","type":"post","link":"https:\/\/www.europesays.com\/fr\/236042\/","title":{"rendered":"Marine Le Pen saisit la CEDH pour contester son in\u00e9ligibilit\u00e9"},"content":{"rendered":"<p class=\"wysiwyg-h2\">La cheffe de l&rsquo;extr\u00eame droite fran\u00e7aise Marine Le Pen a annonc\u00e9 mardi avoir saisi la Cour europ\u00e9enne des droits de l&rsquo;Homme (CEDH). Elle conteste la peine d&rsquo;in\u00e9ligibilit\u00e9 avec effet imm\u00e9diat \u00e0 laquelle elle a \u00e9t\u00e9 condamn\u00e9e en France.<\/p>\n<p>Elle a notamment transmis &lsquo;une requ\u00eate demandant \u00e0 la Cour de constater la violation des droits garantis par la Convention europ\u00e9enne de sauvegarde des droits de l&rsquo;Homme&rsquo;, a-t-elle indiqu\u00e9 dans un communiqu\u00e9.<\/p>\n<p>Marine Le Pen a \u00e9t\u00e9 reconnue coupable le 31 mars par le tribunal correctionnel de Paris d&rsquo;avoir mis en place un &lsquo;syst\u00e8me&rsquo; de d\u00e9tournement de fonds public pour payer des salari\u00e9s de son parti, le Front national (depuis rebaptis\u00e9 Rassemblement national) avec l&rsquo;argent du Parlement europ\u00e9en entre 2004 et 2016, pour un montant de 4,4 millions d&rsquo;euros.<\/p>\n<p>Outre la peine d&rsquo;in\u00e9ligibilit\u00e9, le tribunal correctionnel de Paris l&rsquo;a condamn\u00e9e \u00e0 quatre ans d&#8217;emprisonnement dont deux ferme. Vingt-quatre autres pr\u00e9venus, dont le parti en tant que personne morale, avaient \u00e9galement \u00e9t\u00e9 condamn\u00e9s. La moiti\u00e9 a interjet\u00e9 appel, dont Marine Le Pen.<\/p>\n<p><strong>&lsquo;Pr\u00e9somption d&rsquo;innocence&rsquo;<\/strong><\/p>\n<p>Si la CEDH ne peut th\u00e9oriquement \u00eatre saisie par les justiciables qu&rsquo;apr\u00e8s \u00e9puisement des voies de recours internes, la triple candidate malheureuse \u00e0 la pr\u00e9sidentielle en France fait valoir &lsquo;l&rsquo;absence de recours effectif devant nos juridictions nationales permettant de contester l&rsquo;ex\u00e9cution provisoire&rsquo; avant le proc\u00e8s en appel pour justifier sa requ\u00eate.<\/p>\n<p>Mme Le Pen estime que cette situation judiciaire &lsquo;viole plusieurs droits garantis&rsquo;, notamment celui &lsquo;\u00e0 la pr\u00e9somption d&rsquo;innocence&rsquo; ou &lsquo;\u00e0 un double degr\u00e9 de juridiction&rsquo;. Surtout, la requ\u00eate de Mme Le Pen a \u00e9t\u00e9 transmise au lendemain de la possibilit\u00e9 recouvr\u00e9e par le pr\u00e9sident de la R\u00e9publique fran\u00e7aise de dissoudre l&rsquo;Assembl\u00e9e nationale &#8211; un an apr\u00e8s une premi\u00e8re dissolution.<\/p>\n<p>Marine Le Pen estime ainsi qu&rsquo;elle est entrav\u00e9e dans son &lsquo;droit \u00e0 se porter candidat aux \u00e9lections&rsquo;, consacr\u00e9 par la Convention europ\u00e9enne, puisqu&rsquo;elle serait &lsquo;dans l&rsquo;incapacit\u00e9 de se pr\u00e9senter \u00e0 une \u00e9lection anticip\u00e9e, qu&rsquo;elle soit l\u00e9gislative ou pr\u00e9sidentielle&rsquo;, \u00e0 l&rsquo;approche de la pr\u00e9sidentielle de 2027.<\/p>\n<p> \/ATS<\/p>\n","protected":false},"excerpt":{"rendered":"La cheffe de l&rsquo;extr\u00eame droite fran\u00e7aise Marine Le Pen a annonc\u00e9 mardi avoir saisi la Cour europ\u00e9enne des&hellip;\n","protected":false},"author":2,"featured_media":236043,"comment_status":"","ping_status":"","sticky":false,"template":"","format":"standard","meta":{"footnotes":""},"categories":[2820],"tags":[1111,11,1829,1832,1836,1827,1777,674,1011,27,1830,1831,775,1826,1844,1840,1839,1841,1838,12,1843,1828,1834,1825,1833,25,1822,1823,1824,640,1837,1835,1842],"class_list":{"0":"post-236042","1":"post","2":"type-post","3":"status-publish","4":"format-standard","5":"has-post-thumbnail","7":"category-strasbourg","8":"tag-actu","9":"tag-actualites","10":"tag-ajoie","11":"tag-animation","12":"tag-bienne","13":"tag-delemont","14":"tag-eu","15":"tag-europe","16":"tag-fr","17":"tag-france","18":"tag-franches-montagnes","19":"tag-frequence","20":"tag-grand-est","21":"tag-jura","22":"tag-jura-bernois","23":"tag-la-chaux-de-fonds","24":"tag-moutier","25":"tag-neuchatel","26":"tag-neuveville","27":"tag-news","28":"tag-payerne","29":"tag-porrentruy","30":"tag-publicite","31":"tag-radio","32":"tag-redaction","33":"tag-republique-francaise","34":"tag-rfj","35":"tag-rjb","36":"tag-rtn","37":"tag-strasbourg","38":"tag-tavannes","39":"tag-vallon-de-st-imier","40":"tag-yverdon"},"share_on_mastodon":{"url":"https:\/\/pubeurope.com\/@fr\/114819650255415825","error":""},"_links":{"self":[{"href":"https:\/\/www.europesays.com\/fr\/wp-json\/wp\/v2\/posts\/236042","targetHints":{"allow":["GET"]}}],"collection":[{"href":"https:\/\/www.europesays.com\/fr\/wp-json\/wp\/v2\/posts"}],"about":[{"href":"https:\/\/www.europesays.com\/fr\/wp-json\/wp\/v2\/types\/post"}],"author":[{"embeddable":true,"href":"https:\/\/www.europesays.com\/fr\/wp-json\/wp\/v2\/users\/2"}],"replies":[{"embeddable":true,"href":"https:\/\/www.europesays.com\/fr\/wp-json\/wp\/v2\/comments?post=236042"}],"version-history":[{"count":0,"href":"https:\/\/www.europesays.com\/fr\/wp-json\/wp\/v2\/posts\/236042\/revisions"}],"wp:featuredmedia":[{"embeddable":true,"href":"https:\/\/www.europesays.com\/fr\/wp-json\/wp\/v2\/media\/236043"}],"wp:attachment":[{"href":"https:\/\/www.europesays.com\/fr\/wp-json\/wp\/v2\/media?parent=236042"}],"wp:term":[{"taxonomy":"category","embeddable":true,"href":"https:\/\/www.europesays.com\/fr\/wp-json\/wp\/v2\/categories?post=236042"},{"taxonomy":"post_tag","embeddable":true,"href":"https:\/\/www.europesays.com\/fr\/wp-json\/wp\/v2\/tags?post=236042"}],"curies":[{"name":"wp","href":"https:\/\/api.w.org\/{rel}","templated":true}]}}