{"id":236050,"date":"2025-07-08T21:09:10","date_gmt":"2025-07-08T21:09:10","guid":{"rendered":"https:\/\/www.europesays.com\/fr\/236050\/"},"modified":"2025-07-08T21:09:10","modified_gmt":"2025-07-08T21:09:10","slug":"le-couple-se-bagarre-en-pleine-rue-pres-de-nantes-les-deux-sont-condamnes","status":"publish","type":"post","link":"https:\/\/www.europesays.com\/fr\/236050\/","title":{"rendered":"Le couple se bagarre en pleine rue pr\u00e8s de Nantes : les deux sont condamn\u00e9s"},"content":{"rendered":"<p>            Par<br \/>\n        <strong><br \/>\n            <a href=\"https:\/\/actu.fr\/auteur\/laurent-fortin\" title=\"Consulter tous les articles de Laurent Fortin\" target=\"_blank\" rel=\"noopener\">Laurent Fortin<\/a><br \/>\n        <\/strong><\/p>\n<p>        Publi\u00e9 le<\/p>\n<p>            8 juil. 2025 \u00e0 22h12        <\/p>\n<p><b>Les gendarmes avaient \u00e9t\u00e9 appel\u00e9s le 16\u00a0mai 2025 <\/b>pour une \u00ab<b>\u2009altercation sur la voie publique\u2009\u00bb<\/b> au niveau de la <a href=\"https:\/\/www.google.com\/maps\/place\/Rue+de+l&#039;H%C3%B4pital,+44120+Vertou\/@47.1690019,-1.471138,2566m\/data=!3m1!1e3!4m6!3m5!1s0x4805e62bb10c7cbf:0x1a2075992eaf8cc4!8m2!3d47.1690134!4d-1.4711391!16s%2Fg%2F1tl1mv1c?entry=ttu&amp;g_ep=EgoyMDI1MDcwNi4wIKXMDSoASAFQAw%3D%3D\" target=\"_blank\" rel=\"noopener\">rue de l\u2019H\u00f4pital,<\/a> pr\u00e8s de la place du March\u00e9, \u00e0 <a href=\"https:\/\/actu.fr\/pays-de-la-loire\/vertou_44215\" target=\"_blank\" rel=\"noopener\"><b>Vertou<\/b><\/a>. Une femme de 34\u00a0ans, de nationalit\u00e9 Nig\u00e9riane, avait alors<b> \u00ab\u2009une rougeur \u00e0 la pommette gauche\u2009\u00bb et \u00ab\u2009l\u2019\u0153il droit gorg\u00e9 de sang\u2009\u00bb, <\/b>a relat\u00e9 la pr\u00e9sidente du<b> tribunal correctionnel de Nantes.<\/b><\/p>\n<p class=\" wall-content\">Un \u00ab\u2009jeune homme noir\u2009\u00bb avec \u00ab\u2009un T-shirt rouge\u2009\u00bb avait par ailleurs \u00ab\u2009pris la fuite\u2009\u00bb, avaient rapport\u00e9 des t\u00e9moins. L\u2019homme de 31\u00a0ans \u00e9galement nig\u00e9rian avait finalement \u00e9t\u00e9 r<b>etrouv\u00e9 \u00ab\u2009alcoolis\u00e9\u2009\u00bb <\/b>dans le centre-ville de Vertou, avec des<b> traces de \u00ab\u2009griffures\u2009\u00bb et de \u00ab\u2009morsures\u2009\u00bb.<\/b> Il avait alors 1,04 gramme d\u2019alcool par litre de sang et sa compagne 0,18 gramme.<\/p>\n<p class=\" wall-content\">Une adolescente de 14\u00a0ans qui avait assist\u00e9 \u00e0 leur \u00ab\u2009altercation\u2009\u00bb avait racont\u00e9 aux gendarmes que le gar\u00e7on avait<b> donn\u00e9 \u00ab\u2009un coup de poing\u2009\u00bb <\/b>\u00e0 celle qui l\u2019accompagnait. Cette derni\u00e8re lui avait alors \u00ab<b>\u2009mis la main dans le slip\u2009\u00bb et lui avait \u00ab\u2009pris les testicules\u2009\u00bb.<\/b><\/p>\n<p>Il venait d\u2019apprendre le d\u00e9c\u00e8s de son p\u00e8re<\/p>\n<p class=\" wall-content\">Le pr\u00e9venu avait en effet pris <b>le t\u00e9l\u00e9phone portable de son amie \u00ab\u2009par jalousie\u2009\u00bb\u2009<\/b>: il \u00ab\u2009croyait\u2009\u00bb qu\u2019elle \u00ab\u2009parlait \u00e0 son ex\u2009\u00bb alors qu\u2019elle \u00e9tait en r\u00e9alit\u00e9 en train de <b>faire \u00ab\u2009une vid\u00e9o sur Tiktok avec une amie\u2009\u00bb,<\/b> a-t-elle expliqu\u00e9 \u00e0 la barre du tribunal correctionnel de Nantes par l\u2019interm\u00e9diaire d\u2019une interpr\u00e8te.<\/p>\n<p class=\" wall-content\">Alors qu\u2019il \u00e9tait \u00ab\u2009parti\u2009\u00bb dans la rue avec l\u2019appareil, <b>elle l\u2019avait rattrap\u00e9 \u00ab\u2009au terminus du bus\u2009\u00bb,<\/b> \u00ab\u2009griff\u00e9\u2009\u00bb puis lui avait<b> \u00ab\u2009serr\u00e9 ses parties g\u00e9nitales\u2009\u00bb <\/b>pour qu\u2019il rel\u00e2che l\u2019appareil, de son propre aveu. <b>Elle l\u2019avait aussi \u00ab\u2009mordu \u00e0 l\u2019\u00e9paule\u2009\u00bb. Lui l\u2019avait \u00ab\u2009frapp\u00e9e \u00e0 deux reprises\u2009\u00bb. <\/b>Ses voisins l\u2019avaient aussi vue faire \u00ab\u2009une cl\u00e9 de bras\u2009\u00bb et le \u00ab\u2009prendre par la gorge\u2009\u00bb.<\/p>\n<p class=\" wall-content\">La jeune femme \u00e9tait d\u00e9j\u00e0 connue des gendarmes\u2009: de \u00ab\u2009nombreux hommes\u2009\u00bb se rendaient \u00e0 son domicile, selon ses voisins, et l\u2019un d\u2019eux avec qui elle <b>entretenait \u00ab\u2009des relations sexuelles depuis six ans\u2009\u00bb<\/b> avait \u00ab\u2009tent\u00e9 de l\u2019\u00e9trangler avec une bretelle de d\u00e9bardeur\u2009\u00bb a-t-il \u00e9t\u00e9 rapport\u00e9 \u00e0 l\u2019audience. Mais cette premi\u00e8re proc\u00e9dure avait alors \u00e9t\u00e9 \u00ab\u2009class\u00e9e sans suites\u2009\u00bb.<\/p>\n<p class=\" wall-content\">Son compagnon du jour entretenait quant \u00e0 lui <b>une relation \u00ab\u2009depuis deux ans\u2009\u00bb avec sa compatriote <\/b>mais \u00ab\u2009sans cohabitation\u2009\u00bb\u2009: ce \u00ab\u2009peintre non d\u00e9clar\u00e9\u2009\u00bb<b> arriv\u00e9 en France en 2018<\/b> est \u00ab\u2009h\u00e9berg\u00e9 par un ami\u2009\u00bb dans le quartier Bellevue, \u00e0 Nantes. Le jeune Nig\u00e9rian a expliqu\u00e9 qu\u2019il avait bu ce jour-l\u00e0 \u00ab\u2009parce qu\u2019il<b> venait d\u2019apprendre le d\u00e9c\u00e8s de son p\u00e8re\u2009\u00bb.<\/b><\/p>\n<p>La l\u00e9gitime d\u00e9fense pas reconnue<\/p>\n<p class=\" wall-content\">Sa compagne, \u00ab\u2009agent d\u2019entretien\u2009\u00bb actuellement \u00ab\u2009en p\u00e9riode d\u2019essai\u2009\u00bb, arriv\u00e9e en France en 2016 et qui<b>\u00a0dispose d\u2019un titre de s\u00e9jour jusqu\u2019en 2031<\/b>, r\u00eave, elle, d\u2019ouvrir \u00ab\u2009un salon de coiffure\u2009\u00bb et de <b>faire venir ses\u00a0deux enfants de 12 et 15\u00a0ans,<\/b> rest\u00e9s au pays avec leur grand-m\u00e8re maternelle. Son<b> casier judiciaire \u00e9tait\u00a0vierge,<\/b> alors que celui de son ex-compagnon portait trace de deux mentions, dont <b>une pour des \u00ab\u2009violences conjugales\u2009\u00bb survenues en 2019 \u00e0 Marseille<\/b> (Bouches-du-Rh\u00f4ne) Il avait donc \u00e9t\u00e9 incarc\u00e9r\u00e9 en attendant leur proc\u00e8s.<\/p>\n<blockquote class=\"ac-article-quote wall-content\">\n<p>Ce sont des violences intrafamiliales comme il en existe beaucoup, m\u00eame si c\u2019est dur de les voir d\u2019habitude\u2009: elles se passent le plus souvent \u00e0 l\u2019int\u00e9rieur des foyers. L\u00e0, on est sur la voie publique, avec des t\u00e9moins.<\/p>\n<p>Le procureur de la R\u00e9publique.<\/p><\/blockquote>\n<p class=\" wall-content\">Il avait en tout \u00e9tat de cause d\u00e9ni\u00e9 toute \u00ab\u2009l\u00e9gitime d\u00e9fense\u2009\u00bb \u00e0 la jeune femme quand elle a saisi \u00ab\u2009les testicules\u2009\u00bb de son compagnon\u2009: <b>il n\u2019y avait pas eu de \u00ab\u2009violences ant\u00e9rieures\u2009\u00bb, <\/b>a fait observer le repr\u00e9sentant du minist\u00e8re public. Son geste pour r\u00e9cup\u00e9rer son t\u00e9l\u00e9phone portable \u00e9tait donc \u00ab\u2009peut-\u00eatre l\u00e9gitime\u2009\u00bb mais \u00ab\u2009disproportionn\u00e9\u2009\u00bb.<b> L\u2019avocate de la plaignante avait expliqu\u00e9 que sa cliente avait \u00ab\u2009besoin\u2009\u00bb de cet appareil \u00ab\u2009pour travailler\u2009\u00bb<\/b> et avait donc appel\u00e9 les juges \u00e0 \u00ab\u2009tenir compte de ces circonstances tr\u00e8s particuli\u00e8res avant d\u2019entrer en voie de condamnation\u2009\u00bb. Sa cliente avait, quant \u00e0 elle, demand\u00e9 au tribunal d\u2019\u00eatre \u00ab\u2009juste\u2009\u00bb, tandis que<b> son compagnon voulait juste \u00eatre remis en libert\u00e9 <\/b>\u00ab\u2009pour assister aux fun\u00e9railles de son p\u00e8re\u2009\u00bb.<\/p>\n<p class=\" wall-content\">Le tribunal correctionnel de Nantes l\u2019a malgr\u00e9 tout maintenu en d\u00e9tention\u2009: <b>monsieur devra purger quatre mois de prison ferme<\/b> et sera sous le coup de quatre autres avec sursis \u00e0 sa sortie. Madame a, elle, \u00e9cop\u00e9 de <b>deux mois de prison avec sursis.<\/b> Tous deux auront <b>interdiction de se recontacter pendant les deux prochaines ann\u00e9es.<\/b><\/p>\n<p class=\" wall-content\">Suivez toute l\u2019actualit\u00e9 de vos villes et m\u00e9dias favoris en vous inscrivant \u00e0 <a href=\"https:\/\/moncompte.actu.fr\" title=\"D\u00e9couvez Mon Actu\" rel=\"nofollow noopener\" data-trk=\"{&quot;cta&quot;:{&quot;action&quot;:&quot;https:\\\/\\\/moncompte.actu.fr&quot;,&quot;category&quot;:&quot;mon compte&quot;,&quot;from&quot;:&quot;article footer&quot;,&quot;name&quot;:&quot;Mon actu&quot;,&quot;type&quot;:&quot;cta&quot;}}\" target=\"_blank\">Mon Actu<\/a>.<\/p>\n","protected":false},"excerpt":{"rendered":"Par Laurent Fortin Publi\u00e9 le 8 juil. 2025 \u00e0 22h12 Les gendarmes avaient \u00e9t\u00e9 appel\u00e9s le 16\u00a0mai 2025&hellip;\n","protected":false},"author":2,"featured_media":236051,"comment_status":"","ping_status":"","sticky":false,"template":"","format":"standard","meta":{"footnotes":""},"categories":[2818],"tags":[1111,11,1777,674,118,1011,27,303,766,12,2636,25,2900,798],"class_list":{"0":"post-236050","1":"post","2":"type-post","3":"status-publish","4":"format-standard","5":"has-post-thumbnail","7":"category-nantes","8":"tag-actu","9":"tag-actualites","10":"tag-eu","11":"tag-europe","12":"tag-faits-divers","13":"tag-fr","14":"tag-france","15":"tag-justice","16":"tag-nantes","17":"tag-news","18":"tag-pays-de-la-loire","19":"tag-republique-francaise","20":"tag-vignoble-nantais","21":"tag-violences-conjugales"},"share_on_mastodon":{"url":"https:\/\/pubeurope.com\/@fr\/114819666317457481","error":""},"_links":{"self":[{"href":"https:\/\/www.europesays.com\/fr\/wp-json\/wp\/v2\/posts\/236050","targetHints":{"allow":["GET"]}}],"collection":[{"href":"https:\/\/www.europesays.com\/fr\/wp-json\/wp\/v2\/posts"}],"about":[{"href":"https:\/\/www.europesays.com\/fr\/wp-json\/wp\/v2\/types\/post"}],"author":[{"embeddable":true,"href":"https:\/\/www.europesays.com\/fr\/wp-json\/wp\/v2\/users\/2"}],"replies":[{"embeddable":true,"href":"https:\/\/www.europesays.com\/fr\/wp-json\/wp\/v2\/comments?post=236050"}],"version-history":[{"count":0,"href":"https:\/\/www.europesays.com\/fr\/wp-json\/wp\/v2\/posts\/236050\/revisions"}],"wp:featuredmedia":[{"embeddable":true,"href":"https:\/\/www.europesays.com\/fr\/wp-json\/wp\/v2\/media\/236051"}],"wp:attachment":[{"href":"https:\/\/www.europesays.com\/fr\/wp-json\/wp\/v2\/media?parent=236050"}],"wp:term":[{"taxonomy":"category","embeddable":true,"href":"https:\/\/www.europesays.com\/fr\/wp-json\/wp\/v2\/categories?post=236050"},{"taxonomy":"post_tag","embeddable":true,"href":"https:\/\/www.europesays.com\/fr\/wp-json\/wp\/v2\/tags?post=236050"}],"curies":[{"name":"wp","href":"https:\/\/api.w.org\/{rel}","templated":true}]}}