{"id":236060,"date":"2025-07-08T21:14:10","date_gmt":"2025-07-08T21:14:10","guid":{"rendered":"https:\/\/www.europesays.com\/fr\/236060\/"},"modified":"2025-07-08T21:14:10","modified_gmt":"2025-07-08T21:14:10","slug":"toulouse-cine-en-plein-air-concerts-ce-qui-vous-attend-aux-halles-de-la-cartoucherie-cet-ete","status":"publish","type":"post","link":"https:\/\/www.europesays.com\/fr\/236060\/","title":{"rendered":"Toulouse. Cin\u00e9 en plein air, concerts\u2026 Ce qui vous attend aux Halles de la Cartoucherie, cet \u00e9t\u00e9"},"content":{"rendered":"<p>            Par<br \/>\n        <strong><br \/>\n            <a href=\"https:\/\/actu.fr\/auteur\/gabriel-kenedi\" title=\"Consulter tous les articles de Gabriel Kenedi\" target=\"_blank\" rel=\"noopener\">Gabriel Kenedi<\/a><br \/>\n        <\/strong><\/p>\n<p>        Publi\u00e9 le<\/p>\n<p>            8 juil. 2025 \u00e0 19h46        <\/p>\n<p>C\u2019est <strong>l\u2019un des plus grands tiers-lieux<\/strong> de France et d\u2019Europe et surtout un lieu d\u00e9sormais incontournable <a href=\"https:\/\/actu.fr\/toulouse\/\" target=\"_blank\" rel=\"noopener\">\u00e0 Toulouse<\/a>. Dot\u00e9es d\u2019infrastructures pour faire du sport, d\u2019une salle de concerts, ou encore d\u2019une immense place du march\u00e9, les <strong>Halles de la Cartoucherie<\/strong> ont trouv\u00e9 leur public dans la Ville rose. Et pour cet \u00e9t\u00e9, le programme s\u2019annonce plut\u00f4t sympa !\u00a0<\/p>\n<p>Du cin\u00e9ma en plein air et gratuit<\/p>\n<p class=\" wall-content\">Cet \u00e9t\u00e9, donc, des \u00e9v\u00e9nements \u00ab\u00a0principalement gratuits\u00a0\u00bb se d\u00e9rouleront en ext\u00e9rieur (sur la place de la charte des libert\u00e9s communales et dans certaines r\u00e9sidences) et dans les Halles de la Cartoucherie.<\/p>\n<p class=\" wall-content\">\u00ab\u00a0Et en vue de<a href=\"https:\/\/actu.fr\/occitanie\/toulouse_31555\/toulouse-dans-quelques-mois-ce-batiment-squelettique-va-devenir-un-cinema-au-coeur-d-un-quartier-qui-bouge_61660543.html\" target=\"_blank\" rel=\"noopener\"> l\u2019ouverture imminente du <strong>cin\u00e9ma V\u00e9o<\/strong><\/a> dans le quartier, des <strong>projections en plein air<\/strong> sont pr\u00e9vues en partenariat avec le comit\u00e9 de quartier, les samedis 5 juillet, 16 ao\u00fbt et 13 septembre, sur la place de la Charte des libert\u00e9s communale\u00a0\u00bb, annonce l\u2019\u00e9quipe des Halles de la Cartoucherie.<\/p>\n<p>March\u00e9 de producteurs\u00a0<\/p>\n<p class=\" wall-content\">Et dans les Halles, alors ?\u00a0Ambiance occitane garantie du 12 au 15 juillet, puisqu\u2019un grand <strong>march\u00e9 de producteurs et d\u2019artisans r\u00e9gionaux se<\/strong> tiendra les 14 et 15 juillet, avec de nombreux produits du terroir \u00e0 d\u00e9guster et des menus occitans \u00e0 savourer.<\/p>\n<p class=\" wall-content\">Les soir\u00e9es feront la part belle \u00e0 la musique et \u00e0 la danse sous des formes vari\u00e9es : fanfares (14 juillet), DJ sets (12 et 13 juillet), Bachata (les mercredis et vendredis), Break\u2019in league avec la Break\u2019in School (19 juillet). Pour les plus petits, des lectures cont\u00e9es seront propos\u00e9es, en acc\u00e8s libre, tous les jeudis du mois d\u2019ao\u00fbt, \u00e0 20h.<\/p>\n<p>Des concerts tout l\u2019\u00e9t\u00e9 (et gratuit)<\/p>\n<p class=\" wall-content\">Depuis le mois de juin et durant tout l\u2019\u00e9t\u00e9, le <strong>festival Zicozilo<\/strong>, le comit\u00e9 de quartier et les Halles de la Cartoucherie s\u2019associent pour rythmer l\u2019\u00e9t\u00e9 de <strong>concerts en acc\u00e8s libre<\/strong>, dans plusieurs lieux du quartier (Place de la Charte des Libert\u00e9s Communales, dans les Halles de la Cartoucherie et certaines r\u00e9sidences du quartier) :<\/p>\n<ul class=\" wall-content\">\n<li>samedi 12 juillet : J\u00e9r\u00e9my Rollando Quartet (jazz classique Flamenco)<\/li>\n<li>dimanche 10 ao\u00fbt : Scatterbrain + Diebyforty (rock franco-japonais)<\/li>\n<li>samedi 30 ao\u00fbt : Cernia (rock fusion)<\/li>\n<li>vendredi 12 septembre : Blanc Tanuki aka Fanel (electro house)<\/li>\n<li>samedi 13 septembre : Manga Rosa (funk br\u00e9silien)<\/li>\n<li>samedi 20 septembre : APM + TAK (rock psych\u00e9d\u00e9lique \u2013 post punk)<\/li>\n<\/ul>\n<p>Des visites guid\u00e9es\u00a0<\/p>\n<p class=\" wall-content\">Pour d\u00e9couvrir la riche histoire de la Cartoucherie, rien de mieux que de participer aux <strong>visites guid\u00e9es<\/strong> programm\u00e9es une fois par semaine tout l\u2019\u00e9t\u00e9 :<\/p>\n<ul class=\" wall-content\">\n<li>\u00a0 les jeudis \u00e0 18h :\u00a0 31 juillet, 14 ao\u00fbt, 28 ao\u00fbt<\/li>\n<li>les dimanches \u00e0 11h : 13 juillet, 27 juillet, 10 ao\u00fbt, 24 ao\u00fbt.<\/li>\n<\/ul>\n<p class=\" wall-content\">Natalia, guide conf\u00e9renci\u00e8re, partage pendant 1h30 les 200 ans d\u2019histoire militaire et industrielle du quartier, depuis Napol\u00e9on \u00e0 l\u2019ouverture du tiers-lieu des\u00a0Halles\u00a0de la\u00a0Cartoucherie.<\/p>\n<p class=\" wall-content\">Le mardi 15 juillet \u00e0 18h,\u00a0\u00e0 l\u2019occasion de la\u00a0sortie de l\u2019ouvrage\u00a0Les\u00a0Halles\u00a0de la\u00a0Cartoucherie, une \u0153uvre collective, un temps de rencontre est propos\u00e9 en acc\u00e8s libre avec l\u2019association des anciens de la\u00a0Cartoucherie, les architectes et associ\u00e9s fondateurs des\u00a0Halles\u00a0de la\u00a0Cartoucherie, pour un regard crois\u00e9 sur la naissance de ce projet.<\/p>\n<p>Boum d\u2019anniversaire\u00a0<\/p>\n<p class=\" wall-content\">En septembre, une grande f\u00eate se profile : la <strong>boum d\u2019anniversaire des Halles de la Cartoucherie<\/strong>. \u00ab\u00a0Pour f\u00eater les deux d\u2019ouverture et souffler ensemble les bougies, rendez-vous les 6 et 7 septembre ! Les \u00e9quipes des Halles pr\u00e9parent une programmation festive, sportive, gourmande et ouverte \u00e0 toutes et tous, avec des concerts, des jeux, un karaok\u00e9 g\u00e9ant, de la danse et quelques surprises !\u00a0\u00bb, assurent les Halles de la Cartoucherie.\u00a0<\/p>\n<p>Infos pratiques<br \/>\nPlus d\u2019infos sur le site des <a href=\"https:\/\/halles-cartoucherie.fr\/\" target=\"_blank\" rel=\"noopener\">Halles de la Cartoucherie<\/a>.\u00a0<\/p>\n<p class=\" wall-content\">Suivez toute l\u2019actualit\u00e9 de vos villes et m\u00e9dias favoris en vous inscrivant \u00e0 <a href=\"https:\/\/moncompte.actu.fr\" title=\"D\u00e9couvez Mon Actu\" rel=\"nofollow noopener\" data-trk=\"{&quot;cta&quot;:{&quot;action&quot;:&quot;https:\\\/\\\/moncompte.actu.fr&quot;,&quot;category&quot;:&quot;mon compte&quot;,&quot;from&quot;:&quot;article footer&quot;,&quot;name&quot;:&quot;Mon actu&quot;,&quot;type&quot;:&quot;cta&quot;}}\" target=\"_blank\">Mon Actu<\/a>.<\/p>\n","protected":false},"excerpt":{"rendered":"Par Gabriel Kenedi Publi\u00e9 le 8 juil. 2025 \u00e0 19h46 C\u2019est l\u2019un des plus grands tiers-lieux de France&hellip;\n","protected":false},"author":2,"featured_media":236061,"comment_status":"","ping_status":"","sticky":false,"template":"","format":"standard","meta":{"footnotes":""},"categories":[2816],"tags":[1111,11,1777,674,1011,27,1652,12,2680,25,1341,2312],"class_list":{"0":"post-236060","1":"post","2":"type-post","3":"status-publish","4":"format-standard","5":"has-post-thumbnail","7":"category-toulouse","8":"tag-actu","9":"tag-actualites","10":"tag-eu","11":"tag-europe","12":"tag-fr","13":"tag-france","14":"tag-loisirs-culture","15":"tag-news","16":"tag-occitanie","17":"tag-republique-francaise","18":"tag-sortir-a-toulouse","19":"tag-toulouse"},"share_on_mastodon":{"url":"https:\/\/pubeurope.com\/@fr\/114819685930332119","error":""},"_links":{"self":[{"href":"https:\/\/www.europesays.com\/fr\/wp-json\/wp\/v2\/posts\/236060","targetHints":{"allow":["GET"]}}],"collection":[{"href":"https:\/\/www.europesays.com\/fr\/wp-json\/wp\/v2\/posts"}],"about":[{"href":"https:\/\/www.europesays.com\/fr\/wp-json\/wp\/v2\/types\/post"}],"author":[{"embeddable":true,"href":"https:\/\/www.europesays.com\/fr\/wp-json\/wp\/v2\/users\/2"}],"replies":[{"embeddable":true,"href":"https:\/\/www.europesays.com\/fr\/wp-json\/wp\/v2\/comments?post=236060"}],"version-history":[{"count":0,"href":"https:\/\/www.europesays.com\/fr\/wp-json\/wp\/v2\/posts\/236060\/revisions"}],"wp:featuredmedia":[{"embeddable":true,"href":"https:\/\/www.europesays.com\/fr\/wp-json\/wp\/v2\/media\/236061"}],"wp:attachment":[{"href":"https:\/\/www.europesays.com\/fr\/wp-json\/wp\/v2\/media?parent=236060"}],"wp:term":[{"taxonomy":"category","embeddable":true,"href":"https:\/\/www.europesays.com\/fr\/wp-json\/wp\/v2\/categories?post=236060"},{"taxonomy":"post_tag","embeddable":true,"href":"https:\/\/www.europesays.com\/fr\/wp-json\/wp\/v2\/tags?post=236060"}],"curies":[{"name":"wp","href":"https:\/\/api.w.org\/{rel}","templated":true}]}}