{"id":236064,"date":"2025-07-08T21:17:09","date_gmt":"2025-07-08T21:17:09","guid":{"rendered":"https:\/\/www.europesays.com\/fr\/236064\/"},"modified":"2025-07-08T21:17:09","modified_gmt":"2025-07-08T21:17:09","slug":"le-concert-au-velodrome-annule-suite-a-un-probleme-technique","status":"publish","type":"post","link":"https:\/\/www.europesays.com\/fr\/236064\/","title":{"rendered":"le concert au V\u00e9lodrome annul\u00e9 suite \u00e0 un probl\u00e8me technique"},"content":{"rendered":"<p itemprop=\"description\"><strong>Un concert qui promettait d\u2019\u00eatre historique dans sa carri\u00e8re, sur ses terres.<\/strong><\/p>\n<p data-start=\"801\" data-end=\"1222\"><strong>V\u00e9ritable monument marseillais, le Stade V\u00e9lodrome<\/strong> est connu bien au-del\u00e0 des fronti\u00e8res de la cit\u00e9 phoc\u00e9enne. <strong>Temple de l\u2019OM<\/strong>, il est aussi<strong> l\u2019un des stades les plus embl\u00e9matiques de France<\/strong>. Ce lieu symbolique, devenu une sc\u00e8ne \u00e0 ciel ouvert, <strong>devait accueillir Soprano le 11 octobre pour un concert \u00e0 domicile<\/strong>. Mais un souci technique de grande ampleur a forc\u00e9 l\u2019artiste \u00e0 <strong>annuler l\u2019\u00e9v\u00e9nement<\/strong>, au grand regret de ses fans.<\/p>\n<p>Il y a tout juste un mois, c&rsquo;est la star <strong>Ed Sheeran qui donnait justement deux concerts<\/strong> dans l&rsquo;enceinte mythique. Tout s&rsquo;est tr\u00e8s bien pass\u00e9, et <a href=\"https:\/\/grandgrenoble.alpes1.com\/news\/musique\/28371\/ed-sheeran-et-soprano-l-incroyable-weekend-marseillais-des-deux-stars\" target=\"_blank\" rel=\"noopener\"><strong>Soprano a d&rsquo;ailleurs profit\u00e9 de l&rsquo;occasion pour lui faire d\u00e9couvrir la ville<\/strong><\/a>, et aussi un autre sport tr\u00e8s pratiqu\u00e9 \u00e0 Marseille : <strong>la p\u00e9tanque<\/strong>. Malheureusement, le chanteur marseillais, lui n&rsquo;aura pas la chance de s&rsquo;y produire, en tout cas pas cette ann\u00e9e. Sur les r\u00e9seaux sociaux, <strong>ses \u00e9quipes ont annonc\u00e9 que le concert n&rsquo;aura pas lieu en d\u00e9voilant les causes de cette annulation.<\/strong><\/p>\n<blockquote><p>&#13;<\/p>\n<p><strong>Une \u00e9tude technique approfondie<\/strong> men\u00e9e avec les \u00e9quipes du stade a r\u00e9v\u00e9l\u00e9 que <strong>la nouvelle pelouse, pr\u00e9vue en ao\u00fbt, ne pourra pas supporter la sc\u00e8ne du dernier show de Soprano.<\/strong><\/p>\n<p>&#13;\n<\/p><\/blockquote>\n<p><strong>En effet, le concert devait avoir lieu en plein milieu de la saison de Ligue 1<\/strong>, et Soprano et ses \u00e9quipes avaient pr\u00e9vu de <strong>cr\u00e9er une immense structure centrale pour accueillir le chanteur pendant son concert<\/strong>, ce que la pelouse n&rsquo;aurait pas pu supporter. Les techniciens auraient pu la remplacer totalement le temps du concert, comme cela se fait souvent, mais vu que le show a lieu au milieu d&rsquo;une saison de football, c&rsquo;est tout simplement impossible, question de timing.\u00a0<\/p>\n<p>Dans le communiqu\u00e9 publi\u00e9 par les \u00e9quipes du chanteur, on apprend que<strong> les spectateurs seront rembours\u00e9s par les r\u00e9seaux de billetterie avec lesquels ils ont achet\u00e9 leur billet.<\/strong> Si le concert au V\u00e9lodrome n&rsquo;aura donc pas lieu, <a href=\"https:\/\/grandgrenoble.alpes1.com\/news\/musique\/27882\/soprano-anxieux-pour-le-futur-de-ses-enfants-et-de-la-societe\" target=\"_blank\" rel=\"noopener\">Soprano<\/a> a rapidement book\u00e9 <strong>d&rsquo;autres grandes salles de la r\u00e9gion<\/strong>, pour pouvoir pr\u00e9senter aux habitants de sa ville son nouveau spectacle. Il sera donc pr\u00e9sent au<strong> D\u00f4me de Marseille les 25 et 26 novembre,<\/strong> mais aussi \u00e0 <strong>l&rsquo;Arena d&rsquo;Aix-en-Provence les 16 et 17 d\u00e9cembre<\/strong>. Un vrai coup dur pour les nombreux fans du chanteur, mais on imagine que \u00e7a n&rsquo;est que partie remise, et que ce concert au V\u00e9lodrome finira par avoir lieu un jour ou l&rsquo;autre !<\/p>\n<blockquote class=\"instagram-media\" style=\"background: #FFF; border: 0; border-radius: 3px; box-shadow: 0 0 1px 0 rgba(0,0,0,0.5),0 1px 10px 0 rgba(0,0,0,0.15); margin: 1px; max-width: 540px; min-width: 326px; padding: 0; width: calc(100% - 2px);\" data-instgrm-captioned=\"\" data-instgrm-permalink=\"https:\/\/www.instagram.com\/p\/DL17g7JsKz5\/?utm_source=ig_embed&amp;utm_campaign=loading\" data-instgrm-version=\"14\"><p>&#13;<br \/>\n&#13;\n<\/p><\/blockquote>\n<p>\t\t\t\t\t\t\t\t\t\t\t\t\t\t\t\t\t\t\t<script async src=\"\/\/www.instagram.com\/embed.js\"><\/script><\/p>\n","protected":false},"excerpt":{"rendered":"Un concert qui promettait d\u2019\u00eatre historique dans sa carri\u00e8re, sur ses terres. V\u00e9ritable monument marseillais, le Stade V\u00e9lodrome&hellip;\n","protected":false},"author":2,"featured_media":236065,"comment_status":"","ping_status":"","sticky":false,"template":"","format":"standard","meta":{"footnotes":""},"categories":[2814],"tags":[1111,11,7733,8279,7736,650,7734,2889,2263,1777,674,1011,27,2731,8280,6417,1114,108,4662,884,12,3725,882,1825,25,7737],"class_list":{"0":"post-236064","1":"post","2":"type-post","3":"status-publish","4":"format-standard","5":"has-post-thumbnail","7":"category-marseille","8":"tag-actu","9":"tag-actualites","10":"tag-alpes","11":"tag-alpes1","12":"tag-cds","13":"tag-cinema","14":"tag-ecoute","15":"tag-emission","16":"tag-equipe","17":"tag-eu","18":"tag-europe","19":"tag-fr","20":"tag-france","21":"tag-grenoble","22":"tag-haute","23":"tag-information","24":"tag-infos","25":"tag-isere","26":"tag-journal","27":"tag-marseille","28":"tag-news","29":"tag-podcast","30":"tag-provence-alpes-cote-dazur","31":"tag-radio","32":"tag-republique-francaise","33":"tag-winamp"},"share_on_mastodon":{"url":"https:\/\/pubeurope.com\/@fr\/114819697880657316","error":""},"_links":{"self":[{"href":"https:\/\/www.europesays.com\/fr\/wp-json\/wp\/v2\/posts\/236064","targetHints":{"allow":["GET"]}}],"collection":[{"href":"https:\/\/www.europesays.com\/fr\/wp-json\/wp\/v2\/posts"}],"about":[{"href":"https:\/\/www.europesays.com\/fr\/wp-json\/wp\/v2\/types\/post"}],"author":[{"embeddable":true,"href":"https:\/\/www.europesays.com\/fr\/wp-json\/wp\/v2\/users\/2"}],"replies":[{"embeddable":true,"href":"https:\/\/www.europesays.com\/fr\/wp-json\/wp\/v2\/comments?post=236064"}],"version-history":[{"count":0,"href":"https:\/\/www.europesays.com\/fr\/wp-json\/wp\/v2\/posts\/236064\/revisions"}],"wp:featuredmedia":[{"embeddable":true,"href":"https:\/\/www.europesays.com\/fr\/wp-json\/wp\/v2\/media\/236065"}],"wp:attachment":[{"href":"https:\/\/www.europesays.com\/fr\/wp-json\/wp\/v2\/media?parent=236064"}],"wp:term":[{"taxonomy":"category","embeddable":true,"href":"https:\/\/www.europesays.com\/fr\/wp-json\/wp\/v2\/categories?post=236064"},{"taxonomy":"post_tag","embeddable":true,"href":"https:\/\/www.europesays.com\/fr\/wp-json\/wp\/v2\/tags?post=236064"}],"curies":[{"name":"wp","href":"https:\/\/api.w.org\/{rel}","templated":true}]}}