{"id":236068,"date":"2025-07-08T21:19:13","date_gmt":"2025-07-08T21:19:13","guid":{"rendered":"https:\/\/www.europesays.com\/fr\/236068\/"},"modified":"2025-07-08T21:19:13","modified_gmt":"2025-07-08T21:19:13","slug":"casa-ricochet-un-lieu-unique-pour-les-jeunes-en-reinsertion","status":"publish","type":"post","link":"https:\/\/www.europesays.com\/fr\/236068\/","title":{"rendered":"Casa Ricochet : un lieu unique pour les jeunes en r\u00e9insertion"},"content":{"rendered":"<p>A Lyon, ce sont plus de 7000 jeunes mineures et majeurs qui sont suivis par l\u2019Aide Sociale \u00e0 l\u2019Enfance. Si les mineurs sont plac\u00e9s en foyer, les majeurs, eux, peinent \u00e0 trouver ou se loger. Pour r\u00e9pondre \u00e0 cette probl\u00e9matique, la M\u00e9tropole investit 700 000 euros par an dans la Casa Ricochet : une maison d\u00e9di\u00e9e aux jeunes en r\u00e9insertion.<\/p>\n<p>C\u2019est dans le <strong>8e arrondissement de Lyon<\/strong>, pr\u00e8s de Sans-Souci, que s\u2019est install\u00e9 un nouveau l<strong>ieu d\u2019insertion et de transition \u00e9cologique<\/strong>. Il accueille <strong>20 jeunes majeurs<\/strong> confi\u00e9s \u00e0 l\u2019<strong>Aide Sociale \u00e0 l\u2019Enfance<\/strong>.<\/p>\n<p>Un projet lanc\u00e9 dans le cadre d\u2019un appel \u00e0 projet de la m\u00e9tropole de Lyon en 2020 pour la <strong>protection de l\u2019enfance<\/strong>. L\u2019association <strong>Alynea \u2013 Samu Social 69<\/strong> a \u00e0 c\u0153ur de faire \u00e9voluer un dispositif pas comme les autres.<\/p>\n<p>Ecoutez aussi :  <a href=\"https:\/\/www.lyondemain.fr\/annee-lumiere-cesure-etudiants\/\" target=\"_blank\" rel=\"noreferrer noopener\">Ann\u00e9e Lumi\u00e8re : une ann\u00e9e de c\u00e9sure active et accompagn\u00e9e<\/a><\/p>\n<p>Un accompagnement au plus proche\u2026<\/p>\n<p><strong>Plan A<\/strong> permet un <strong>accompagnement<\/strong> au plus proche des jeunes. <strong>Natacha Gaillardo<\/strong>, responsable de la dimension collective et partenariale du projet <strong>Plan A<\/strong>, pr\u00e9sente la <strong>Casa Ricochet<\/strong> et son dispositif\u00a0:<\/p>\n<p>Ecoutez le podcast<\/p>\n<p>Casa Ricochet<\/p>\n<p>\u00ab\u00a0La <strong>Casa Ricochet<\/strong>, c\u2019est une exp\u00e9rimentation qui a \u00e9t\u00e9 valid\u00e9e depuis deux ans. On partage la maison avec une autre association qui s\u2019appelle le <strong>Passe-Jardins<\/strong>, cr\u00e9ation de <strong>jardins citoyens<\/strong>. La <strong>Casa Ricoche<\/strong>t, ici, on a au premier \u00e9tage<strong> six studios<\/strong> o\u00f9 on peut h\u00e9berger six jeunes. Ces studios sont actuellement tous pris. On a en bas nos bureaux, le bureau de la responsable de service, plus un <strong>lieu collectif<\/strong>. Une<strong> cuisine<\/strong>, car les jeunes ont souvent tr\u00e8s faim. Donc on se retrouve tout simplement <strong>comme \u00e0 la maison<\/strong> pour partager un repas. Pour raconter les petits bobos, les col\u00e8res, les projections, les envies, les projets, faire des soir\u00e9es anniversaires, galas, en tout cas pour faire un petit peu comme \u00e0 la maison.\u00a0\u00bb<\/p>\n<p>Ecoutez aussi : <a href=\"https:\/\/www.lyondemain.fr\/cite-campus-vaulx-en-velin\/\" target=\"_blank\" rel=\"noreferrer noopener\">Vaulx-en-Velin aura bient\u00f4t sa Cit\u00e9 Campus<\/a><\/p>\n<blockquote class=\"instagram-media\" data-instgrm-captioned=\"\" data-instgrm-permalink=\"https:\/\/www.instagram.com\/p\/DKZbAv8olKE\/?utm_source=ig_embed&amp;utm_campaign=loading\" data-instgrm-version=\"14\" style=\" background:#FFF; border:0; border-radius:3px; box-shadow:0 0 1px 0 rgba(0,0,0,0.5),0 1px 10px 0 rgba(0,0,0,0.15); margin: 1px; max-width:540px; min-width:326px; padding:0; width:99.375%; width:-webkit-calc(100% - 2px); width:calc(100% - 2px);\"\/>\n<p>Eviter l\u2019h\u00f4tel ou la rue\u2026<\/p>\n<p>Squatt\u00e9e puis r\u00e9habilit\u00e9e au cours des deux derni\u00e8res ann\u00e9es, cette maison permet aux <strong>jeunes entre 19 et 21 ans<\/strong> d\u2019\u00e9viter de finir en h\u00f4tel ou pire, \u00e0 la rue apr\u00e8s leur majorit\u00e9. C\u2019est le cas de <strong>Charlotte<\/strong>, 19 ans, qui fait partie de <strong>Plan A<\/strong> depuis un an. M\u00eame si elle vit en <strong>appartement diffus<\/strong>, la <strong>Casa Ricochet<\/strong> joue un grand r\u00f4le dans sa vie.<\/p>\n<p><img loading=\"lazy\" decoding=\"async\" width=\"1200\" height=\"675\" src=\"https:\/\/www.europesays.com\/fr\/wp-content\/uploads\/2025\/07\/Casa-Ricochet-Charlotte.jpg\" alt=\"Casa Ricochet\" class=\"wp-image-250388\"  \/>Charlotte<\/p>\n<p>Elle nous raconte. \u00ab\u00a0<strong>La Casa Ricochet<\/strong>, c\u2019est un lieu de rencontres. C\u2019est vraiment le lieu o\u00f9 tout le monde se retrouve. M\u00eame nous, entre jeunes, on peut se faire aussi des <strong>petits moments conviviaux<\/strong>. On a aussi ce qu\u2019on appelle des <strong>plans A<\/strong> voix haute. Donc des r\u00e9unions qu\u2019on a entre les jeunes et les \u00e9ducateurs. On peut \u00eatre acteur vraiment dans notre <strong>accompagnement.<\/strong> Donc oui, la <strong>Casa Ricochet<\/strong>, c\u2019est un endroit de rencontres, de lien, pour faire des jeux, juste pour passer, manger un bout, un lieu de rencontre.\u00a0\u00bb<\/p>\n<p>Ce<strong> projet in\u00e9dit d\u2019insertion sociale<\/strong> et de <strong>transition \u00e9cologique<\/strong> est un lieu rempli d\u2019amour et de partage, o\u00f9 chacun est libre de devenir ce qu\u2019il souhaite\u2026<\/p>\n<p>Ecoutez aussi : <a href=\"https:\/\/www.lyondemain.fr\/parc-urbain-villeurbanne-la-cantina-podcasts-lalca\/\" target=\"_blank\" rel=\"noreferrer noopener\">Villeurbanne : quand un parking devient un parc urbain inclusif<\/a><\/p>\n<p><img loading=\"lazy\" decoding=\"async\" width=\"1200\" height=\"675\" src=\"https:\/\/www.europesays.com\/fr\/wp-content\/uploads\/2025\/07\/Casa-Ricochet-Alynea.jpg\" alt=\"Alynea\" class=\"wp-image-250387\"  \/><br \/>\nJ\u2019aime \u00e7a\u00a0:<\/p>\n<p>J\u2019aime chargement\u2026<\/p>\n<p><a class=\"sd-link-color\"\/><\/p>\n<p>\n\tArticles similaires\n<\/p>\n<p>\t\t\t\t<img decoding=\"async\" src=\"https:\/\/www.europesays.com\/fr\/wp-content\/uploads\/2025\/07\/1752009553_54_7866158698e17e8ed633c05e8f8e7fe5d9e057ad78661c4dc34e413abb6b9f19\" alt=\"G\u00e9rald Bouchon\"\/><\/p>\n<p>Pionnier des radios libres, passionn\u00e9 de radio, journaliste et dirigeant de m\u00e9dias \u00e9co-responsables..<\/p>\n<p>\t\t\t<script async src=\"\/\/www.instagram.com\/embed.js\"><\/script><\/p>\n","protected":false},"excerpt":{"rendered":"A Lyon, ce sont plus de 7000 jeunes mineures et majeurs qui sont suivis par l\u2019Aide Sociale \u00e0&hellip;\n","protected":false},"author":2,"featured_media":236069,"comment_status":"","ping_status":"","sticky":false,"template":"","format":"standard","meta":{"footnotes":""},"categories":[1889],"tags":[30309,1111,11,2430,37490,902,1777,674,1011,27,6353,37491,2428,10510,37492,12,37493,2355,25,15880],"class_list":{"0":"post-236068","1":"post","2":"type-post","3":"status-publish","4":"format-standard","5":"has-post-thumbnail","7":"category-lyon","8":"tag-accompagnement-social","9":"tag-actu","10":"tag-actualites","11":"tag-auvergne-rhone-alpes","12":"tag-casa-ricochet","13":"tag-cuisine","14":"tag-eu","15":"tag-europe","16":"tag-fr","17":"tag-france","18":"tag-insertion","19":"tag-jeunes-majeurs","20":"tag-lyon","21":"tag-metropole-de-lyon","22":"tag-natacha-gaillardo","23":"tag-news","24":"tag-passe-jardins","25":"tag-protection-de-lenfance","26":"tag-republique-francaise","27":"tag-ville-de-saint-etienne"},"share_on_mastodon":{"url":"https:\/\/pubeurope.com\/@fr\/114819705791474674","error":""},"_links":{"self":[{"href":"https:\/\/www.europesays.com\/fr\/wp-json\/wp\/v2\/posts\/236068","targetHints":{"allow":["GET"]}}],"collection":[{"href":"https:\/\/www.europesays.com\/fr\/wp-json\/wp\/v2\/posts"}],"about":[{"href":"https:\/\/www.europesays.com\/fr\/wp-json\/wp\/v2\/types\/post"}],"author":[{"embeddable":true,"href":"https:\/\/www.europesays.com\/fr\/wp-json\/wp\/v2\/users\/2"}],"replies":[{"embeddable":true,"href":"https:\/\/www.europesays.com\/fr\/wp-json\/wp\/v2\/comments?post=236068"}],"version-history":[{"count":0,"href":"https:\/\/www.europesays.com\/fr\/wp-json\/wp\/v2\/posts\/236068\/revisions"}],"wp:featuredmedia":[{"embeddable":true,"href":"https:\/\/www.europesays.com\/fr\/wp-json\/wp\/v2\/media\/236069"}],"wp:attachment":[{"href":"https:\/\/www.europesays.com\/fr\/wp-json\/wp\/v2\/media?parent=236068"}],"wp:term":[{"taxonomy":"category","embeddable":true,"href":"https:\/\/www.europesays.com\/fr\/wp-json\/wp\/v2\/categories?post=236068"},{"taxonomy":"post_tag","embeddable":true,"href":"https:\/\/www.europesays.com\/fr\/wp-json\/wp\/v2\/tags?post=236068"}],"curies":[{"name":"wp","href":"https:\/\/api.w.org\/{rel}","templated":true}]}}