{"id":23607,"date":"2025-04-14T04:01:45","date_gmt":"2025-04-14T04:01:45","guid":{"rendered":"https:\/\/www.europesays.com\/fr\/23607\/"},"modified":"2025-04-14T04:01:45","modified_gmt":"2025-04-14T04:01:45","slug":"le-tres-bon-coup-de-lille-plus-que-jamais-en-course-pour-la-c1","status":"publish","type":"post","link":"https:\/\/www.europesays.com\/fr\/23607\/","title":{"rendered":"le (tr\u00e8s) bon coup de Lille, plus que jamais en course pour la C1"},"content":{"rendered":"<p>Les Dogues l\u2019ont emport\u00e9 2-1 \u00e0 Toulouse ce samedi, lors de la 29e journ\u00e9e de Ligue 1, et pointent (provisoirement\u00a0?) \u00e0 la quatri\u00e8me place, \u00e0 trois points de l\u2019AS Monaco, deuxi\u00e8me.<\/p>\n<p class=\"fig-paragraph\">Trois points pr\u00e9cieux. Lille s\u2019est impos\u00e9 \u00e0 Toulouse (<a href=\"https:\/\/www.lefigaro.fr\/sports\/football\/live\/ligue-1\/2024\/2448656\/toulouse-lille\" data-fig-type=\"Live\" data-gtm-custom-categorie=\"navigation\" data-gtm-custom-action=\"crossclick\" data-gtm-custom-label=\"Contextuel\" data-gtm-event=\"customEventSPE\" data-fig-domain=\"LEFIGARO\" target=\"_blank\" rel=\"noopener\">1-2<\/a>) ce samedi, lors de\u00a0<a href=\"https:\/\/www.lefigaro.fr\/sports\/football\/ligue-1\/calendrier-resultats?journee=29\" target=\"_blank\" rel=\"noopener\" data-gtm-custom-categorie=\"navigation\" data-gtm-custom-action=\"crossclick\" data-gtm-custom-label=\"Contextuel\" data-gtm-event=\"customEventSPE\">la 29e journ\u00e9e de Ligue 1<\/a>. Et ce gr\u00e2ce \u00e0 des buts de Fernandez-Pardo et Bakker. Ces trois points obtenus au terme d\u2019un match contr\u00f4l\u00e9 (61% de possession \u00e0 la pause, 58% sur l\u2019ensemble de la rencontre) permettent aux Lillois d\u2019atteindre la barre des 50 points et de se hisser \u00e0 la 4e place\u00a0<a href=\"https:\/\/www.lefigaro.fr\/sports\/football\/ligue-1\/classement\" target=\"_blank\" rel=\"noopener\" data-gtm-custom-categorie=\"navigation\" data-gtm-custom-action=\"crossclick\" data-gtm-custom-label=\"Contextuel\" data-gtm-event=\"customEventSPE\">au classement<\/a>, \u00e0 trois points de l\u2019AS Monaco (2e) et deux de l\u2019OM (3e).<\/p>\n<p class=\"fig-paragraph\">Pour les Violets, en revanche, l\u2019heure est \u00e0 l\u2019introspection: onzi\u00e8mes, ils comptent encore 7 points d\u2019avance sur le barragiste havrais et 11 sur le premier rel\u00e9gable, Saint-Etienne, ils restent d\u00e9sormais sur quatre d\u00e9faites d\u2019affil\u00e9e et le wagon europ\u00e9en semble d\u00e9finitivement hors de port\u00e9e.<\/p>\n<p class=\"fig-paragraph\">La rencontre avait pourtant plut\u00f4t mal commenc\u00e9 pour le LOSC, sauv\u00e9 \u00e0 deux reprises par ses poteaux (5e et 7e). Mais les Lillois n\u2019ont pas perdu leur sang-froid et le jeune attaquant belge Matias Fernandez-Pardo (20 ans), sur un service de son capitaine Benjamin Andr\u00e9, a effac\u00e9 le d\u00e9fenseur toulousain Djibril Sidib\u00e9 avant de marquer d\u2019une frappe limpide aux 18 m\u00e8tres (1-0, 21e).<\/p>\n<p>Cruel pour le TFC<\/p>\n<p class=\"fig-paragraph\">La fin de premi\u00e8re p\u00e9riode a \u00e9t\u00e9 cruelle pour les locaux. Ayant \u00e9galis\u00e9 d\u2019une t\u00eate de Charlie Cresswell sur une remise de Rafik Messali (1-1, 42e), ils pensaient rentrer au vestiaire \u00e0 la mi-temps sur ce score, mais Lille a repris l\u2019avantage au bout du temps additionnel (2-1, 45+4), sur un coup franc obtenu et tir\u00e9 par Mitchel Bakker, que Cristian Casseres ne parvenait pas \u00e0 contrer devant Guillaume Restes, surpris. D\u2019abord bien contr\u00f4l\u00e9s par les Lillois au retour des vestiaires, les Violets ont emball\u00e9 le match pendant un gros quart d\u2019heure \u00e0 partir de la 65e minute, Lucas Chevalier devant s\u2019employer une demi-douzaine de fois pour parvenir \u00e0 pr\u00e9server l\u2019avance lilloise et une belle op\u00e9ration dans la course \u00e0 l\u2019Europe.<\/p>\n<p class=\"fig-paragraph\">Les Dogues, peu en r\u00e9ussite \u00e0 l\u2019ext\u00e9rieur en 2025, ont engrang\u00e9 samedi leur deuxi\u00e8me victoire seulement loin de leurs terres nordistes, apr\u00e8s celle \u00e0 Rennes le 16 f\u00e9vrier pour la 22e journ\u00e9e. Toulouse a confirm\u00e9 au contraire sa m\u00e9forme \u00e0 domicile: apr\u00e8s cette d\u00e9faite, le TFC reste le seul club de l\u2019\u00e9lite \u00e0 n\u2019avoir jamais gagn\u00e9 chez lui depuis le d\u00e9but de l\u2019ann\u00e9e (5 d\u00e9faites, 2 nuls).<\/p>\n<p class=\"fig-paragraph\">Le LOSC recevra Auxerre lors de la 30e journ\u00e9e pour confirmer son ambition de jouer la Ligue des Champions la saison prochaine, tandis que Toulouse ira \u00e0 Reims pour tenter de donner des couleurs \u00e0 une fin de saison bien terne.<\/p>\n<p>\u00a0\u00bb<br \/>\n        data-script=\u00a0\u00bbhttps:\/\/static.lefigaro.fr\/widget-video\/short-ttl\/video\/index.js\u00a0\u00bb<br \/>\n    &gt;<\/p>\n","protected":false},"excerpt":{"rendered":"Les Dogues l\u2019ont emport\u00e9 2-1 \u00e0 Toulouse ce samedi, lors de la 29e journ\u00e9e de Ligue 1, et&hellip;\n","protected":false},"author":2,"featured_media":23608,"comment_status":"","ping_status":"","sticky":false,"template":"","format":"standard","meta":{"footnotes":""},"categories":[2815],"tags":[1111,11,525,1981,814,1777,674,2257,63,1011,27,811,3309,66,1307,2267,955,12,1176,978,93,25,1980,8512],"class_list":{"0":"post-23607","1":"post","2":"type-post","3":"status-publish","4":"format-standard","5":"has-post-thumbnail","7":"category-lille","8":"tag-actu","9":"tag-actualites","10":"tag-calendrier","11":"tag-classement","12":"tag-direct","13":"tag-eu","14":"tag-europe","15":"tag-foot","16":"tag-football","17":"tag-fr","18":"tag-france","19":"tag-hauts-de-france","20":"tag-l1","21":"tag-ligue-1","22":"tag-lille","23":"tag-losc","24":"tag-match","25":"tag-news","26":"tag-olympique-de-marseille","27":"tag-olympique-lyonnais","28":"tag-psg","29":"tag-republique-francaise","30":"tag-resultats","31":"tag-toulouse-fc"},"share_on_mastodon":{"url":"https:\/\/pubeurope.com\/@fr\/114334327318151823","error":""},"_links":{"self":[{"href":"https:\/\/www.europesays.com\/fr\/wp-json\/wp\/v2\/posts\/23607","targetHints":{"allow":["GET"]}}],"collection":[{"href":"https:\/\/www.europesays.com\/fr\/wp-json\/wp\/v2\/posts"}],"about":[{"href":"https:\/\/www.europesays.com\/fr\/wp-json\/wp\/v2\/types\/post"}],"author":[{"embeddable":true,"href":"https:\/\/www.europesays.com\/fr\/wp-json\/wp\/v2\/users\/2"}],"replies":[{"embeddable":true,"href":"https:\/\/www.europesays.com\/fr\/wp-json\/wp\/v2\/comments?post=23607"}],"version-history":[{"count":0,"href":"https:\/\/www.europesays.com\/fr\/wp-json\/wp\/v2\/posts\/23607\/revisions"}],"wp:featuredmedia":[{"embeddable":true,"href":"https:\/\/www.europesays.com\/fr\/wp-json\/wp\/v2\/media\/23608"}],"wp:attachment":[{"href":"https:\/\/www.europesays.com\/fr\/wp-json\/wp\/v2\/media?parent=23607"}],"wp:term":[{"taxonomy":"category","embeddable":true,"href":"https:\/\/www.europesays.com\/fr\/wp-json\/wp\/v2\/categories?post=23607"},{"taxonomy":"post_tag","embeddable":true,"href":"https:\/\/www.europesays.com\/fr\/wp-json\/wp\/v2\/tags?post=23607"}],"curies":[{"name":"wp","href":"https:\/\/api.w.org\/{rel}","templated":true}]}}