{"id":236075,"date":"2025-07-08T21:24:10","date_gmt":"2025-07-08T21:24:10","guid":{"rendered":"https:\/\/www.europesays.com\/fr\/236075\/"},"modified":"2025-07-08T21:24:10","modified_gmt":"2025-07-08T21:24:10","slug":"linkin-park-debarque-a-paris-avec-un-pop-up-store-exclusif-news-rockurlife","status":"publish","type":"post","link":"https:\/\/www.europesays.com\/fr\/236075\/","title":{"rendered":"Linkin Park d\u00e9barque \u00e0 Paris avec un pop-up store exclusif ! &#8211; News &#8211; RockUrLife"},"content":{"rendered":"<p>C\u2019est une semaine sous haute tension qui s\u2019annonce pour les fans parisiens de <strong>Linkin Park<\/strong>. \u00c0 l\u2019approche du concert \u00e9v\u00e9nement du groupe californien au <strong>Stade de France<\/strong> ce vendredi 11 juillet, un avant-go\u00fbt de f\u00eate s\u2019installe en plein c\u0153ur de la capitale. Pour marquer cette date parisienne \u2013 un show complet qui viendra cl\u00f4turer sa tourn\u00e9e estivale europ\u00e9enne \u2013 le groupe d\u00e9ploie une boutique \u00e9ph\u00e9m\u00e8re in\u00e9dite : <strong>Le Tour de Zero<\/strong> !<\/p>\n<p>Clin d\u2019\u0153il malicieux au <strong>Tour de France<\/strong>, cette exp\u00e9rience immersive prend place dans le 3e arrondissement de <strong>Paris<\/strong>, au <strong>32 rue de Montmorency<\/strong>. Pendant trois jours, du 10 au 12 juillet, les fans pourront plonger dans l\u2019univers du groupe, d\u00e9couvrir une collection de merchandising exclusive, des produits d\u00e9riv\u00e9s en \u00e9dition limit\u00e9e, des vinyles rares et m\u00eame quelques sucreries sign\u00e9es <strong>Haribo<\/strong>. D\u00e8s le jour d\u2019ouverture, les 400 premiers visiteurs auront droit \u00e0 une barbe \u00e0 papa offerte, histoire de d\u00e9marrer les festivit\u00e9s sur une note sucr\u00e9e et d\u00e9cal\u00e9e.<\/p>\n<p>Mais ce pop-up store ne se r\u00e9sume pas \u00e0 un simple point de vente. Il s\u2019inscrit dans une volont\u00e9 de cr\u00e9er un moment fort pour les fans, un lieu de rendez-vous \u00e0 part enti\u00e8re pour c\u00e9l\u00e9brer le retour en force de <strong>Linkin Park<\/strong>. Apr\u00e8s son passage remarqu\u00e9 au <strong>Hellfest<\/strong> en juin, l\u2019\u00e9v\u00e9nement prend des allures de communion. Entre exclusivit\u00e9s \u00e0 d\u00e9nicher, photos souvenirs \u00e0 prendre et ambiance \u00e9lectrique, tout est pens\u00e9 pour faire monter la pression \u00e0 quelques heures d\u2019un <a href=\"https:\/\/www.rockurlife.net\/news\/linkin-park-en-concert-au-stade-de-france-de-paris-en-juillet-2025\/\" target=\"_blank\" rel=\"noopener\">concert<\/a> qui s\u2019annonce d\u00e9j\u00e0 m\u00e9morable.<\/p>\n<p>Plus de 20 ans apr\u00e8s la d\u00e9flagration <strong>Hybrid Theory<\/strong>, le groupe continue de f\u00e9d\u00e9rer, d\u2019innover et de surprendre. Ce pop-up parisien, \u00e0 la fois festif, collector et ultra limit\u00e9 dans le temps, en est la preuve vivante. <strong>Linkin Park<\/strong> ne se contente pas de jouer, il orchestre l\u2019\u00e9v\u00e9nement, et <strong>Paris<\/strong> s\u2019appr\u00eate \u00e0 vibrer au rythme de son retour.<\/p>\n<blockquote class=\"instagram-media\" data-instgrm-captioned=\"\" data-instgrm-permalink=\"https:\/\/www.instagram.com\/p\/DLzNhDfNlw-\/?utm_source=ig_embed&amp;utm_campaign=loading\" data-instgrm-version=\"14\" style=\" background:#FFF; border:0; border-radius:3px; box-shadow:0 0 1px 0 rgba(0,0,0,0.5),0 1px 10px 0 rgba(0,0,0,0.15); margin: 1px; max-width:540px; min-width:326px; padding:0; width:99.375%; width:-webkit-calc(100% - 2px); width:calc(100% - 2px);\"\/><p>  <script async src=\"\/\/www.instagram.com\/embed.js\"><\/script><\/p>\n","protected":false},"excerpt":{"rendered":"C\u2019est une semaine sous haute tension qui s\u2019annonce pour les fans parisiens de Linkin Park. \u00c0 l\u2019approche du&hellip;\n","protected":false},"author":2,"featured_media":140509,"comment_status":"","ping_status":"","sticky":false,"template":"","format":"standard","meta":{"footnotes":""},"categories":[1888],"tags":[1111,1928,11,1927,1777,674,1011,27,37494,25300,12,1926,626,1925,29648,25],"class_list":{"0":"post-236075","1":"post","2":"type-post","3":"status-publish","4":"format-standard","5":"has-post-thumbnail","7":"category-paris","8":"tag-actu","9":"tag-actu-paris","10":"tag-actualites","11":"tag-actualites-paris","12":"tag-eu","13":"tag-europe","14":"tag-fr","15":"tag-france","16":"tag-le-tour-de-zero","17":"tag-linkin-park","18":"tag-news","19":"tag-news-paris","20":"tag-paris","21":"tag-paris-news","22":"tag-pop-up-store","23":"tag-republique-francaise"},"share_on_mastodon":{"url":"https:\/\/pubeurope.com\/@fr\/114819725276737816","error":""},"_links":{"self":[{"href":"https:\/\/www.europesays.com\/fr\/wp-json\/wp\/v2\/posts\/236075","targetHints":{"allow":["GET"]}}],"collection":[{"href":"https:\/\/www.europesays.com\/fr\/wp-json\/wp\/v2\/posts"}],"about":[{"href":"https:\/\/www.europesays.com\/fr\/wp-json\/wp\/v2\/types\/post"}],"author":[{"embeddable":true,"href":"https:\/\/www.europesays.com\/fr\/wp-json\/wp\/v2\/users\/2"}],"replies":[{"embeddable":true,"href":"https:\/\/www.europesays.com\/fr\/wp-json\/wp\/v2\/comments?post=236075"}],"version-history":[{"count":0,"href":"https:\/\/www.europesays.com\/fr\/wp-json\/wp\/v2\/posts\/236075\/revisions"}],"wp:featuredmedia":[{"embeddable":true,"href":"https:\/\/www.europesays.com\/fr\/wp-json\/wp\/v2\/media\/140509"}],"wp:attachment":[{"href":"https:\/\/www.europesays.com\/fr\/wp-json\/wp\/v2\/media?parent=236075"}],"wp:term":[{"taxonomy":"category","embeddable":true,"href":"https:\/\/www.europesays.com\/fr\/wp-json\/wp\/v2\/categories?post=236075"},{"taxonomy":"post_tag","embeddable":true,"href":"https:\/\/www.europesays.com\/fr\/wp-json\/wp\/v2\/tags?post=236075"}],"curies":[{"name":"wp","href":"https:\/\/api.w.org\/{rel}","templated":true}]}}