{"id":236080,"date":"2025-07-08T21:27:11","date_gmt":"2025-07-08T21:27:11","guid":{"rendered":"https:\/\/www.europesays.com\/fr\/236080\/"},"modified":"2025-07-08T21:27:11","modified_gmt":"2025-07-08T21:27:11","slug":"malgre-les-tensions-les-services-secrets-francais-toujours-en-contact-avec-la-russie-et-lalgerie-selon-le-patron-de-la-dgse","status":"publish","type":"post","link":"https:\/\/www.europesays.com\/fr\/236080\/","title":{"rendered":"Malgr\u00e9 les tensions, les services secrets fran\u00e7ais toujours en contact avec la Russie et l&rsquo;Alg\u00e9rie, selon le patron de la DGSE"},"content":{"rendered":"<p>\u00abLes canaux avec les services de renseignement n\u2019ont jamais \u00e9t\u00e9 interrompus\u00bb, se f\u00e9licite Nicolas Lerner, malgr\u00e9 les fortes tensions politiques avec ces pays.<\/p>\n<p class=\"fig-paragraph\">Maintenir, en coulisse, la coop\u00e9ration. \u00abNous parlons avec la quasi-totalit\u00e9 des services de s\u00e9curit\u00e9 du monde\u00bb a d\u00e9clar\u00e9\u00a0<a href=\"http:\/\/www.lefigaro.fr\/actualite-france\/nicolas-lerner-nomme-a-la-tete-de-la-dgse-20231220\" data-fig-type=\"NewsFlash\" data-gtm-custom-categorie=\"navigation\" data-gtm-custom-action=\"crossclick\" data-gtm-custom-label=\"Contextuel\" data-gtm-event=\"customEventSPE\" data-fig-domain=\"LEFIGARO\" target=\"_blank\" rel=\"noopener\">Nicolas Lerner<\/a>, directeur de la DGSE, les services de renseignement ext\u00e9rieurs fran\u00e7ais, dans un in\u00e9dit et long entretien \u00e0 la cha\u00eene d\u2019information LCI.<\/p>\n<p class=\"fig-paragraph\">Les<a href=\"http:\/\/www.lefigaro.fr\/international\/ukraine-sahel-les-parlementaires-s-interrogent-sur-le-defaut-d-anticipation-des-services-de-renseignements-20250429\" data-fig-type=\"Article\" data-gtm-custom-categorie=\"navigation\" data-gtm-custom-action=\"crossclick\" data-gtm-custom-label=\"Contextuel\" data-gtm-event=\"customEventSPE\" data-fig-domain=\"LEFIGARO\" target=\"_blank\" rel=\"noopener\">\u00a0services de renseignement<\/a>\u00a0fran\u00e7ais communiquent notamment toujours avec leurs homologues de pays avec lesquels Paris a des relations tr\u00e8s tendues, comme la Russie et l&rsquo;Alg\u00e9rie, et continuent de collaborer, notamment contre la\u00a0<a href=\"http:\/\/www.lefigaro.fr\/politique\/jihadistes-francais-detenus-en-irak-darmanin-revient-sur-ses-propos-et-dement-leur-rapatriement-20250426\" data-fig-type=\"NewsFlash\" data-gtm-custom-categorie=\"navigation\" data-gtm-custom-action=\"crossclick\" data-gtm-custom-label=\"Contextuel\" data-gtm-event=\"customEventSPE\" data-fig-domain=\"LEFIGARO\" target=\"_blank\" rel=\"noopener\">menace djihadiste<\/a>, a affirm\u00e9 mardi le patron des services fran\u00e7ais. \u00abLe principe de maintenir des canaux ouverts entre services est un principe qui ne souffre pratiquement jamais d&rsquo;exception. C&rsquo;est d&rsquo;ailleurs une des forces des \u00e9changes entre services (&#8230;) de faire en sorte que, lorsque les canaux diplomatiques sont ferm\u00e9s, parfois gripp\u00e9s, ce canal entre services reste ouvert\u00bb, a-t-il expliqu\u00e9.<\/p>\n<p>                                    <a class=\"fig-a11y-skip a11y-hidden\" href=\"#fig-a11y-skip-main-inarticle\"><br \/>\n        Passer la publicit\u00e9<br \/>\n    <\/a><\/p>\n<p class=\"fig-paragraph\">Avec la Russie, mise au ban des nations occidentales depuis son invasion \u00e0 grande \u00e9chelle de l&rsquo;Ukraine en 2022, \u00ables canaux avec les services de renseignement n&rsquo;ont jamais \u00e9t\u00e9 interrompus\u00bb, a-t-il dit. \u00abD&rsquo;abord, parce que la coop\u00e9ration en mati\u00e8re de terrorisme islamiste est un imp\u00e9ratif, une r\u00e8gle non-dite. Nous continuons \u00e0 transmettre des informations, nous continuons \u00e0 en recevoir\u00bb, a dit M. Lerner, ajoutant s&rsquo;\u00eatre entretenu lui-m\u00eame \u00ab\u00e0 plusieurs reprises\u00bb et \u00abencore r\u00e9cemment\u00bb avec Sergue\u00ef Narychkine, son homologue du SVR russe.<\/p>\n<p>Menace terroriste<\/p>\n<p class=\"fig-paragraph\">N\u00e9anmoins, \u00abla Russie pose une menace existentielle \u00e0 moyen et long terme pour l&rsquo;Europe, pour nos d\u00e9mocraties, pour nos valeurs\u00bb, a-t-il affirm\u00e9, et les services de s\u00e9curit\u00e9 fran\u00e7ais ont expuls\u00e9 massivement des agents russes. \u00abAvant le d\u00e9but de la guerre en Ukraine, c&rsquo;\u00e9tait pr\u00e8s de 80 agents qui \u00e9taient pr\u00e9sents sur le territoire national. Pr\u00e8s de 50 ont \u00e9t\u00e9 expuls\u00e9s\u00bb, a-t-il dit, expliquant que cela complique les op\u00e9rations russes en France, notamment dans la lutte informationnelle.<\/p>\n<p class=\"fig-paragraph\">Avec l&rsquo;Alg\u00e9rie, dont les relations avec la France traversent depuis l&rsquo;\u00e9t\u00e9 dernier une profonde crise, \u00abj&rsquo;entretiens des relations d&rsquo;\u00e9change avec mes homologues alg\u00e9riens et c&rsquo;est important dans le contexte que connaissent actuellement nos deux pays\u00bb. \u00abLe risque terroriste demeure aujourd&rsquo;hui encore extr\u00eamement \u00e9lev\u00e9\u00bb, a-t-il rappel\u00e9. \u00abAujourd&rsquo;hui, l&rsquo;\u00e9change d&rsquo;informations sur les menaces susceptibles de viser r\u00e9ciproquement nos pays se poursuit et nous veillons \u00e0 ce qu&rsquo;ils se poursuive\u00bb, a-t-il dit, tout en admettant que la densit\u00e9 des \u00e9changes est moindre que par le pass\u00e9.<\/p>\n","protected":false},"excerpt":{"rendered":"\u00abLes canaux avec les services de renseignement n\u2019ont jamais \u00e9t\u00e9 interrompus\u00bb, se f\u00e9licite Nicolas Lerner, malgr\u00e9 les fortes&hellip;\n","protected":false},"author":2,"featured_media":236081,"comment_status":"","ping_status":"","sticky":false,"template":"","format":"standard","meta":{"footnotes":""},"categories":[1591],"tags":[11,15,1887,12,1885,1886,132,656],"class_list":{"0":"post-236080","1":"post","2":"type-post","3":"status-publish","4":"format-standard","5":"has-post-thumbnail","7":"category-russie","8":"tag-actualites","9":"tag-algerie","10":"tag-federation-de-russie","11":"tag-news","12":"tag-russia","13":"tag-russian-federation","14":"tag-russie","15":"tag-securite"},"share_on_mastodon":{"url":"https:\/\/pubeurope.com\/@fr\/114819736788365241","error":""},"_links":{"self":[{"href":"https:\/\/www.europesays.com\/fr\/wp-json\/wp\/v2\/posts\/236080","targetHints":{"allow":["GET"]}}],"collection":[{"href":"https:\/\/www.europesays.com\/fr\/wp-json\/wp\/v2\/posts"}],"about":[{"href":"https:\/\/www.europesays.com\/fr\/wp-json\/wp\/v2\/types\/post"}],"author":[{"embeddable":true,"href":"https:\/\/www.europesays.com\/fr\/wp-json\/wp\/v2\/users\/2"}],"replies":[{"embeddable":true,"href":"https:\/\/www.europesays.com\/fr\/wp-json\/wp\/v2\/comments?post=236080"}],"version-history":[{"count":0,"href":"https:\/\/www.europesays.com\/fr\/wp-json\/wp\/v2\/posts\/236080\/revisions"}],"wp:featuredmedia":[{"embeddable":true,"href":"https:\/\/www.europesays.com\/fr\/wp-json\/wp\/v2\/media\/236081"}],"wp:attachment":[{"href":"https:\/\/www.europesays.com\/fr\/wp-json\/wp\/v2\/media?parent=236080"}],"wp:term":[{"taxonomy":"category","embeddable":true,"href":"https:\/\/www.europesays.com\/fr\/wp-json\/wp\/v2\/categories?post=236080"},{"taxonomy":"post_tag","embeddable":true,"href":"https:\/\/www.europesays.com\/fr\/wp-json\/wp\/v2\/tags?post=236080"}],"curies":[{"name":"wp","href":"https:\/\/api.w.org\/{rel}","templated":true}]}}